{"id":31961,"date":"2025-04-17T15:28:39","date_gmt":"2025-04-17T15:28:39","guid":{"rendered":"https:\/\/www.europesays.com\/fr\/31961\/"},"modified":"2025-04-17T15:28:39","modified_gmt":"2025-04-17T15:28:39","slug":"une-premiere-image-du-tournage-avec-matt-pokora-et-santa-devoilee-photo","status":"publish","type":"post","link":"https:\/\/www.europesays.com\/fr\/31961\/","title":{"rendered":"Une premi\u00e8re image du tournage avec Matt Pokora et Santa d\u00e9voil\u00e9e ! (PHOTO)"},"content":{"rendered":"<p>Dans quelques mois, TF1 lancera la saison 11 de The Voice Kids avec un jury in\u00e9dit compos\u00e9 de Patrick Fiori, Soprano, Santa et M Pokora. Les quatre coachs sont apparus dans une premi\u00e8re photo officielle alors que le tournage de l&rsquo;\u00e9mission anim\u00e9e par Nikos Aliagas vient de d\u00e9marrer.<\/p>\n<p>L&rsquo;un des temps forts de la future grille des programmes de TF1 est en cours de tournage. L&rsquo;enregistrement de la prochaine saison de<a href=\"https:\/\/www.programme-tv.net\/\/news\/tv\/374738-on-connait-les-coachs-de-la-prochaine-saison-de-the-voice-kids-et-il-y-a-une-surprise\/\" target=\"_blank\" rel=\"noopener\"> The Voice Kids<\/a>, la onzi\u00e8me du nom, a officiellement d\u00e9marr\u00e9, comme l&rsquo;a annonc\u00e9 la production ce mardi 15\u00a0avril en partageant une photo des quatre coachs r\u00e9unis. Apr\u00e8s une saison 2024 qui avait vu <a href=\"https:\/\/www.programme-tv.net\/\/news\/tv\/361458-a-mon-mariage-lara-fabian-the-voice-kids-2024-revele-une-anecdote-sur-son-couple-avec-gabriel-di-giorgio\/\" target=\"_blank\" rel=\"noopener\">Lara Fabian<\/a>, <a href=\"https:\/\/www.programme-tv.net\/\/news\/tv\/361588-j-ai-demande-l-accord-de-slimane-l-astuce-geniale-de-coline-the-voice-kids-2024-pour-reussir-son-passage-sur-la-demi-finale\/\" target=\"_blank\" rel=\"noopener\">Slimane<\/a> et <a href=\"https:\/\/www.programme-tv.net\/\/news\/tv\/362140-je-voulais-le-laisser-tranquille-claudio-capeo-evoque-ses-retrouvailles-avec-kendji-girac-dans-les-coulisses-de-the-voice-kids\/\" target=\"_blank\" rel=\"noopener\">Claudio Cap\u00e9o<\/a> officier aux c\u00f4t\u00e9s de <a href=\"https:\/\/www.programme-tv.net\/\/news\/tv\/360104-jai-fini-de-me-battre-contre-toi-lara-fabian-the-voice-kids-2024-taquine-patrick-fiori-avec-qui-elle-a-ete-en-couple\/\" target=\"_blank\" rel=\"noopener\">Patrick Fiori<\/a>, <b>la production et la cha\u00eene ont d\u00e9cid\u00e9 d&rsquo;offrir au t\u00e9l\u00e9crochet une seconde jeunesse<\/b> avec un jury largement modifi\u00e9 qui promet d&rsquo;apporter un souffle nouveau \u00e0 l&rsquo;\u00e9mission. Patrick Fiori, figure embl\u00e9matique du programme, reste fid\u00e8le au poste pour sa sixi\u00e8me participation cons\u00e9cutive.<\/p>\n<p>M Pokora s&rsquo;exprime \u00e0 propos de son retour sur TF1\u00a0: \u00ab\u00a0Quand j&rsquo;ai fait The Voice Kids, je n&rsquo;\u00e9tais pas papa\u00a0\u00bb<\/p>\n<p>Le chanteur, qui compte d\u00e9j\u00e0 quatre victoires \u00e0 son palmar\u00e8s, sera entour\u00e9 de visages bien connus du public mais absents des fauteuils rouges depuis plusieurs saisons. <a href=\"https:\/\/www.programme-tv.net\/\/news\/tv\/374080-il-y-a-une-rumeur-matt-pokora-de-retour-dans-the-voice-kids-gene-le-chanteur-repond-et-revient-sur-son-experience-de-coach-dans-l-emission\/\" target=\"_blank\" rel=\"noopener\">M Pokora<\/a> fait son grand retour apr\u00e8s huit ans d&rsquo;absence. L&rsquo;artiste retrouve une \u00e9mission qu&rsquo;il conna\u00eet bien pour avoir d\u00e9j\u00e0 remport\u00e9 un troph\u00e9e en deux participations. \u00ab\u00a0Ce qui m&rsquo;a excit\u00e9 l\u00e0-dedans, c&rsquo;\u00e9tait de me dire\u00a0: &lsquo;Attends, quand j&rsquo;ai fait The Voice Kids, je n&rsquo;\u00e9tais pas papa.&rsquo; <b>Je n&rsquo;avais pas cette sensibilit\u00e9, je ne savais pas comment parler \u00e0 un enfant un peu fragile<\/b>. J&rsquo;\u00e9tais fort avec les ados de 14-15 ans, avec un c\u00f4t\u00e9 grand fr\u00e8re, mais les petits, tout en mignonnerie, m&rsquo;\u00e9chappaient tout le temps\u00a0\u00bb, a-t-il confi\u00e9 \u00e0 nos confr\u00e8res de <a href=\"https:\/\/www.programme-television.org\/news\/tv\/emissions-tele\/m-pokora-de-retour-dans-the-voice-kids-tf1-je-voulais-le-refaire-avec-ma-sensibilite-de-papa-exclu-4739540\" target=\"_blank\" rel=\"noopener\">T\u00e9l\u00e9 7 Jours<\/a>.<\/p>\n<p>                        \u00ab\u00a0Quel honneur\u00a0\u00bb\u00a0: Santa partage sa joie \u00e0 l&rsquo;id\u00e9e d&rsquo;int\u00e9grer le banc des coachs de The Voice Kids 2025 sur TF1<\/p>\n<p><a href=\"https:\/\/www.programme-tv.net\/\/news\/tv\/282366-soprano-confirme-son-depart-de-the-voice-kids-cette-annee-cetait-un-peu-complique\/\" target=\"_blank\" rel=\"noopener\">Soprano<\/a> reprend \u00e9galement sa place dans l&rsquo;un des fauteuils rouges apr\u00e8s avoir offici\u00e9 lors des saisons 5, 6 et 7. Celui qui n&rsquo;a jamais remport\u00e9 une \u00e9dition compte faire un retour en force. <b>Mais la grande nouveaut\u00e9 de cette saison est l&rsquo;arriv\u00e9e de <\/b><a href=\"https:\/\/www.programme-tv.net\/\/news\/musique\/371712-santa-avoue-qu-elle-aimerait-ecrire-l-hymne-des-enfoires-il-faut-que-ce-soit-vindicatif\/\" target=\"_blank\" rel=\"noopener\"><b>Santa<\/b><\/a><b> dans le jury<\/b>. L&rsquo;auteure-compositrice-interpr\u00e8te, r\u00e9v\u00e9l\u00e9e par le groupe Hyphen Hyphen, fera ses premiers pas en tant que coach. \u00ab\u00a0J&rsquo;arrive\u00a0! Quel honneur d&rsquo;int\u00e9grer l&rsquo;\u00e9quipe de coachs\u00a0! H\u00e2te de rencontrer ces bout&rsquo;chous et leur talent\u00a0\u00bb, a-t-elle \u00e9crit sur <a href=\"https:\/\/www.instagram.com\/p\/DH29lDog5Tu\/?hl=fr&amp;img_index=1\" target=\"_blank\" rel=\"noopener\">Instagram<\/a>. Cette joyeuse troupe s&rsquo;affiche tout sourire dans une premi\u00e8re photo officielle \u00e0 d\u00e9couvrir ci-dessous.<\/p>\n<blockquote class=\"instagram-media\" data-instgrm-captioned=\"\" data-instgrm-permalink=\"https:\/\/www.instagram.com\/p\/DIeO_E5tq36\/?utm_source=ig_embed&amp;utm_campaign=loading\" data-instgrm-version=\"14\" style=\" background:#FFF; border:0; border-radius:3px; box-shadow:0 0 1px 0 rgba(0,0,0,0.5),0 1px 10px 0 rgba(0,0,0,0.15); margin: 1px; max-width:658px; min-width:326px; padding:0; width:99.375%; width:-webkit-calc(100% - 2px); width:calc(100% - 2px);\"\/>\n<p>        <script async src=\"\/\/www.instagram.com\/embed.js\"><\/script><\/p>\n","protected":false},"excerpt":{"rendered":"Dans quelques mois, TF1 lancera la saison 11 de The Voice Kids avec un jury in\u00e9dit compos\u00e9 de&hellip;\n","protected":false},"author":2,"featured_media":31962,"comment_status":"","ping_status":"","sticky":false,"template":"","format":"standard","meta":{"footnotes":""},"categories":[1356],"tags":[1111,244,58,59,1011,27,10824,10827,9644,10825,10826,252,199,3074,10828,1364,9989],"class_list":{"0":"post-31961","1":"post","2":"type-post","3":"status-publish","4":"format-standard","5":"has-post-thumbnail","7":"category-television","8":"tag-actu","9":"tag-commentaire","10":"tag-divertissement","11":"tag-entertainment","12":"tag-fr","13":"tag-france","14":"tag-m-pokora","15":"tag-nikos-aliagas","16":"tag-patrick-fiori","17":"tag-santa-hyphen-hyphen","18":"tag-soprano","19":"tag-television","20":"tag-tf1","21":"tag-the-voice","22":"tag-the-voice-kids","23":"tag-tv","24":"tag-wochit"},"share_on_mastodon":{"url":"https:\/\/pubeurope.com\/@fr\/114354015670247676","error":""},"_links":{"self":[{"href":"https:\/\/www.europesays.com\/fr\/wp-json\/wp\/v2\/posts\/31961","targetHints":{"allow":["GET"]}}],"collection":[{"href":"https:\/\/www.europesays.com\/fr\/wp-json\/wp\/v2\/posts"}],"about":[{"href":"https:\/\/www.europesays.com\/fr\/wp-json\/wp\/v2\/types\/post"}],"author":[{"embeddable":true,"href":"https:\/\/www.europesays.com\/fr\/wp-json\/wp\/v2\/users\/2"}],"replies":[{"embeddable":true,"href":"https:\/\/www.europesays.com\/fr\/wp-json\/wp\/v2\/comments?post=31961"}],"version-history":[{"count":0,"href":"https:\/\/www.europesays.com\/fr\/wp-json\/wp\/v2\/posts\/31961\/revisions"}],"wp:featuredmedia":[{"embeddable":true,"href":"https:\/\/www.europesays.com\/fr\/wp-json\/wp\/v2\/media\/31962"}],"wp:attachment":[{"href":"https:\/\/www.europesays.com\/fr\/wp-json\/wp\/v2\/media?parent=31961"}],"wp:term":[{"taxonomy":"category","embeddable":true,"href":"https:\/\/www.europesays.com\/fr\/wp-json\/wp\/v2\/categories?post=31961"},{"taxonomy":"post_tag","embeddable":true,"href":"https:\/\/www.europesays.com\/fr\/wp-json\/wp\/v2\/tags?post=31961"}],"curies":[{"name":"wp","href":"https:\/\/api.w.org\/{rel}","templated":true}]}}