{"id":319615,"date":"2025-08-14T23:15:34","date_gmt":"2025-08-14T23:15:34","guid":{"rendered":"https:\/\/www.europesays.com\/fr\/319615\/"},"modified":"2025-08-14T23:15:34","modified_gmt":"2025-08-14T23:15:34","slug":"un-brondby-epatant-renverse-reykjavik-4-0-et-defiera-strasbourg-alsasports","status":"publish","type":"post","link":"https:\/\/www.europesays.com\/fr\/319615\/","title":{"rendered":"Un Br\u00f8ndby \u00e9patant renverse Reykjav\u00edk (4-0) et d\u00e9fiera Strasbourg ! \u2014 Alsa&rsquo;Sports"},"content":{"rendered":"<p><strong>Corrig\u00e9 au match aller en Islande (3-0), Br\u00f8ndby a tout renvers\u00e9 ce soir au retour en \u00e9crasant Reykjav\u00edk 4-0 en inf\u00e9riorit\u00e9 num\u00e9rique. Et d\u00e9fiera le Racing dans une semaine \u00e0 la Meinau.<\/strong><\/p>\n<p>D\u00e9cid\u00e9ment, ce troisi\u00e8me tour pr\u00e9liminaire entre Br\u00f8ndby et Reykjav\u00edk nous aura r\u00e9serv\u00e9 un spectacle digne de ce nom. Au match aller, d\u00e9j\u00e0, lorsque les Islandais corrigeaient des Danois favoris (3-0) \u00e0 la surprise g\u00e9n\u00e9rale. Reykjav\u00edk \u00e9tait alors en route pour un superbe exploit et bon nombre de Strasbourgeois s\u2019attendaient d\u00e9j\u00e0 \u00e0 visiter l\u2019Islande \u00e0 la fin du mois. Mais le match retour disput\u00e9 ce jeudi soir dans le Br\u00f8ndby Stadion a tr\u00e8s mal tourn\u00e9 pour les Islandais, s\u00e9v\u00e8rement balay\u00e9s 4-0 en terrain hostile.<\/p>\n<p>Et comme si ce l\u2019\u00e9cart n\u2019\u00e9tait pas suffisant, Br\u00f8ndby a \u00e9cras\u00e9 son adversaire \u00e0 10 contre 11, apr\u00e8s l\u2019expulsion de Cl\u00e9ment Bischoff \u00e0 la 18\u00e8me minute de jeu, qui sera par ailleurs suspendu face au Racing. Une difficult\u00e9 ? Tout le contraire pour les Danois qui ont d\u00e9roul\u00e9 de fa\u00e7on spectaculaire (Nicolai Vallys, 45+2\u2032, 53\u2032 \u2013 Filip Bundgaard, 57\u2032 \u2013 Mats Kohlert, 71\u2032). Br\u00f8ndby se qualifie et se rendra \u00e0 la Meinau jeudi prochain pour le barrage aller de Ligue Conf\u00e9rence, avant de recevoir Strasbourg une semaine plus tard. \u00c0 la cl\u00e9, un ticket pour la prochaine phase de ligue de la Ligue Conf\u00e9rence.<\/p>\n","protected":false},"excerpt":{"rendered":"Corrig\u00e9 au match aller en Islande (3-0), Br\u00f8ndby a tout renvers\u00e9 ce soir au retour en \u00e9crasant Reykjav\u00edk&hellip;\n","protected":false},"author":2,"featured_media":319616,"comment_status":"","ping_status":"","sticky":false,"template":"","format":"standard","meta":{"footnotes":""},"categories":[2820],"tags":[1111,11,1777,674,63,1011,27,775,43670,12,4448,25,640],"class_list":{"0":"post-319615","1":"post","2":"type-post","3":"status-publish","4":"format-standard","5":"has-post-thumbnail","7":"category-strasbourg","8":"tag-actu","9":"tag-actualites","10":"tag-eu","11":"tag-europe","12":"tag-football","13":"tag-fr","14":"tag-france","15":"tag-grand-est","16":"tag-ligue-conference","17":"tag-news","18":"tag-rc-strasbourg","19":"tag-republique-francaise","20":"tag-strasbourg"},"share_on_mastodon":{"url":"https:\/\/pubeurope.com\/@fr\/115029666975678789","error":""},"_links":{"self":[{"href":"https:\/\/www.europesays.com\/fr\/wp-json\/wp\/v2\/posts\/319615","targetHints":{"allow":["GET"]}}],"collection":[{"href":"https:\/\/www.europesays.com\/fr\/wp-json\/wp\/v2\/posts"}],"about":[{"href":"https:\/\/www.europesays.com\/fr\/wp-json\/wp\/v2\/types\/post"}],"author":[{"embeddable":true,"href":"https:\/\/www.europesays.com\/fr\/wp-json\/wp\/v2\/users\/2"}],"replies":[{"embeddable":true,"href":"https:\/\/www.europesays.com\/fr\/wp-json\/wp\/v2\/comments?post=319615"}],"version-history":[{"count":0,"href":"https:\/\/www.europesays.com\/fr\/wp-json\/wp\/v2\/posts\/319615\/revisions"}],"wp:featuredmedia":[{"embeddable":true,"href":"https:\/\/www.europesays.com\/fr\/wp-json\/wp\/v2\/media\/319616"}],"wp:attachment":[{"href":"https:\/\/www.europesays.com\/fr\/wp-json\/wp\/v2\/media?parent=319615"}],"wp:term":[{"taxonomy":"category","embeddable":true,"href":"https:\/\/www.europesays.com\/fr\/wp-json\/wp\/v2\/categories?post=319615"},{"taxonomy":"post_tag","embeddable":true,"href":"https:\/\/www.europesays.com\/fr\/wp-json\/wp\/v2\/tags?post=319615"}],"curies":[{"name":"wp","href":"https:\/\/api.w.org\/{rel}","templated":true}]}}