{"id":319617,"date":"2025-08-14T23:16:10","date_gmt":"2025-08-14T23:16:10","guid":{"rendered":"https:\/\/www.europesays.com\/fr\/319617\/"},"modified":"2025-08-14T23:16:10","modified_gmt":"2025-08-14T23:16:10","slug":"previsions-du-vendredi-15-aout-2025","status":"publish","type":"post","link":"https:\/\/www.europesays.com\/fr\/319617\/","title":{"rendered":"pr\u00e9visions du vendredi 15 ao\u00fbt 2025"},"content":{"rendered":"<p>Nice va vivre une belle journ\u00e9e tr\u00e8s ensoleill\u00e9e. Les temp\u00e9ratures s&rsquo;\u00e9chelonneront entre 23 et 31\u00b0C. La matin\u00e9e va \u00eatre vraiment suffocante : pr\u00e8s de 30\u00b0C. Il va faire en moyenne 28\u00b0C. Un vent de nord-ouest rafra\u00eechira sensiblement l&rsquo;atmosph\u00e8re. D\u00e8s l&rsquo;apr\u00e8s-midi, les valeurs \u00e9volueront entre 27 et 31\u2009\u00b0C. Les temp\u00e9ratures seront comprises entre 27\u00b0C et 31\u00b0C. Des pluies \u00e9parses vont tomber tout au long de la soir\u00e9e. Une nuit claire vous attendra entre vendredi et samedi.<\/p>\n<p>Demain, un grand soleil rayonnera sur Nice. Le temps va se r\u00e9chauffer avec une augmentation de quelques degr\u00e9s. De tr\u00e8s importantes chaleurs (entre 24\u00b0C et 31\u00b0C) sont pr\u00e9vues. Les valeurs afficheront entre 24 et 31\u00b0C. Un petit vent de nord-ouest sera ressenti par les habitants. La p\u00e9riode de fortes chaleurs est bien l\u00e0, avec des temp\u00e9ratures qui risqueront de monter jusqu&rsquo;\u00e0 31\u00b0C le matin. La ville va subir, demain apr\u00e8s-midi, une vague de grosses chaleurs avec des valeurs qui atteindront parfois les 30\u00b0C. On anticipe des temp\u00e9ratures avoisinant 30\u00b0C.<\/p>\n<p>Les jours suivants s&rsquo;annoncent identiques. Le temps sera ensoleill\u00e9 avec des temp\u00e9ratures d&rsquo;environ 28\u00b0C.<\/p>\n<p>Aujourd&rsquo;hui est une journ\u00e9e f\u00e9ri\u00e9e \u00e0 l&rsquo;occasion de l&rsquo;Assomption. Auparavant, c&rsquo;\u00e9tait la f\u00eate nationale que l&rsquo;on c\u00e9l\u00e9brait \u00e0 cette date.<\/p>\n","protected":false},"excerpt":{"rendered":"Nice va vivre une belle journ\u00e9e tr\u00e8s ensoleill\u00e9e. Les temp\u00e9ratures s&rsquo;\u00e9chelonneront entre 23 et 31\u00b0C. La matin\u00e9e va&hellip;\n","protected":false},"author":2,"featured_media":319618,"comment_status":"","ping_status":"","sticky":false,"template":"","format":"standard","meta":{"footnotes":""},"categories":[2819],"tags":[1111,11,2898,1777,674,1011,27,12,2401,883,2119,882,25],"class_list":{"0":"post-319617","1":"post","2":"type-post","3":"status-publish","4":"format-standard","5":"has-post-thumbnail","7":"category-nice","8":"tag-actu","9":"tag-actualites","10":"tag-alpes-maritimes","11":"tag-eu","12":"tag-europe","13":"tag-fr","14":"tag-france","15":"tag-news","16":"tag-nice","17":"tag-paca","18":"tag-previsions-meteo","19":"tag-provence-alpes-cote-dazur","20":"tag-republique-francaise"},"share_on_mastodon":{"url":"https:\/\/pubeurope.com\/@fr\/115029671088626615","error":""},"_links":{"self":[{"href":"https:\/\/www.europesays.com\/fr\/wp-json\/wp\/v2\/posts\/319617","targetHints":{"allow":["GET"]}}],"collection":[{"href":"https:\/\/www.europesays.com\/fr\/wp-json\/wp\/v2\/posts"}],"about":[{"href":"https:\/\/www.europesays.com\/fr\/wp-json\/wp\/v2\/types\/post"}],"author":[{"embeddable":true,"href":"https:\/\/www.europesays.com\/fr\/wp-json\/wp\/v2\/users\/2"}],"replies":[{"embeddable":true,"href":"https:\/\/www.europesays.com\/fr\/wp-json\/wp\/v2\/comments?post=319617"}],"version-history":[{"count":0,"href":"https:\/\/www.europesays.com\/fr\/wp-json\/wp\/v2\/posts\/319617\/revisions"}],"wp:featuredmedia":[{"embeddable":true,"href":"https:\/\/www.europesays.com\/fr\/wp-json\/wp\/v2\/media\/319618"}],"wp:attachment":[{"href":"https:\/\/www.europesays.com\/fr\/wp-json\/wp\/v2\/media?parent=319617"}],"wp:term":[{"taxonomy":"category","embeddable":true,"href":"https:\/\/www.europesays.com\/fr\/wp-json\/wp\/v2\/categories?post=319617"},{"taxonomy":"post_tag","embeddable":true,"href":"https:\/\/www.europesays.com\/fr\/wp-json\/wp\/v2\/tags?post=319617"}],"curies":[{"name":"wp","href":"https:\/\/api.w.org\/{rel}","templated":true}]}}