{"id":319625,"date":"2025-08-14T23:26:11","date_gmt":"2025-08-14T23:26:11","guid":{"rendered":"https:\/\/www.europesays.com\/fr\/319625\/"},"modified":"2025-08-14T23:26:11","modified_gmt":"2025-08-14T23:26:11","slug":"13-tonne-de-cocaine-saisie-dans-un-camion-pres-de-bordeaux","status":"publish","type":"post","link":"https:\/\/www.europesays.com\/fr\/319625\/","title":{"rendered":"1,3 tonne de coca\u00efne saisie dans un camion pr\u00e8s de Bordeaux"},"content":{"rendered":"<p>Quand ils ont ouvert les portes du camion, stopp\u00e9 sur l&rsquo;autoroute A63 \u00e0 hauteur de la commune de Sestas (Gironde), les gendarmes de la section de recherche de Bordeaux ne s&rsquo;attendaient pas \u00e0 tomber sur un chargement aussi cons\u00e9quent\u00a0:\u00a01\u00a0tonne et 345\u00a0kg de coca\u00efne, cach\u00e9e dans des caisses en bois. \u00ab\u00a0Une saisie de cet ordre, de cette drogue dure, dans un poids lourd remontant d&rsquo;Espagne, est assez rare, et m\u00eame exceptionnelle\u00a0\u00bb, indique au Point le lieutenant-colonel Denis Ritter, adjoint au commandant de la SR. Les prises de plus d&rsquo;une tonne de coca\u00efne ont le plus souvent lieu dans les zones a\u00e9roportuaires.<\/p>\n<p>Le point du soir<\/p>\n<p class=\"period\">Tous les soirs \u00e0 partir de 18h<\/p>\n<p>Recevez l\u2019information analys\u00e9e et d\u00e9crypt\u00e9e par la r\u00e9daction du Point.<\/p>\n<p>Merci !<br \/>Votre inscription a bien \u00e9t\u00e9 prise en compte avec l&rsquo;adresse email :<\/p>\n<p>Pour d\u00e9couvrir toutes nos autres newsletters, rendez-vous ici : <a href=\"https:\/\/moncompte.lepoint.fr\/\" title=\"\" rel=\"nofollow noopener\" target=\"_blank\">MonCompte<\/a><\/p>\n<p>En vous inscrivant, vous acceptez les <a href=\"https:\/\/www.lepoint.fr\/html\/cgu\/\" title=\"Conditions g\u00e9n\u00e9rales d&#039;utilisation\" rel=\"nofollow noopener\" target=\"_blank\">conditions g\u00e9n\u00e9rales d\u2019utilisations<\/a> et notre <a href=\"https:\/\/www.lepoint.fr\/html\/politique-de-protection-donnees-personnelles\/\" title=\"Politique de confidentialit\u00e9\" rel=\"nofollow noopener\" target=\"_blank\">politique de confidentialit\u00e9<\/a>.<\/p>\n<p>Selon le ministre de l&rsquo;Int\u00e9rieur sur X, tout est parti d&rsquo;un renseignement transmis \u00e0 la section de recherche par la Guardia Civile le mois dernier. Les Espagnols signalaient alors que ce camion \u00e9tait soup\u00e7onn\u00e9 de participer \u00e0 un trafic de stup\u00e9fiants entre l&rsquo;Espagne et la France. Charg\u00e9s de l&rsquo;enqu\u00eate, les gendarmes de la SR ont identifi\u00e9 deux trajets de ce v\u00e9hicule\u00a0\u00e0 destination du nord de l&rsquo;Europe, selon le Procureur de la R\u00e9publique de Bordeaux Renaud Gaudeul. Ayant \u00e9t\u00e9 avertis d&rsquo;un nouveau convoi en cours ce dimanche 10\u00a0ao\u00fbt, les forces de l&rsquo;ordre l&rsquo;ont contr\u00f4l\u00e9 dans la foul\u00e9e alors qu&rsquo;il remontait l&rsquo;A63.<\/p>\n<p>Une saisie d&rsquo;une valeur de\u00a030\u00a0\u00e0 40\u00a0millions d&rsquo;euros<\/p>\n<p>\n\u00c0 D\u00e9couvrir<br \/>\n<strong class=\"discover-kangourou__line\"><br \/>\n<img decoding=\"async\" class=\"discover-kangourou__img\" src=\"https:\/\/static.lpnt.fr\/static\/img\/kangourou\/kangourou_filled.svg\"\/><br \/>\n<strong class=\"discover-kangourou__txt\"><br \/>\n<strong>Le Kangourou du jour<\/strong><br \/>\n<a href=\"https:\/\/kangourou.lepoint.fr\" title=\"kangourou\" data-gtm-cta=\"kangourou_article\" class=\"discover-kangourou__lnk\" rel=\"nofollow noopener\" target=\"_blank\"><br \/>\nR\u00e9pondre<br \/>\n<\/a><br \/>\n<\/strong><br \/>\n<\/strong><br \/>\nAu vu de l&rsquo;ampleur de la cargaison et \u00ab\u00a0de la dimension manifestement organis\u00e9e et internationale des faits, le parquet de la juridiction interr\u00e9gionale sp\u00e9cialis\u00e9e de Bordeaux reprenait la direction de l&rsquo;enqu\u00eate, confi\u00e9e en co-saisine \u00e0 la SR de Bordeaux et \u00e0 l&rsquo;antenne Ofast\u00a0\u00bb, indique le procureur, \u00ab\u00a0avec l&rsquo;appui notamment de l&rsquo;Unit\u00e9 nationale d&rsquo;investigation\u00a0\u00bb. Selon les informations du Point, le chauffeur du poids lourd, un Espagnol de 36\u00a0ans, a reconnu \u00e0 demi-mot en garde \u00e0 vue avoir connaissance de la nature de son chargement. Il \u00e9tait jusque-l\u00e0 inconnu des services de s\u00e9curit\u00e9 fran\u00e7ais, sans que l&rsquo;on sache s&rsquo;il en \u00e9tait de m\u00eame dans son pays. Mais il ne s&rsquo;agit que du convoyeur. \u00ab\u00a0Les investigations vont devoir permettre de trouver les complices et de remonter la cha\u00eene de commandement de ce trafic\u00a0\u00bb, poursuit le lieutenant-colonel Ritter, \u00ab\u00a0mais aussi de d\u00e9terminer depuis quand cette fili\u00e8re \u00e9tait en place et si une partie de la drogue \u00e9tait destin\u00e9e au march\u00e9 fran\u00e7ais\u00a0\u00bb.<\/p>\n<p>La valeur marchande de la drogue saisie est estim\u00e9e entre\u00a030\u00a0et 40\u00a0millions d&rsquo;euros pour une revente en semi-gros, a indiqu\u00e9 \u00e0 l&rsquo;AFP la colonelle Christelle Tarrolle, cheffe de\u00a0l&rsquo;Unit\u00e9 nationale d&rsquo;investigation (UNI) de la gendarmerie. \u00ab\u00a0Cette nouvelle saisie confirme la tendance d\u00e9j\u00e0 constat\u00e9e du d\u00e9veloppement important d&rsquo;une voie d&rsquo;importation de la coca\u00efne en Europe depuis le sud de l&rsquo;Espagne et du Portugal\u00a0\u00bb, a soulign\u00e9 le procureur. Le suspect interpell\u00e9 \u00e9tait pr\u00e9sent\u00e9 ce jeudi \u00e0 un magistrat en vue d&rsquo;une \u00e9ventuelle mise en examen notamment pour importation de produits stup\u00e9fiants en bande organis\u00e9e. Le parquet a requis son placement en d\u00e9tention provisoire le temps de la poursuite des investigations.<\/p>\n<p>Toute l\u2019actualit\u00e9 \u00e0 1\u20ac le premier mois<\/p>\n<p><a href=\"https:\/\/abo.lepoint.fr\/?provenance=21EDI020098\" class=\"btn\" title=\"S&#039;abonner\" data-gtm=\"click:abo|display:abo\" data-campaign=\"paywall_maison\" rel=\"nofollow noopener\" target=\"_blank\">S&rsquo;abonner<\/a><\/p>\n<p>ou<\/p>\n","protected":false},"excerpt":{"rendered":"Quand ils ont ouvert les portes du camion, stopp\u00e9 sur l&rsquo;autoroute A63 \u00e0 hauteur de la commune de&hellip;\n","protected":false},"author":2,"featured_media":319626,"comment_status":"","ping_status":"","sticky":false,"template":"","format":"standard","meta":{"footnotes":""},"categories":[2817],"tags":[1111,11,1997,1777,674,1011,27,12,2219,25],"class_list":{"0":"post-319625","1":"post","2":"type-post","3":"status-publish","4":"format-standard","5":"has-post-thumbnail","7":"category-bordeaux","8":"tag-actu","9":"tag-actualites","10":"tag-bordeaux","11":"tag-eu","12":"tag-europe","13":"tag-fr","14":"tag-france","15":"tag-news","16":"tag-nouvelle-aquitaine","17":"tag-republique-francaise"},"share_on_mastodon":{"url":"https:\/\/pubeurope.com\/@fr\/115029710554769344","error":""},"_links":{"self":[{"href":"https:\/\/www.europesays.com\/fr\/wp-json\/wp\/v2\/posts\/319625","targetHints":{"allow":["GET"]}}],"collection":[{"href":"https:\/\/www.europesays.com\/fr\/wp-json\/wp\/v2\/posts"}],"about":[{"href":"https:\/\/www.europesays.com\/fr\/wp-json\/wp\/v2\/types\/post"}],"author":[{"embeddable":true,"href":"https:\/\/www.europesays.com\/fr\/wp-json\/wp\/v2\/users\/2"}],"replies":[{"embeddable":true,"href":"https:\/\/www.europesays.com\/fr\/wp-json\/wp\/v2\/comments?post=319625"}],"version-history":[{"count":0,"href":"https:\/\/www.europesays.com\/fr\/wp-json\/wp\/v2\/posts\/319625\/revisions"}],"wp:featuredmedia":[{"embeddable":true,"href":"https:\/\/www.europesays.com\/fr\/wp-json\/wp\/v2\/media\/319626"}],"wp:attachment":[{"href":"https:\/\/www.europesays.com\/fr\/wp-json\/wp\/v2\/media?parent=319625"}],"wp:term":[{"taxonomy":"category","embeddable":true,"href":"https:\/\/www.europesays.com\/fr\/wp-json\/wp\/v2\/categories?post=319625"},{"taxonomy":"post_tag","embeddable":true,"href":"https:\/\/www.europesays.com\/fr\/wp-json\/wp\/v2\/tags?post=319625"}],"curies":[{"name":"wp","href":"https:\/\/api.w.org\/{rel}","templated":true}]}}