{"id":319627,"date":"2025-08-14T23:27:10","date_gmt":"2025-08-14T23:27:10","guid":{"rendered":"https:\/\/www.europesays.com\/fr\/319627\/"},"modified":"2025-08-14T23:27:10","modified_gmt":"2025-08-14T23:27:10","slug":"previsions-du-vendredi-15-aout-2025-3","status":"publish","type":"post","link":"https:\/\/www.europesays.com\/fr\/319627\/","title":{"rendered":"pr\u00e9visions du vendredi 15 ao\u00fbt 2025"},"content":{"rendered":"<p>C&rsquo;est un soleil magnifique qui va briller aujourd&rsquo;hui sur Toulouse. Les importantes chaleurs sont pr\u00e9sentes. Avec des temp\u00e9ratures comprises entre 23 et 38\u00b0C. Un vent d&rsquo;est soufflera un peu, avec 8 km\/h dans la matin\u00e9e. L&rsquo;apr\u00e8s-midi, c&rsquo;est une hausse de plusieurs degr\u00e9s que vont conna\u00eetre les temp\u00e9ratures. Les valeurs maximums annonc\u00e9es sont \u00e9lev\u00e9es, avec 41\u00b0C. La soir\u00e9e va se trouver vraiment suffocante : pr\u00e8s de 37\u00b0C. Le ciel sera d\u00e9pourvu de nuages dans la nuit de vendredi \u00e0 samedi.<\/p>\n<p>Demain, les Toulousains vont pouvoir b\u00e9n\u00e9ficier d&rsquo;un soleil radieux. Le temps va se r\u00e9chauffer avec une augmentation de quelques degr\u00e9s. Les temp\u00e9ratures \u00e9volueront entre 23 et 42\u2009\u00b0C. Un vent de nord-ouest rafra\u00eechira sensiblement l&rsquo;atmosph\u00e8re. Attention \u00e0 la vague de chaud dans la matin\u00e9e. Des valeurs de 25 \u00e0 38\u00b0C sont attendues. Les temp\u00e9ratures vont enregistrer une hausse de plusieurs degr\u00e9s lors de l&rsquo;apr\u00e8s-midi. De tr\u00e8s fortes chaleurs (entre 40\u00b0C et 42\u00b0C) sont pr\u00e9vues. La p\u00e9riode de grosses chaleurs est bien l\u00e0, avec des temp\u00e9ratures qui pourront aller \u00e0 39\u00b0C demain soir.<\/p>\n<p>La m\u00e9t\u00e9o restera stable les jours \u00e0 venir. Des temp\u00e9ratures dans les 39\u00b0C iront de pair avec un ciel ensoleill\u00e9.<\/p>\n<p>Aujourd&rsquo;hui, on c\u00e9l\u00e9brera l&rsquo;Assomption. Notez que cette journ\u00e9e fut celle de la f\u00eate nationale pendant un temps.<\/p>\n","protected":false},"excerpt":{"rendered":"C&rsquo;est un soleil magnifique qui va briller aujourd&rsquo;hui sur Toulouse. Les importantes chaleurs sont pr\u00e9sentes. Avec des temp\u00e9ratures&hellip;\n","protected":false},"author":2,"featured_media":319628,"comment_status":"","ping_status":"","sticky":false,"template":"","format":"standard","meta":{"footnotes":""},"categories":[2816],"tags":[1111,11,1777,674,1011,27,2722,2721,12,2680,2119,25,2312],"class_list":{"0":"post-319627","1":"post","2":"type-post","3":"status-publish","4":"format-standard","5":"has-post-thumbnail","7":"category-toulouse","8":"tag-actu","9":"tag-actualites","10":"tag-eu","11":"tag-europe","12":"tag-fr","13":"tag-france","14":"tag-haute-garonne","15":"tag-midi-pyrenees","16":"tag-news","17":"tag-occitanie","18":"tag-previsions-meteo","19":"tag-republique-francaise","20":"tag-toulouse"},"share_on_mastodon":{"url":"https:\/\/pubeurope.com\/@fr\/115029714086611778","error":""},"_links":{"self":[{"href":"https:\/\/www.europesays.com\/fr\/wp-json\/wp\/v2\/posts\/319627","targetHints":{"allow":["GET"]}}],"collection":[{"href":"https:\/\/www.europesays.com\/fr\/wp-json\/wp\/v2\/posts"}],"about":[{"href":"https:\/\/www.europesays.com\/fr\/wp-json\/wp\/v2\/types\/post"}],"author":[{"embeddable":true,"href":"https:\/\/www.europesays.com\/fr\/wp-json\/wp\/v2\/users\/2"}],"replies":[{"embeddable":true,"href":"https:\/\/www.europesays.com\/fr\/wp-json\/wp\/v2\/comments?post=319627"}],"version-history":[{"count":0,"href":"https:\/\/www.europesays.com\/fr\/wp-json\/wp\/v2\/posts\/319627\/revisions"}],"wp:featuredmedia":[{"embeddable":true,"href":"https:\/\/www.europesays.com\/fr\/wp-json\/wp\/v2\/media\/319628"}],"wp:attachment":[{"href":"https:\/\/www.europesays.com\/fr\/wp-json\/wp\/v2\/media?parent=319627"}],"wp:term":[{"taxonomy":"category","embeddable":true,"href":"https:\/\/www.europesays.com\/fr\/wp-json\/wp\/v2\/categories?post=319627"},{"taxonomy":"post_tag","embeddable":true,"href":"https:\/\/www.europesays.com\/fr\/wp-json\/wp\/v2\/tags?post=319627"}],"curies":[{"name":"wp","href":"https:\/\/api.w.org\/{rel}","templated":true}]}}