{"id":31963,"date":"2025-04-17T15:29:12","date_gmt":"2025-04-17T15:29:12","guid":{"rendered":"https:\/\/www.europesays.com\/fr\/31963\/"},"modified":"2025-04-17T15:29:12","modified_gmt":"2025-04-17T15:29:12","slug":"sheila-pas-triste-du-tout-detre-absente-des-enfoires-elle-explique-pourquoi","status":"publish","type":"post","link":"https:\/\/www.europesays.com\/fr\/31963\/","title":{"rendered":"Sheila pas triste du tout d&rsquo;\u00eatre absente des Enfoir\u00e9s, elle explique pourquoi"},"content":{"rendered":"<p>\u00c0 79 ans, Sheila sort \u00c0 l&rsquo;avenir, le 28e album de sa carri\u00e8re. \u00ab\u00a0J&rsquo;ai quatre g\u00e9n\u00e9rations dans les salles, plus les gens qui sont arriv\u00e9s avec le disco. [\u2026] \u00c7a fait 63 ans que je chante. \u00c9videmment sur mes chansons ils ont aim\u00e9, pleur\u00e9\u2026 Il y a une vie en commun. C&rsquo;est pour \u00e7a que c&rsquo;est int\u00e9ressant, et que je continue. Parce que j&rsquo;ai un rapport avec les gens qui passe au-del\u00e0 des chansons.\u00a0\u00bb Au micro de <a href=\"https:\/\/www.sudradio.fr\/\" target=\"_blank\" rel=\"noopener\">Sud Radio<\/a>, mercredi 16 avril 2025, la chanteuse revient sur sa longue carri\u00e8re et sur la suite de celle-ci. Elle se confie sur son amour du m\u00e9tier, mais aussi de ce partage qu&rsquo;elle a avec son public. Un moment de confession au cours duquel elle est notamment interrog\u00e9e sur son absence de la troupe des Enfoir\u00e9s. Un sujet sur lequel Sheila s&rsquo;\u00e9tait d\u00e9j\u00e0 exprim\u00e9e par le pass\u00e9, et son avis n&rsquo;a pas chang\u00e9.<\/p>\n<p>\u00ab\u00a0Citez-moi les derniers de ma g\u00e9n\u00e9ration\u00a0\u00bb\u00a0: Sheila au sujet des membres de la troupe des Enfoir\u00e9s<\/p>\n<p>En 2022, l&rsquo;interpr\u00e8te de L&rsquo;\u00e9cole est finie, Les Rois Mages et Spacer avait \u00e9t\u00e9 invit\u00e9e de l&rsquo;\u00e9mission On refait la t\u00e9l\u00e9 sur RTL. D\u00e9j\u00e0 l\u00e0, elle avait d\u00e9clar\u00e9 ne pas particuli\u00e8rement souhaiter \u00eatre associ\u00e9e \u00e0 la troupe. \u00ab\u00a0\u00c7a a pris une tournure que personnellement, je n\u2019aime pas. <a href=\"https:\/\/www.programme-tv.net\/\/news\/musique\/309895-cest-un-clan-sheila-balance-sur-les-enfoires-qui-restent-entre-eux-et-ne-lont-jamais-invitee-video\/\" target=\"_blank\" rel=\"noopener\">Et puis c\u2019est un clan ! <\/a>On le voit, ce n\u2019est pas compliqu\u00e9 \u00e0 voir. Donc ce n\u2019est pas grave, \u00e7a ne m\u2019emp\u00eache pas de vivre. Je trouve juste que par rapport \u00e0 l\u2019histoire, c\u2019est bizarre\u00a0\u00bb, avait-elle affirm\u00e9. \u00ab\u00a0Dans ce m\u00e9tier, citez-moi les derniers de ma g\u00e9n\u00e9ration qui ont particip\u00e9 \u00e0 \u00e7a ? Enfin, c\u2019est pas grave, c\u2019est juste un fait. C\u2019est juste qu\u2019\u00e0 un moment il faut savoir dire les choses et les mettre \u00e0 plat\u00a0\u00bb. En 2025,<a href=\"https:\/\/www.programme-tv.net\/\/news\/tv\/371699-les-enfoires-2025-comment-sont-choisies-les-personnalites-de-la-troupe\/\" target=\"_blank\" rel=\"noopener\"> Les Enfoir\u00e9s ont propos\u00e9 un spectacle XXL, avec 53 personnalit\u00e9s<\/a> pr\u00e9sentes sur sc\u00e8ne. Aux habitu\u00e9s se sont ajout\u00e9s Pierre Garnier, Joseph Kamel, Jain, Alain Chamfort, Alex Lutz, Fran\u00e7ois-Xavier Demaison et Ibrahim Maalouf. Mais aussi des sportifs, r\u00e9v\u00e9l\u00e9s ou consacr\u00e9s lors des Jeux olympiques, parmi lesquels Antoine Dupont, <a href=\"https:\/\/www.programme-tv.net\/\/news\/people\/371700-apres-les-enfoires-2025-alexis-et-felix-lebrun-ont-joue-au-ping-pong-avec-patrick-bruel-il-faut-quil-progresse-encore-un-peu\/\" target=\"_blank\" rel=\"noopener\">Alexis et F\u00e9lix Lebrun<\/a>. Mais certains manquent inlassablement \u00e0 l&rsquo;appel.<\/p>\n<p>                        Sheila, amie du d\u00e9funt Coluche, donne son avis sur Les Enfoir\u00e9s<\/p>\n<p>C&rsquo;est le cas de Sheila, qui n&rsquo;a pas chang\u00e9 d&rsquo;avis sur la question. Aupr\u00e8s de Sud Radio, elle revient sur la troupe et le fait qu&rsquo;elle n&rsquo;a jamais \u00e9t\u00e9 convi\u00e9e. \u00ab\u00a0Je vous le dis sinc\u00e8rement, moi Coluche je l\u2019ai bien connu, \u00e9videmment. C\u2019\u00e9tait un pote. Apr\u00e8s, Les Enfoir\u00e9s, je trouve que l\u2019histoire est tr\u00e8s bien, je n\u2019en fais pas partie, c\u2019est pas grave, je m\u2019en passe tr\u00e8s bien\u00a0\u00bb. Lorsqu&rsquo;on lui demande comment elle explique le fait de ne pas avoir \u00e9t\u00e9 sollicit\u00e9e depuis toutes ces ann\u00e9es, elle ne m\u00e2che pas ses mots. \u00ab\u00a0Je ne veux pas l\u2019expliquer, je m\u2019en fous compl\u00e8tement pour vous dire la v\u00e9rit\u00e9. Mais il se trouve que s\u2019ils venaient aujourd\u2019hui, ce serait un peu tard. Parce que franchement, s\u2019il y en a bien une qui aurait d\u00fb \u00eatre l\u00e0 au d\u00e9but, ne serait-ce que par rapport \u00e0 Coluche, c\u2019\u00e9tait moi\u00a0\u00bb. Malgr\u00e9 cet avis bien tranch\u00e9e, elle estime que le sujet n&rsquo;est pas son absence de la troupe, mais ce qu&rsquo;elle r\u00e9alise chaque ann\u00e9e pour les personnes dans le besoin. \u00ab\u00a0Vous savez quoi ? Je trouve que tout \u00e7a n\u2019a que tr\u00e8s peu d\u2019importance. L\u2019important, c\u2019est le r\u00e9sultat. Ils font \u00e7a pour les gens qui ont besoin de manger, donc on s\u2019en fout des trucs internes. \u00c7a n\u2019entre pas en ligne de compte. L\u2019important c\u2019est la cause\u00a0\u00bb.<\/p>\n","protected":false},"excerpt":{"rendered":"\u00c0 79 ans, Sheila sort \u00c0 l&rsquo;avenir, le 28e album de sa carri\u00e8re. \u00ab\u00a0J&rsquo;ai quatre g\u00e9n\u00e9rations dans les&hellip;\n","protected":false},"author":2,"featured_media":31964,"comment_status":"","ping_status":"","sticky":false,"template":"","format":"standard","meta":{"footnotes":""},"categories":[1355],"tags":[244,58,59,1011,27,10829,1361,873,10830,1630],"class_list":{"0":"post-31963","1":"post","2":"type-post","3":"status-publish","4":"format-standard","5":"has-post-thumbnail","7":"category-musique","8":"tag-commentaire","9":"tag-divertissement","10":"tag-entertainment","11":"tag-fr","12":"tag-france","13":"tag-les-enfoiru00e9s","14":"tag-music","15":"tag-musique","16":"tag-sheila","17":"tag-zapping"},"share_on_mastodon":{"url":"https:\/\/pubeurope.com\/@fr\/114354019868688976","error":""},"_links":{"self":[{"href":"https:\/\/www.europesays.com\/fr\/wp-json\/wp\/v2\/posts\/31963","targetHints":{"allow":["GET"]}}],"collection":[{"href":"https:\/\/www.europesays.com\/fr\/wp-json\/wp\/v2\/posts"}],"about":[{"href":"https:\/\/www.europesays.com\/fr\/wp-json\/wp\/v2\/types\/post"}],"author":[{"embeddable":true,"href":"https:\/\/www.europesays.com\/fr\/wp-json\/wp\/v2\/users\/2"}],"replies":[{"embeddable":true,"href":"https:\/\/www.europesays.com\/fr\/wp-json\/wp\/v2\/comments?post=31963"}],"version-history":[{"count":0,"href":"https:\/\/www.europesays.com\/fr\/wp-json\/wp\/v2\/posts\/31963\/revisions"}],"wp:featuredmedia":[{"embeddable":true,"href":"https:\/\/www.europesays.com\/fr\/wp-json\/wp\/v2\/media\/31964"}],"wp:attachment":[{"href":"https:\/\/www.europesays.com\/fr\/wp-json\/wp\/v2\/media?parent=31963"}],"wp:term":[{"taxonomy":"category","embeddable":true,"href":"https:\/\/www.europesays.com\/fr\/wp-json\/wp\/v2\/categories?post=31963"},{"taxonomy":"post_tag","embeddable":true,"href":"https:\/\/www.europesays.com\/fr\/wp-json\/wp\/v2\/tags?post=31963"}],"curies":[{"name":"wp","href":"https:\/\/api.w.org\/{rel}","templated":true}]}}