{"id":319631,"date":"2025-08-14T23:29:12","date_gmt":"2025-08-14T23:29:12","guid":{"rendered":"https:\/\/www.europesays.com\/fr\/319631\/"},"modified":"2025-08-14T23:29:12","modified_gmt":"2025-08-14T23:29:12","slug":"previsions-du-vendredi-15-aout-2025-4","status":"publish","type":"post","link":"https:\/\/www.europesays.com\/fr\/319631\/","title":{"rendered":"pr\u00e9visions du vendredi 15 ao\u00fbt 2025"},"content":{"rendered":"<p>Lille va \u00eatre baign\u00e9e de soleil durant cette journ\u00e9e. Les valeurs seront comprises entre 17 et 32\u00b0C. Le matin, le thermom\u00e8tre affichera 25\u00b0C en moyenne. Une brise de nord-est soufflera doucement. La m\u00e9t\u00e9o va se r\u00e9chauffer l&rsquo;apr\u00e8s-midi avec une hausse de plusieurs degr\u00e9s. La ville va souffrir d&rsquo;importantes chaleurs avec des temp\u00e9ratures qui pourraient grimper \u00e0 32\u00b0C. Les valeurs s&rsquo;\u00e9chelonneront entre 27 et 32\u00b0C. Une nuit claire vous attendra entre vendredi et samedi.<\/p>\n<p>C&rsquo;est un soleil magnifique qui va se montrer demain sur Lille. Le mercure va baisser de quelques degr\u00e9s. On anticipe des temp\u00e9ratures d&rsquo;environ 21\u00b0C. Un vent de nord-est rafra\u00eechira l\u00e9g\u00e8rement l&rsquo;atmosph\u00e8re. Les temp\u00e9ratures vont monter pendant l&rsquo;apr\u00e8s-midi de plusieurs degr\u00e9s. Les valeurs afficheront entre 23 et 27\u00b0C.<\/p>\n<p>La m\u00e9t\u00e9o restera inchang\u00e9e les prochains jours. Le temps sera ensoleill\u00e9 avec des temp\u00e9ratures avoisinant 27\u00b0C.<\/p>\n<p>Enfin un jour feri\u00e9 aujourd&rsquo;hui, avec l&rsquo;Assomption ! Si elle est c\u00e9l\u00e9br\u00e9e par une f\u00eate religieuse, cette journ\u00e9e vous donnera la possibilit\u00e9 de faire \u00e9galement une pause bienvenue.<\/p>\n","protected":false},"excerpt":{"rendered":"Lille va \u00eatre baign\u00e9e de soleil durant cette journ\u00e9e. Les valeurs seront comprises entre 17 et 32\u00b0C. Le&hellip;\n","protected":false},"author":2,"featured_media":319632,"comment_status":"","ping_status":"","sticky":false,"template":"","format":"standard","meta":{"footnotes":""},"categories":[2815],"tags":[1111,11,1777,674,1011,27,811,1307,12,1308,1309,2119,25],"class_list":{"0":"post-319631","1":"post","2":"type-post","3":"status-publish","4":"format-standard","5":"has-post-thumbnail","7":"category-lille","8":"tag-actu","9":"tag-actualites","10":"tag-eu","11":"tag-europe","12":"tag-fr","13":"tag-france","14":"tag-hauts-de-france","15":"tag-lille","16":"tag-news","17":"tag-nord","18":"tag-nord-pas-de-calais","19":"tag-previsions-meteo","20":"tag-republique-francaise"},"share_on_mastodon":{"url":"https:\/\/pubeurope.com\/@fr\/115029721988949988","error":""},"_links":{"self":[{"href":"https:\/\/www.europesays.com\/fr\/wp-json\/wp\/v2\/posts\/319631","targetHints":{"allow":["GET"]}}],"collection":[{"href":"https:\/\/www.europesays.com\/fr\/wp-json\/wp\/v2\/posts"}],"about":[{"href":"https:\/\/www.europesays.com\/fr\/wp-json\/wp\/v2\/types\/post"}],"author":[{"embeddable":true,"href":"https:\/\/www.europesays.com\/fr\/wp-json\/wp\/v2\/users\/2"}],"replies":[{"embeddable":true,"href":"https:\/\/www.europesays.com\/fr\/wp-json\/wp\/v2\/comments?post=319631"}],"version-history":[{"count":0,"href":"https:\/\/www.europesays.com\/fr\/wp-json\/wp\/v2\/posts\/319631\/revisions"}],"wp:featuredmedia":[{"embeddable":true,"href":"https:\/\/www.europesays.com\/fr\/wp-json\/wp\/v2\/media\/319632"}],"wp:attachment":[{"href":"https:\/\/www.europesays.com\/fr\/wp-json\/wp\/v2\/media?parent=319631"}],"wp:term":[{"taxonomy":"category","embeddable":true,"href":"https:\/\/www.europesays.com\/fr\/wp-json\/wp\/v2\/categories?post=319631"},{"taxonomy":"post_tag","embeddable":true,"href":"https:\/\/www.europesays.com\/fr\/wp-json\/wp\/v2\/tags?post=319631"}],"curies":[{"name":"wp","href":"https:\/\/api.w.org\/{rel}","templated":true}]}}