{"id":319637,"date":"2025-08-14T23:32:20","date_gmt":"2025-08-14T23:32:20","guid":{"rendered":"https:\/\/www.europesays.com\/fr\/319637\/"},"modified":"2025-08-14T23:32:20","modified_gmt":"2025-08-14T23:32:20","slug":"story-2-marseille-un-mortier-dartifice-finit-sur-un-balcon-14-08-actualites","status":"publish","type":"post","link":"https:\/\/www.europesays.com\/fr\/319637\/","title":{"rendered":"Story 2 : Marseille, un mortier d&rsquo;artifice finit sur un balcon &#8211; 14\/08 : Actualit\u00e9s"},"content":{"rendered":"<p class=\"a__paragraph text-gray3 \" id=\"atm-video-summary-text\">\n                    \u00c0 Marseille, dans le IXe arrondissement, un tir de mortier a atterri sur le balcon de Marcelle, une dame de 82 ans. Elle a fr\u00f4l\u00e9 le pire, et son appartement a \u00e9t\u00e9 partiellement d\u00e9vast\u00e9. On en parle avec : Boris Kharlamoff, journaliste police-justice BFMTV. Richard, fils de Marcelle, qui a re\u00e7u un tir de mortier dans son appartement. Bruno Bartocetti, secr\u00e9taire national d\u00e9l\u00e9gu\u00e9 de la zone Sud du syndicat de police UN1T\u00c9. Et Anne-Marie D&rsquo;Estienne D&rsquo;Orves, maire \u00ab\u00a0Divers droite\u00a0\u00bb des IXe et Xe arrondissement de Marseille.\n            <\/p>\n","protected":false},"excerpt":{"rendered":"\u00c0 Marseille, dans le IXe arrondissement, un tir de mortier a atterri sur le balcon de Marcelle, une&hellip;\n","protected":false},"author":2,"featured_media":319638,"comment_status":"","ping_status":"","sticky":false,"template":"","format":"standard","meta":{"footnotes":""},"categories":[2814],"tags":[1111,11,1777,674,1011,27,884,12,882,25],"class_list":{"0":"post-319637","1":"post","2":"type-post","3":"status-publish","4":"format-standard","5":"has-post-thumbnail","7":"category-marseille","8":"tag-actu","9":"tag-actualites","10":"tag-eu","11":"tag-europe","12":"tag-fr","13":"tag-france","14":"tag-marseille","15":"tag-news","16":"tag-provence-alpes-cote-dazur","17":"tag-republique-francaise"},"share_on_mastodon":{"url":"https:\/\/pubeurope.com\/@fr\/115029733790272040","error":""},"_links":{"self":[{"href":"https:\/\/www.europesays.com\/fr\/wp-json\/wp\/v2\/posts\/319637","targetHints":{"allow":["GET"]}}],"collection":[{"href":"https:\/\/www.europesays.com\/fr\/wp-json\/wp\/v2\/posts"}],"about":[{"href":"https:\/\/www.europesays.com\/fr\/wp-json\/wp\/v2\/types\/post"}],"author":[{"embeddable":true,"href":"https:\/\/www.europesays.com\/fr\/wp-json\/wp\/v2\/users\/2"}],"replies":[{"embeddable":true,"href":"https:\/\/www.europesays.com\/fr\/wp-json\/wp\/v2\/comments?post=319637"}],"version-history":[{"count":0,"href":"https:\/\/www.europesays.com\/fr\/wp-json\/wp\/v2\/posts\/319637\/revisions"}],"wp:featuredmedia":[{"embeddable":true,"href":"https:\/\/www.europesays.com\/fr\/wp-json\/wp\/v2\/media\/319638"}],"wp:attachment":[{"href":"https:\/\/www.europesays.com\/fr\/wp-json\/wp\/v2\/media?parent=319637"}],"wp:term":[{"taxonomy":"category","embeddable":true,"href":"https:\/\/www.europesays.com\/fr\/wp-json\/wp\/v2\/categories?post=319637"},{"taxonomy":"post_tag","embeddable":true,"href":"https:\/\/www.europesays.com\/fr\/wp-json\/wp\/v2\/tags?post=319637"}],"curies":[{"name":"wp","href":"https:\/\/api.w.org\/{rel}","templated":true}]}}