{"id":319643,"date":"2025-08-14T23:36:13","date_gmt":"2025-08-14T23:36:13","guid":{"rendered":"https:\/\/www.europesays.com\/fr\/319643\/"},"modified":"2025-08-14T23:36:13","modified_gmt":"2025-08-14T23:36:13","slug":"deux-premiers-cas-autochtones-identifies-en-ile-de-france","status":"publish","type":"post","link":"https:\/\/www.europesays.com\/fr\/319643\/","title":{"rendered":"deux premiers cas autochtones identifi\u00e9s en \u00cele-de-France"},"content":{"rendered":"<p>&#13;<\/p>\n<p>L&rsquo;ESSENTIEL<\/p>\n<ul>&#13;<\/p>\n<li class=\"li_essentiel\"> En \u00cele-de-France, deux personnes vivant en Seine-Saint-Denis et n\u2019\u00e9tant pas all\u00e9es dans une zone d\u2019end\u00e9mie, ont contract\u00e9 le virus du Nil Occidental.\t<\/li>\n<li class=\"li_essentiel\"> Si 80 % des cas, l\u2019infection est asymptomatique, elle peut \u00eatre \u00e0 l\u2019origine d\u2019atteintes neurologiques (m\u00e9ningites, enc\u00e9phalites et m\u00e9ningo-enc\u00e9phalites) qui font sa gravit\u00e9.\t<\/li>\n<li class=\"li_essentiel\"> Afin d\u2019\u00e9viter toute contamination, il est conseill\u00e9 de se prot\u00e9ger des moustiques du genre Culex, qui piquent surtout en soir\u00e9e et la nuit.\t<\/li>\n<p>\t\t\t\t\t\t\t\t    &#13;\n\t\t\t\t\t\t<\/ul>\n<p>\t\t\t\t\t\t\t\t\t\t\t\t&#13;<\/p>\n<p>Entre le 1er janvier et le 12 ao\u00fbt 2025, <a href=\"https:\/\/www.ameli.fr\/assure\/sante\/themes\/piqure-moustique-maladies\/maladies-virales-moustiques\" target=\"_blank\" rel=\"noopener nofollow\">7 cas autochtones<\/a> du virus du Nil occidental, c\u2019est-\u00e0-dire que les personnes ont contract\u00e9 une maladie sur le territoire national et n\u2019ont pas voyag\u00e9 en zone contamin\u00e9e dans les 15 jours pr\u00e9c\u00e9dant l\u2019apparition des sympt\u00f4mes, ont \u00e9t\u00e9 enregistr\u00e9s en France hexagonale. Le 13 ao\u00fbt, <a href=\"https:\/\/www.iledefrance.ars.sante.fr\/virus-du-nil-occidental-west-nile-deux-cas-autochtones-confirmes-en-ile-de-france\" target=\"_blank\" rel=\"noopener nofollow\">l\u2019Agence R\u00e9gionale de Sant\u00e9 (ARS) \u00cele-de-France<\/a> a confirm\u00e9 deux premiers cas dans la r\u00e9gion. Selon les informations, les personnes infect\u00e9es, qui n\u2019ont voyag\u00e9 en zone d\u2019end\u00e9mie, r\u00e9sident en Seine-Saint-Denis. \u00ab\u00a0Le premier cas, identifi\u00e9 fin juillet, avait \u00e9galement s\u00e9journ\u00e9 dans le d\u00e9partement du Jura (Bourgogne-Franche-Comt\u00e9) durant la p\u00e9riode possible d\u2019exposition \u00e0 risque. Le second cas n\u2019a pas quitt\u00e9 l\u2019\u00cele-de-France dans les 15 jours pr\u00e9c\u00e9dant l\u2019apparition des sympt\u00f4mes.\u00a0\u00bb<\/p>\n<p>&#13;<br \/>\nLe virus du Nil occidental, une maladie souvent asymptomatique mais potentiellement grave&#13;<\/p>\n<p>Pour rappel, le virus du Nil occidental (ou West Nile), connu en France depuis les ann\u00e9es 1960, r\u00e9sulte le plus souvent de piq\u00fbres de moustiques infect\u00e9s du genre Culex qui piquent surtout en soir\u00e9e et la nuit. R\u00e9guli\u00e8rement d\u00e9tect\u00e9s sur le pourtour m\u00e9diterran\u00e9en, ces derniers se contaminent en piquant des oiseaux infect\u00e9s. Ensuite, ils piquent des \u00eatres humains ou d\u2019autres animaux (cheval ou autres mammif\u00e8res), et peuvent leur inoculer le virus, dont la p\u00e9riode d\u2019incubation dure classiquement de 2 \u00e0 6 jours mais peut se prolonger jusqu\u2019\u00e0 14 jours.<\/p>\n<p>&#13;<\/p>\n<p>D\u2019apr\u00e8s les autorit\u00e9s sanitaires, 80 % des patients touch\u00e9s infect\u00e9es restent asymptomatiques ou peu symptomatiques. En cas de manifestations, ils pr\u00e9sentent un syndrome pseudo-grippal (fi\u00e8vre importante accompagn\u00e9e de maux de t\u00eate, douleurs musculaires ou abdominales, naus\u00e9es, diarrh\u00e9es). Chez certains, cette maladie \u00ab\u00a0peut \u00eatre \u00e0 l\u2019origine d\u2019atteintes neurologiques (m\u00e9ningites, enc\u00e9phalites, m\u00e9ningo-enc\u00e9phalites, paralysie flasque aigu\u00eb, syndrome de Guillain Barr\u00e9) qui font sa gravit\u00e9. Ces formes neuro-invasives, sont plus fr\u00e9quentes chez les sujets \u00e2g\u00e9s et peuvent entra\u00eener des s\u00e9quelles et m\u00eame \u00eatre mortelles chez l\u2019Homme\u00a0\u00bb, indique <a href=\"https:\/\/www.santepubliquefrance.fr\/maladies-et-traumatismes\/maladies-a-transmission-vectorielle\/west-nile-virus\/la-maladie\/#tabs\" target=\"_blank\" rel=\"noopener nofollow\">Sant\u00e9 publique France<\/a>.<\/p>\n<p>&#13;<br \/>\n&#13;<br \/>\n&#13;<br \/>\n&#13;<br \/>\n&#13;<br \/>\n\t\t\t\t\t\t\t\t                                &#13;<br \/>\n&#13;<br \/>\nVirus du Nil occidental : comment se prot\u00e9ger des piq\u00fbres de moustiques ?&#13;<\/p>\n<p>\u00ab\u00a0Face \u00e0 cette situation in\u00e9dite en \u00cele-de-France, l\u2019ARS intensifie sa coop\u00e9ration avec plusieurs partenaires afin de caract\u00e9riser le risque sanitaire, d\u2019en limiter l\u2019extension et d\u2019assurer une r\u00e9ponse coordonn\u00e9e sur le territoire impact\u00e9.\u00a0\u00bb En outre, elle appelle les Fran\u00e7ais \u00e0 se prot\u00e9ger des piq\u00fbres de moustiques en portant des v\u00eatements couvrants et amples, surtout en soir\u00e9e, utilisant des r\u00e9pulsifs adapt\u00e9s sur les zones de peau d\u00e9couvertes, installant des moustiquaires ou grillages aux portes et fen\u00eatres et en se servant de diffuseurs \u00e9lectriques \u00e0 l\u2019int\u00e9rieur et des serpentins insecticides uniquement \u00e0 l\u2019ext\u00e9rieur.<\/p>\n<p>\t&#13;<br \/>\n\t\t\t\t\t\t\t\t&#13;<br \/>\n\t\t\t\t\t\t\t\t&#13;<br \/>\n\t\t\t\t\t\t\t\t \t\t\t\t\t\t\t\t\t\t\t\t\t\t\t\t\t\t\t &#13;<br \/>\n\t\t\t\t\t\t\t\t\t\t\t\t\t\t\t\t\t\t\t &#13;<br \/>\n\t\t\t\t\t\t\t\t\t\t\t\t\t\t\t\t\t\t\t&#13;<br \/>\n\t\t\t\t\t\t\t\t\t\t\t\t\t\t\t\t \t\t\t\t\t\t\t\t\t&#13;<br \/>\n\t\t\t\t\t\t\t\t\t&#13;<br \/>\n\t\t\t\t\t\t\t\t\t \t\t\t\t\t\t\t\t\t&#13;<br \/>\n\t\t\t\t\t\t\t\t\t&#13;<br \/>\n                &#13;<br \/>\n                &#13;<br \/>\n\t\t\t\t\t\t\t\t&#13;<br \/>\n&#13;<br \/>\n\t\t\t\t\t\t\t&#13;<br \/>\n\t\t\t\t\t\t\t&#13;<br \/>\n                &#13;<\/p>\n","protected":false},"excerpt":{"rendered":"&#13; L&rsquo;ESSENTIEL &#13; En \u00cele-de-France, deux personnes vivant en Seine-Saint-Denis et n\u2019\u00e9tant pas all\u00e9es dans une zone d\u2019end\u00e9mie,&hellip;\n","protected":false},"author":2,"featured_media":319644,"comment_status":"","ping_status":"","sticky":false,"template":"","format":"standard","meta":{"footnotes":""},"categories":[1592],"tags":[1111,11,1777,674,1011,27,662,12,626,25],"class_list":{"0":"post-319643","1":"post","2":"type-post","3":"status-publish","4":"format-standard","5":"has-post-thumbnail","7":"category-ile-de-france","8":"tag-actu","9":"tag-actualites","10":"tag-eu","11":"tag-europe","12":"tag-fr","13":"tag-france","14":"tag-ile-de-france","15":"tag-news","16":"tag-paris","17":"tag-republique-francaise"},"share_on_mastodon":{"url":"https:\/\/pubeurope.com\/@fr\/115029749469156467","error":""},"_links":{"self":[{"href":"https:\/\/www.europesays.com\/fr\/wp-json\/wp\/v2\/posts\/319643","targetHints":{"allow":["GET"]}}],"collection":[{"href":"https:\/\/www.europesays.com\/fr\/wp-json\/wp\/v2\/posts"}],"about":[{"href":"https:\/\/www.europesays.com\/fr\/wp-json\/wp\/v2\/types\/post"}],"author":[{"embeddable":true,"href":"https:\/\/www.europesays.com\/fr\/wp-json\/wp\/v2\/users\/2"}],"replies":[{"embeddable":true,"href":"https:\/\/www.europesays.com\/fr\/wp-json\/wp\/v2\/comments?post=319643"}],"version-history":[{"count":0,"href":"https:\/\/www.europesays.com\/fr\/wp-json\/wp\/v2\/posts\/319643\/revisions"}],"wp:featuredmedia":[{"embeddable":true,"href":"https:\/\/www.europesays.com\/fr\/wp-json\/wp\/v2\/media\/319644"}],"wp:attachment":[{"href":"https:\/\/www.europesays.com\/fr\/wp-json\/wp\/v2\/media?parent=319643"}],"wp:term":[{"taxonomy":"category","embeddable":true,"href":"https:\/\/www.europesays.com\/fr\/wp-json\/wp\/v2\/categories?post=319643"},{"taxonomy":"post_tag","embeddable":true,"href":"https:\/\/www.europesays.com\/fr\/wp-json\/wp\/v2\/tags?post=319643"}],"curies":[{"name":"wp","href":"https:\/\/api.w.org\/{rel}","templated":true}]}}