{"id":319647,"date":"2025-08-14T23:38:12","date_gmt":"2025-08-14T23:38:12","guid":{"rendered":"https:\/\/www.europesays.com\/fr\/319647\/"},"modified":"2025-08-14T23:38:12","modified_gmt":"2025-08-14T23:38:12","slug":"2-000-hyper-voisins-achetent-ensemble-une-maison-en-plein-xive-2","status":"publish","type":"post","link":"https:\/\/www.europesays.com\/fr\/319647\/","title":{"rendered":"2.000 \u00ab Hyper voisins \u00bb ach\u00e8tent ensemble une maison en plein XIVe"},"content":{"rendered":"<p><strong>MOBILISATION &#8211; Financ\u00e9 par des \u00ab\u00a0briques\u00a0\u00bb \u00e0 1.000 euros, le lieu accueillera repas, ateliers et services de quartier<\/strong><\/p>\n<p>Dans le XIVe arrondissement de <a href=\"https:\/\/www.20minutes.fr\/paris\/?at_medium=RSS%20feed&amp;at_campaign=ynews&amp;utm_source=yahoo&amp;utm_medium=rss&amp;utm_campaign=news_feed&amp;utm_content=in_article_link\" rel=\"nofollow noopener\" target=\"_blank\" data-ylk=\"slk:Paris;elm:context_link;itc:0;sec:content-canvas\" class=\"link \">Paris<\/a>, la solidarit\u00e9 de <a href=\"https:\/\/www.20minutes.fr\/dossier\/voisin?at_medium=RSS%20feed&amp;at_campaign=ynews&amp;utm_source=yahoo&amp;utm_medium=rss&amp;utm_campaign=news_feed&amp;utm_content=in_article_link\" rel=\"nofollow noopener\" target=\"_blank\" data-ylk=\"slk:voisinage;elm:context_link;itc:0;sec:content-canvas\" class=\"link \">voisinage<\/a> prend une dimension in\u00e9dite\u00a0: pr\u00e8s de 2.000 habitants r\u00e9unis au sein de l\u2019<a href=\"https:\/\/www.20minutes.fr\/dossier\/association?at_medium=RSS%20feed&amp;at_campaign=ynews&amp;utm_source=yahoo&amp;utm_medium=rss&amp;utm_campaign=news_feed&amp;utm_content=in_article_link\" rel=\"nofollow noopener\" target=\"_blank\" data-ylk=\"slk:association;elm:context_link;itc:0;sec:content-canvas\" class=\"link \">association<\/a> \u00ab\u00a0Hyper Voisins\u00a0\u00bb se mobilisent pour acheter ensemble un local de 120 m2 et le transformer en \u00ab\u00a0maison commune\u00a0\u00bb. Ce projet, estim\u00e9 \u00e0 600.000 euros, ambitionne de devenir un v\u00e9ritable c\u0153ur de quartier, selon les informations du <a href=\"https:\/\/www.leparisien.fr\/paris-75\/ce-sera-le-coeur-du-quartier-a-paris-2-000-hyper-voisins-achetent-ensemble-une-maison-dans-le-xive-13-08-2025-XQVUXQIXDBGGDKKYSIE2DHPOUI.php#:~:text=Paris-,\u00ab%20Ce%20sera%20le%20c\u0153ur%20du%20quartier%20\u00bb%20%3A%20\u00e0%20Paris%2C,deviendra%20leur%20\u00ab%20maison%20commune%20\u00bb?at_medium=RSS%20feed&amp;at_campaign=ynews&amp;utm_source=yahoo&amp;utm_medium=rss&amp;utm_campaign=news_feed&amp;utm_content=in_article_link\" rel=\"nofollow noopener\" target=\"_blank\" data-ylk=\"slk:Parisien;elm:context_link;itc:0;sec:content-canvas\" class=\"link \">Parisien<\/a>.<\/p>\n<p>N\u00e9 en\u00a02017, le collectif s\u2019est d\u2019abord illustr\u00e9 par ses initiatives conviviales, comme la \u00ab\u00a0table d\u2019Aude\u00a0\u00bb, immense banquet de rue rassemblant chaque ann\u00e9e un millier de convives autour de plats partag\u00e9s. Aujourd\u2019hui, ses membres franchissent un cap\u00a0: acqu\u00e9rir une ancienne imprimerie, situ\u00e9e rue de l\u2019Aude, afin d\u2019y accueillir des activit\u00e9s et services ouverts \u00e0 tous.<\/p>\n<p>Un projet financ\u00e9 par l\u2019achat de \u00ab\u00a0briques\u00a0\u00bb<\/p>\n<p>Pour financer l\u2019achat, les habitants peuvent acqu\u00e9rir des \u00ab\u00a0briques\u00a0\u00bb \u00e0 1.000 euros chacune, soit en num\u00e9raire, soit via un pr\u00eat sp\u00e9cifique propos\u00e9 par le <a href=\"https:\/\/www.20minutes.fr\/economie\/banque\/?at_medium=RSS%20feed&amp;at_campaign=ynews&amp;utm_source=yahoo&amp;utm_medium=rss&amp;utm_campaign=news_feed&amp;utm_content=in_article_link\" rel=\"nofollow noopener\" target=\"_blank\" data-ylk=\"slk:Cr\u00e9dit mutuel;elm:context_link;itc:0;sec:content-canvas\" class=\"link \">Cr\u00e9dit mutuel<\/a> du quartier. L\u2019id\u00e9e est simple\u00a0: mutualiser les moyens pour cr\u00e9er un espace accessible \u00e0 toutes les g\u00e9n\u00e9rations. \u00ab\u00a0On ne se contente plus de se croiser, on construit ensemble un lieu qui nous ressemble\u00a0\u00bb, r\u00e9sume Patrick Bernard, pr\u00e9sident de l\u2019association, interrog\u00e9 par le quotidien.<\/p>\n<p><a href=\"https:\/\/www.20minutes.fr\/paris\/\" rel=\"nofollow noopener\" target=\"_blank\" data-ylk=\"slk:Toute l&#039;actualit\u00e9 \u00e0 Paris;elm:context_link;itc:0;sec:content-canvas\" class=\"link \">Toute l&rsquo;actualit\u00e9 \u00e0 Paris<\/a><\/p>\n<p>Une fois r\u00e9nov\u00e9e, la maison accueillera aussi bien des repas priv\u00e9s que des ateliers collectifs\u00a0: aide aux devoirs, cours de cuisine, tricot, mise \u00e0 disposition de mat\u00e9riel comme un v\u00e9lo-cargo ou un diable de d\u00e9m\u00e9nagement. Pour certains r(&#8230;)<\/p>\n<p><a href=\"https:\/\/www.20minutes.fr\/societe\/4168079-20250814-paris-2-000-hyper-voisins-achetent-ensemble-maison-plein-xive?at_medium=RSS%20feed&amp;at_campaign=ynews&amp;utm_source=yahoo&amp;utm_medium=rss&amp;utm_campaign=news_feed&amp;utm_content=read_more_link&quot;\" rel=\"nofollow noopener\" target=\"_blank\" data-ylk=\"slk:Lire la suite sur 20minutes;elm:context_link;itc:0;sec:content-canvas\" class=\"link \">Lire la suite sur 20minutes<\/a><\/p>\n<p>\u00c0 lire aussi :<br \/><a href=\"https:\/\/www.20minutes.fr\/societe\/4143198-20250312-achetent-maison-1-euro-veulent-attaquer-mairie-vice-cache?at_medium=RSS%20feed&amp;at_campaign=ynews&amp;utm_source=yahoo&amp;utm_medium=rss&amp;utm_campaign=news_feed&amp;utm_content=related_content_link\" rel=\"nofollow noopener\" target=\"_blank\" data-ylk=\"slk:Ils ach\u00e8tent une maison pour 1 euro, mais veulent attaquer la mairie pour vice cach\u00e9;elm:context_link;itc:0;sec:content-canvas\" class=\"link \">Ils ach\u00e8tent une maison pour 1 euro, mais veulent attaquer la mairie pour vice cach\u00e9<\/a><br \/><a href=\"https:\/\/www.20minutes.fr\/faits_divers\/4162317-20250707-incendie-paris-acte-heroique-habitant-18e-arrondissement-sauve-voisins-flammes?at_medium=RSS%20feed&amp;at_campaign=ynews&amp;utm_source=yahoo&amp;utm_medium=rss&amp;utm_campaign=news_feed&amp;utm_content=related_content_link\" rel=\"nofollow noopener\" target=\"_blank\" data-ylk=\"slk:Incendie \u00e0 Paris\u00a0: L\u2019acte h\u00e9ro\u00efque d\u2019un habitant du 18e\u00a0arrondissement qui sauve ses voisins des flammes;elm:context_link;itc:0;sec:content-canvas\" class=\"link \">Incendie \u00e0 Paris\u00a0: L\u2019acte h\u00e9ro\u00efque d\u2019un habitant du 18e\u00a0arrondissement qui sauve ses voisins des flammes<\/a><\/p>\n","protected":false},"excerpt":{"rendered":"MOBILISATION &#8211; Financ\u00e9 par des \u00ab\u00a0briques\u00a0\u00bb \u00e0 1.000 euros, le lieu accueillera repas, ateliers et services de quartier&hellip;\n","protected":false},"author":2,"featured_media":319648,"comment_status":"","ping_status":"","sticky":false,"template":"","format":"standard","meta":{"footnotes":""},"categories":[1888],"tags":[1111,1928,11,1927,1777,674,1011,27,45781,12,1926,626,1925,25,45782],"class_list":{"0":"post-319647","1":"post","2":"type-post","3":"status-publish","4":"format-standard","5":"has-post-thumbnail","7":"category-paris","8":"tag-actu","9":"tag-actu-paris","10":"tag-actualites","11":"tag-actualites-paris","12":"tag-eu","13":"tag-europe","14":"tag-fr","15":"tag-france","16":"tag-la-maison","17":"tag-news","18":"tag-news-paris","19":"tag-paris","20":"tag-paris-news","21":"tag-republique-francaise","22":"tag-rue-de-laude"},"share_on_mastodon":{"url":"https:\/\/pubeurope.com\/@fr\/115029757387114265","error":""},"_links":{"self":[{"href":"https:\/\/www.europesays.com\/fr\/wp-json\/wp\/v2\/posts\/319647","targetHints":{"allow":["GET"]}}],"collection":[{"href":"https:\/\/www.europesays.com\/fr\/wp-json\/wp\/v2\/posts"}],"about":[{"href":"https:\/\/www.europesays.com\/fr\/wp-json\/wp\/v2\/types\/post"}],"author":[{"embeddable":true,"href":"https:\/\/www.europesays.com\/fr\/wp-json\/wp\/v2\/users\/2"}],"replies":[{"embeddable":true,"href":"https:\/\/www.europesays.com\/fr\/wp-json\/wp\/v2\/comments?post=319647"}],"version-history":[{"count":0,"href":"https:\/\/www.europesays.com\/fr\/wp-json\/wp\/v2\/posts\/319647\/revisions"}],"wp:featuredmedia":[{"embeddable":true,"href":"https:\/\/www.europesays.com\/fr\/wp-json\/wp\/v2\/media\/319648"}],"wp:attachment":[{"href":"https:\/\/www.europesays.com\/fr\/wp-json\/wp\/v2\/media?parent=319647"}],"wp:term":[{"taxonomy":"category","embeddable":true,"href":"https:\/\/www.europesays.com\/fr\/wp-json\/wp\/v2\/categories?post=319647"},{"taxonomy":"post_tag","embeddable":true,"href":"https:\/\/www.europesays.com\/fr\/wp-json\/wp\/v2\/tags?post=319647"}],"curies":[{"name":"wp","href":"https:\/\/api.w.org\/{rel}","templated":true}]}}