{"id":319649,"date":"2025-08-14T23:39:10","date_gmt":"2025-08-14T23:39:10","guid":{"rendered":"https:\/\/www.europesays.com\/fr\/319649\/"},"modified":"2025-08-14T23:39:10","modified_gmt":"2025-08-14T23:39:10","slug":"previsions-du-vendredi-15-aout-2025-6","status":"publish","type":"post","link":"https:\/\/www.europesays.com\/fr\/319649\/","title":{"rendered":"pr\u00e9visions du vendredi 15 ao\u00fbt 2025"},"content":{"rendered":"<p>La journ\u00e9e qui s&rsquo;annonce \u00e0 Paris, promet d&rsquo;\u00eatre belle et ensoleill\u00e9e ! Les valeurs seront comprises entre 20 et 35\u00b0C. L&rsquo;\u00e9pisode de grosses chaleurs est bien l\u00e0, avec des temp\u00e9ratures qui pourront aller \u00e0 31\u00b0C le matin. Un vent de nord-est rafra\u00eechira sensiblement l&rsquo;atmosph\u00e8re. Une m\u00e9t\u00e9o plus chaude est pr\u00e9vue l&rsquo;apr\u00e8s-midi \u00e9tant donn\u00e9 que le mercure va enregistrer une augmentation. Les fortes chaleurs sont pr\u00e9sentes. Avec des valeurs comprises entre 33 et 35\u00b0C. La soir\u00e9e va \u00eatre tr\u00e8s suffocante : jusqu&rsquo;\u00e0 33\u00b0C. Durant la nuit de vendredi \u00e0 samedi, le ciel sera d\u00e9pourvu de nuages.<\/p>\n<p>Un bel ensoleillement est attendu demain \u00e0 Paris. Les temp\u00e9ratures vont chuter de quelques degr\u00e9s. Les valeurs \u00e9volueront entre 19 et 32\u2009\u00b0C. Les valeurs afficheront entre 19 et 32\u00b0C. Une l\u00e9g\u00e8re brise de nord-est sera ressentie par les habitants. Demain apr\u00e8s-midi, c&rsquo;est une hausse de plusieurs degr\u00e9s que vont conna\u00eetre les temp\u00e9ratures. Ces valeurs maximums annonc\u00e9es sont \u00e9lev\u00e9es, avec 32\u00b0C. La ville va souffrir d&rsquo;importantes chaleurs avec des valeurs qui devraient monter \u00e0 30\u00b0C demain soir.<\/p>\n<p>Le temps restera stable les prochains jours. Comptez sur 31\u00b0C en moyenne qui accompagneront des journ\u00e9es ensoleill\u00e9es.<\/p>\n<p>Aujourd&rsquo;hui est un jour f\u00e9ri\u00e9 \u00e0 l&rsquo;occasion de l&rsquo;Assomption. Auparavant, c&rsquo;\u00e9tait la f\u00eate nationale que l&rsquo;on c\u00e9l\u00e9brait \u00e0 cette date.<\/p>\n","protected":false},"excerpt":{"rendered":"La journ\u00e9e qui s&rsquo;annonce \u00e0 Paris, promet d&rsquo;\u00eatre belle et ensoleill\u00e9e ! Les valeurs seront comprises entre 20&hellip;\n","protected":false},"author":2,"featured_media":319650,"comment_status":"","ping_status":"","sticky":false,"template":"","format":"standard","meta":{"footnotes":""},"categories":[1888],"tags":[11,1777,674,1011,27,662,12,626,2119,25],"class_list":{"0":"post-319649","1":"post","2":"type-post","3":"status-publish","4":"format-standard","5":"has-post-thumbnail","7":"category-paris","8":"tag-actualites","9":"tag-eu","10":"tag-europe","11":"tag-fr","12":"tag-france","13":"tag-ile-de-france","14":"tag-news","15":"tag-paris","16":"tag-previsions-meteo","17":"tag-republique-francaise"},"share_on_mastodon":{"url":"https:\/\/pubeurope.com\/@fr\/115029761256592810","error":""},"_links":{"self":[{"href":"https:\/\/www.europesays.com\/fr\/wp-json\/wp\/v2\/posts\/319649","targetHints":{"allow":["GET"]}}],"collection":[{"href":"https:\/\/www.europesays.com\/fr\/wp-json\/wp\/v2\/posts"}],"about":[{"href":"https:\/\/www.europesays.com\/fr\/wp-json\/wp\/v2\/types\/post"}],"author":[{"embeddable":true,"href":"https:\/\/www.europesays.com\/fr\/wp-json\/wp\/v2\/users\/2"}],"replies":[{"embeddable":true,"href":"https:\/\/www.europesays.com\/fr\/wp-json\/wp\/v2\/comments?post=319649"}],"version-history":[{"count":0,"href":"https:\/\/www.europesays.com\/fr\/wp-json\/wp\/v2\/posts\/319649\/revisions"}],"wp:featuredmedia":[{"embeddable":true,"href":"https:\/\/www.europesays.com\/fr\/wp-json\/wp\/v2\/media\/319650"}],"wp:attachment":[{"href":"https:\/\/www.europesays.com\/fr\/wp-json\/wp\/v2\/media?parent=319649"}],"wp:term":[{"taxonomy":"category","embeddable":true,"href":"https:\/\/www.europesays.com\/fr\/wp-json\/wp\/v2\/categories?post=319649"},{"taxonomy":"post_tag","embeddable":true,"href":"https:\/\/www.europesays.com\/fr\/wp-json\/wp\/v2\/tags?post=319649"}],"curies":[{"name":"wp","href":"https:\/\/api.w.org\/{rel}","templated":true}]}}