{"id":319664,"date":"2025-08-14T23:47:12","date_gmt":"2025-08-14T23:47:12","guid":{"rendered":"https:\/\/www.europesays.com\/fr\/319664\/"},"modified":"2025-08-14T23:47:12","modified_gmt":"2025-08-14T23:47:12","slug":"lue-a-recu-des-suggestions-us-pour-finaliser-la-declaration-commune-sur-laccord-commercial-a-la-une","status":"publish","type":"post","link":"https:\/\/www.europesays.com\/fr\/319664\/","title":{"rendered":"L&rsquo;UE a re\u00e7u des suggestions US pour finaliser la d\u00e9claration commune sur l&rsquo;accord commercial &#8211; A LA UNE"},"content":{"rendered":"<p class=\"post_meta\">14 ao\u00fbt 2025Reuters<\/p>\n<p>BRUXELLES (Reuters) \u2013 La Commission europ\u00e9enne a re\u00e7u un document de l\u2019administration am\u00e9ricaine contenant des suggestions en vue de finaliser une d\u00e9claration commune sur le commerce et les droits de douane, a d\u00e9clar\u00e9 jeudi un porte-parole de la Commission europ\u00e9enne.<\/p>\n<p>\u00ab\u00a0Nous sommes heureux de confirmer que nous avons re\u00e7u un texte des \u00c9tats-Unis contenant leurs suggestions pour se rapprocher de la finalisation du document\u00a0\u00bb, a d\u00e9clar\u00e9 le porte-parole lors d\u2019un point presse. <\/p>\n<p>Bruxelles et Washington ont conclu fin juillet un accord-cadre commercial mais seuls les droits de douane de base de 15% sur les produits europ\u00e9ens import\u00e9s aux Etats-Unis ont \u00e9t\u00e9 mis en \u0153uvre jusqu\u2019\u00e0 pr\u00e9sent. L\u2019UE continue d\u2019attendre des d\u00e9crets de la Maison blanche concernant les exceptions pr\u00e9vues \u00e0 ces surtaxes, notamment celles relatives \u00e0 l\u2019industrie automobile.<\/p>\n<p> (R\u00e9dig\u00e9 par Charlotte Van Campenhout, version fran\u00e7aise Elena Smirnova, \u00e9dit\u00e9 par Blandine H\u00e9nault)<\/p>\n<p><a href=\"https:\/\/chretiens.com\/quoi-de-neuf\/lue-a-recu-des\/2025\/08\/14\/15\/31\/attachment\/les-drapeaux-des-etats-unis-et-de-lunion-europeenne\/\" target=\"_blank\" rel=\"noopener\"><img decoding=\"async\" src=\"https:\/\/www.europesays.com\/fr\/wp-content\/uploads\/2025\/08\/tagreuters.com2025binary_LYNXMPEL7D0LT-FILEDIMAGE-scaled.jpg\" alt=\"tagreuters.com2025binary_LYNXMPEL7D0LT-FILEDIMAGE\"\/><\/a><\/p>\n<p>\n<b>Afin de r\u00e9pondre aux attentes de nos lecteurs, nous avons \u00e9galement cr\u00e9\u00e9 une plateforme de ressources bibliques, une cha\u00eene de t\u00e9l\u00e9vision chr\u00e9tienne et une cha\u00eene de t\u00e9l\u00e9vision g\u00e9n\u00e9raliste qui d\u00e9crypte l&rsquo;actualit\u00e9 avec un regard chr\u00e9tien.<\/b><br \/>\nLes m\u00e9dias ont pris une telle importance dans la soci\u00e9t\u00e9 qu&rsquo;ils sont, pour beaucoup de gens, le moyen principal d&rsquo;information et de formation ; ils guident et inspirent les comportements individuels, familiaux et sociaux. <br \/>\nDepuis la cr\u00e9ation de notre plateforme, nous r\u00e9alisons \u00e0 quel point le bon usage des m\u00e9dias demande aux professionnels de l&rsquo;audiovisuel chr\u00e9tien et aux usagers de la communication un s\u00e9rieux engagement au niveau de la connaissance, de la comp\u00e9tence et de l&rsquo;usage qualifi\u00e9 et actualis\u00e9.<\/p>\n<p><b>Nous invitons les chr\u00e9tiens int\u00e9ress\u00e9s par les m\u00e9dias \u00e0 nous rejoindre<\/b>, notamment :<br \/>\n&#8211; les professionnels des m\u00e9dias ;<br \/>\n&#8211; les familles chr\u00e9tiennes si expos\u00e9es \u00e0 l&rsquo;influence des moyens de communication ;<br \/>\n&#8211; les jeunes g\u00e9n\u00e9rations qui sont les usagers et les cr\u00e9ateurs de la communication de masse.<\/p>\n<p><b>Pour plus d&rsquo;information, contactez-nous au +33 769138397 ou par email \u00e0 l&rsquo;adresse <a href=\"https:\/\/chretiens.com\/cdn-cgi\/l\/email-protection\" class=\"__cf_email__\" data-cfemail=\"a6c7c2cbcfc8e6c5ced4c3d2cfc3c8d588cfc8c0c9\" target=\"_blank\" rel=\"noopener\">[email\u00a0protected]<\/a><\/b>Nos applications chr\u00e9tiennes :<br \/>\n<br \/>\n* Bible.audio (plateforme de ressources bibliques) : <a href=\"https:\/\/get.theapp.co\/26v5\" target=\"_blank\" rel=\"noopener\">https:\/\/get.theapp.co\/26v5<\/a><br \/>\n<br \/>\n* Chr\u00e9tiens TV (cha\u00eene de t\u00e9l\u00e9vision chr\u00e9tienne) : <a href=\"https:\/\/get.theapp.co\/dsry\" target=\"_blank\" rel=\"noopener\">https:\/\/get.theapp.co\/dsry<\/a><br \/>\nNos sites web:<br \/>\n&#8211; Journal Chr\u00e9tien : <a href=\"https:\/\/www.chretiens.com\" target=\"_blank\" rel=\"noopener\">https:\/\/www.chretiens.com<\/a><br \/>\n<br \/>\n&#8211; Bible.audio: <a href=\"https:\/\/www.bible.audio\" target=\"_blank\" rel=\"noopener\">https:\/\/www.bible.audio<\/a><br \/>\n<br \/>\n&#8211; Chr\u00e9tiens TV <a href=\"https:\/\/www.chretienstv.com\" target=\"_blank\" rel=\"noopener\">www.chretienstv.com<\/a><br \/>\n<br \/>\n&#8211; CTV Info: <a href=\"https:\/\/www.ctv-news.com\" target=\"_blank\" rel=\"noopener\">www.ctv-news.com<\/a><br \/>\nNos cha\u00eenes YouTube :<br \/>\n<br \/>\n&#8211; <a href=\"https:\/\/www.youtube.com\/c\/CHR\u00c9TIENSTV\/\" target=\"_blank\" rel=\"noopener\">https:\/\/www.youtube.com\/c\/CHR\u00c9TIENSTV\/<\/a><br \/>\n<br \/>\n&#8211; <a href=\"https:\/\/www.youtube.com\/@ctv-info\" target=\"_blank\" rel=\"noopener\">https:\/\/www.youtube.com\/@ctv-info<\/a><\/p>\n","protected":false},"excerpt":{"rendered":"14 ao\u00fbt 2025Reuters BRUXELLES (Reuters) \u2013 La Commission europ\u00e9enne a re\u00e7u un document de l\u2019administration am\u00e9ricaine contenant des&hellip;\n","protected":false},"author":2,"featured_media":299583,"comment_status":"","ping_status":"","sticky":false,"template":"","format":"standard","meta":{"footnotes":""},"categories":[1586],"tags":[11,1777,674,1779,1011,27,12,25,1778,364],"class_list":{"0":"post-319664","1":"post","2":"type-post","3":"status-publish","4":"format-standard","5":"has-post-thumbnail","7":"category-europe","8":"tag-actualites","9":"tag-eu","10":"tag-europe","11":"tag-european-union","12":"tag-fr","13":"tag-france","14":"tag-news","15":"tag-republique-francaise","16":"tag-ue","17":"tag-union-europeenne"},"share_on_mastodon":{"url":"https:\/\/pubeurope.com\/@fr\/115029792804070685","error":""},"_links":{"self":[{"href":"https:\/\/www.europesays.com\/fr\/wp-json\/wp\/v2\/posts\/319664","targetHints":{"allow":["GET"]}}],"collection":[{"href":"https:\/\/www.europesays.com\/fr\/wp-json\/wp\/v2\/posts"}],"about":[{"href":"https:\/\/www.europesays.com\/fr\/wp-json\/wp\/v2\/types\/post"}],"author":[{"embeddable":true,"href":"https:\/\/www.europesays.com\/fr\/wp-json\/wp\/v2\/users\/2"}],"replies":[{"embeddable":true,"href":"https:\/\/www.europesays.com\/fr\/wp-json\/wp\/v2\/comments?post=319664"}],"version-history":[{"count":0,"href":"https:\/\/www.europesays.com\/fr\/wp-json\/wp\/v2\/posts\/319664\/revisions"}],"wp:featuredmedia":[{"embeddable":true,"href":"https:\/\/www.europesays.com\/fr\/wp-json\/wp\/v2\/media\/299583"}],"wp:attachment":[{"href":"https:\/\/www.europesays.com\/fr\/wp-json\/wp\/v2\/media?parent=319664"}],"wp:term":[{"taxonomy":"category","embeddable":true,"href":"https:\/\/www.europesays.com\/fr\/wp-json\/wp\/v2\/categories?post=319664"},{"taxonomy":"post_tag","embeddable":true,"href":"https:\/\/www.europesays.com\/fr\/wp-json\/wp\/v2\/tags?post=319664"}],"curies":[{"name":"wp","href":"https:\/\/api.w.org\/{rel}","templated":true}]}}