{"id":319674,"date":"2025-08-14T23:54:11","date_gmt":"2025-08-14T23:54:11","guid":{"rendered":"https:\/\/www.europesays.com\/fr\/319674\/"},"modified":"2025-08-14T23:54:11","modified_gmt":"2025-08-14T23:54:11","slug":"jannik-sinner-impitoyable-a-cincinnati","status":"publish","type":"post","link":"https:\/\/www.europesays.com\/fr\/319674\/","title":{"rendered":"Jannik Sinner impitoyable \u00e0 Cincinnati"},"content":{"rendered":"<p>Le num\u00e9ro 1 mondial n\u2019a fait qu\u2019une bouch\u00e9e de F\u00e9lix Auger-Aliassime en quarts de finale (6-0, 6-2).<\/p>\n<p class=\"fig-paragraph\">Alors qu\u2019il avait perdu ses deux pr\u00e9c\u00e9dents face-\u00e0-face contre F\u00e9lix Auger-Aliassime, Jannik Sinner a mis fin brutalement \u00e0 la s\u00e9rie du Canadien, r\u00e9alis\u00e9e en 2022, \u00e0 une p\u00e9riode o\u00f9 l\u2019Italien n\u2019\u00e9tait pas encore devenu le num\u00e9ro 1 mondial dominant qu\u2019il est aujourd\u2019hui.<\/p>\n<p class=\"fig-paragraph\">Ainsi, ce premier quart de finale du Masters 1000 de Cincinnati n\u2019aura pas offert le moindre suspense au public de l\u2019Ohio, Sinner s\u2019imposant tr\u00e8s nettement en 71 minutes de jeu et deux petits sets (6-0, 6-2). En demies, l\u2019Italien affrontera soit Holger Rune, soit le surprenant Fran\u00e7ais Terence Atmane.<\/p>\n","protected":false},"excerpt":{"rendered":"Le num\u00e9ro 1 mondial n\u2019a fait qu\u2019une bouch\u00e9e de F\u00e9lix Auger-Aliassime en quarts de finale (6-0, 6-2). Alors&hellip;\n","protected":false},"author":2,"featured_media":319675,"comment_status":"","ping_status":"","sticky":false,"template":"","format":"standard","meta":{"footnotes":""},"categories":[1415],"tags":[47,4169,525,1981,4178,4179,1011,27,1114,3996,4177,4176,4174,4175,1980,4171,60,1467,4172,4173,4170],"class_list":{"0":"post-319674","1":"post","2":"type-post","3":"status-publish","4":"format-standard","5":"has-post-thumbnail","7":"category-tennis","8":"tag-actualite","9":"tag-atp","10":"tag-calendrier","11":"tag-classement","12":"tag-coupe-davis","13":"tag-fed-cup","14":"tag-fr","15":"tag-france","16":"tag-infos","17":"tag-jeux-olympiques","18":"tag-masters-1000","19":"tag-masters-500","20":"tag-masters-series","21":"tag-open-daustralie","22":"tag-resultats","23":"tag-roland-garros","24":"tag-sports","25":"tag-tennis","26":"tag-us-open","27":"tag-wimbledon","28":"tag-wta"},"share_on_mastodon":{"url":"https:\/\/pubeurope.com\/@fr\/115029820211516073","error":""},"_links":{"self":[{"href":"https:\/\/www.europesays.com\/fr\/wp-json\/wp\/v2\/posts\/319674","targetHints":{"allow":["GET"]}}],"collection":[{"href":"https:\/\/www.europesays.com\/fr\/wp-json\/wp\/v2\/posts"}],"about":[{"href":"https:\/\/www.europesays.com\/fr\/wp-json\/wp\/v2\/types\/post"}],"author":[{"embeddable":true,"href":"https:\/\/www.europesays.com\/fr\/wp-json\/wp\/v2\/users\/2"}],"replies":[{"embeddable":true,"href":"https:\/\/www.europesays.com\/fr\/wp-json\/wp\/v2\/comments?post=319674"}],"version-history":[{"count":0,"href":"https:\/\/www.europesays.com\/fr\/wp-json\/wp\/v2\/posts\/319674\/revisions"}],"wp:featuredmedia":[{"embeddable":true,"href":"https:\/\/www.europesays.com\/fr\/wp-json\/wp\/v2\/media\/319675"}],"wp:attachment":[{"href":"https:\/\/www.europesays.com\/fr\/wp-json\/wp\/v2\/media?parent=319674"}],"wp:term":[{"taxonomy":"category","embeddable":true,"href":"https:\/\/www.europesays.com\/fr\/wp-json\/wp\/v2\/categories?post=319674"},{"taxonomy":"post_tag","embeddable":true,"href":"https:\/\/www.europesays.com\/fr\/wp-json\/wp\/v2\/tags?post=319674"}],"curies":[{"name":"wp","href":"https:\/\/api.w.org\/{rel}","templated":true}]}}