{"id":319676,"date":"2025-08-14T23:56:12","date_gmt":"2025-08-14T23:56:12","guid":{"rendered":"https:\/\/www.europesays.com\/fr\/319676\/"},"modified":"2025-08-14T23:56:12","modified_gmt":"2025-08-14T23:56:12","slug":"motogp-pit-beirer-chez-ktm-nous-pouvons-aborder-la-suite-de-la-saison-avec-confiance","status":"publish","type":"post","link":"https:\/\/www.europesays.com\/fr\/319676\/","title":{"rendered":"MotoGP, Pit Beirer : \u00ab\u00a0chez KTM nous pouvons aborder la suite de la saison avec confiance\u00a0\u00bb"},"content":{"rendered":"<p><strong>Pas (encore) de victoire cette saison, mais un signal<br \/>\nfort envoy\u00e9 avant le Grand Prix national : KTM arrive \u00e0 Spielberg<br \/>\navec de l\u2019allant, de la m\u00e9thode et des certitudes nouvelles. La<br \/>\nvisite inaugurale du PDG Gottfried Neumeister \u00e0 Brno, dernier<br \/>\nrendez-vous avant la tr\u00eave, a jou\u00e9 les catalyseurs. Malgr\u00e9 un<br \/>\ncontexte loin d\u2019\u00eatre id\u00e9al \u2014 Enea Bastianini tout juste sorti de<br \/>\nl\u2019h\u00f4pital et affam\u00e9 de roulage pour Tech3, Maverick Vi\u00f1ales<br \/>\ntoujours convalescent apr\u00e8s sa chute en Allemagne (machine confi\u00e9e<br \/>\nau test rider Pol Espargar\u00f3 \u00e0 Brno), et aucune RC16 sur les deux<br \/>\npremi\u00e8res lignes \u2014 les V4 de Munderfing ont renvers\u00e9 le script au<br \/>\nbon moment en R\u00e9publique tch\u00e8que.<\/strong><\/p>\n<p>D\u00e8s le Sprint, la charge orange a embras\u00e9 <strong>Brno<\/strong><br \/>\n: remont\u00e9e express de la 11e place au podium pour<br \/>\n<strong>Bastianini<\/strong>, o\u00f9 <a href=\"https:\/\/www.paddock-gp.com\/motogp-pedro-acosta-voit-la-lumiere-au-bout-du-tunnel-pour-ktm-nous-sortons-du-trou-noir\/\" target=\"_blank\" rel=\"noopener\"><br \/>\n<strong>Pedro Acosta<\/strong><\/a> l\u2019attendait d\u00e9j\u00e0, et un tir<br \/>\ngroup\u00e9 dans le top 10 qui a sacr\u00e9 <strong>KTM<\/strong> \u00e9quipe de<br \/>\nsprint la plus performante du week-end avant la tr\u00eave. Le dimanche,<br \/>\nla dynamique s\u2019est prolong\u00e9e : malgr\u00e9 une attaque un brin trop<br \/>\noptimiste de la #23 termin\u00e9e dans le gravier,<br \/>\n<strong>Acosta<\/strong> a repris le podium, Brad Binder a boucl\u00e9<br \/>\nsolide parcours devant le joker de luxe <strong>Espargar\u00f3<\/strong>,<br \/>\n8e.<\/p>\n<p>Surtout, <strong>Brno<\/strong> a valid\u00e9 l\u2019alignement collectif<br \/>\nrecherch\u00e9 par <a href=\"https:\/\/www.paddock-gp.com\/motogp-pit-beirer-ktm-nous-ne-sommes-pas-satisfaits-de-nos-performances-avec-brad-binder-il-a-de-plus-en-plus-de-mal-a-faire-fonctionner-ce-package\/\" target=\"_blank\" rel=\"noopener\"><br \/>\n<strong>Pit Beirer<\/strong><\/a>. Le directeur de<br \/>\n<strong>KTM<\/strong> Racing r\u00e9sume : \u00ab le fait que <strong>nous<br \/>\nayons pu convaincre<\/strong> dans son ensemble sur cette piste, qui<br \/>\na \u00e9galement <strong>soulev\u00e9 de nombreuses interrogations<\/strong><br \/>\npour toutes les personnes impliqu\u00e9es \u00e0 notre retour, <strong>a \u00e9t\u00e9<br \/>\nextr\u00eamement positif<\/strong>. \u00bb<\/p>\n<p><img decoding=\"async\" class=\"aligncenter\" src=\"https:\/\/www.europesays.com\/fr\/wp-content\/uploads\/2025\/08\/696371cf31f041f7ae3bc378dadda17a.jpg\" alt=\"Infect\u00e9 : Gottfried Neumeister, PDG de KTM (\u00e0 droite) avec Pit Beirer et Heinz Kinigadner\"\/><\/p>\n<p><strong>Pit Beirer : \u00ab chez<br \/>\nKTM nous avan\u00e7ons d\u00e9sormais ensemble, pilotes et \u00e9quipe,<br \/>\nsur une m\u00eame voie\u00a0\u00bb<\/strong><\/p>\n<p>Et de pr\u00e9ciser la trajectoire suivie : \u00ab Brno a confirm\u00e9 le<br \/>\ntravail accompli pour nous tous. Nous avons b\u00e9n\u00e9fici\u00e9 du travail<br \/>\ntr\u00e8s clairement structur\u00e9 de ces derniers mois. <strong>Apr\u00e8s une<br \/>\nlongue p\u00e9riode de recherche de solutions multiples<\/strong> pour<br \/>\nr\u00e9pondre \u00e0 toutes les exigences, y compris celles de notre \u00e9quipe<br \/>\nde pilotes de haut niveau, nous avan\u00e7ons d\u00e9sormais ensemble sur une<br \/>\nm\u00eame voie. Tous \u2013 pilotes et \u00e9quipe \u2013 ont fourni des efforts et ont<br \/>\nr\u00e9cemment <strong>progress\u00e9 millim\u00e8tre par millim\u00e8tre<\/strong>,<br \/>\nposant ainsi les bases dont les pilotes peuvent d\u00e9sormais<br \/>\nb\u00e9n\u00e9ficier \u00bb.<\/p>\n<p>Autre bonne nouvelle : <a href=\"https:\/\/www.paddock-gp.com\/motogp-autriche-maverick-vinales-je-nai-pas-roule-depuis-un-mois-il-va-etre-important-dy-aller-etape-par-etape\/\" target=\"_blank\" rel=\"noopener\"><br \/>\n<strong>Vi\u00f1ales<\/strong><\/a> revient au Red Bull Ring.<br \/>\n<strong>Beirer<\/strong> l\u2019assure sur <a href=\"https:\/\/www.speedweek.com\/motogp\/news\/239653\/Pit-Beirer-vor-KTM-Heim-GP-Millimeter-um-Millimeter.html\" target=\"_blank\" rel=\"noopener\"><br \/>\nSpeedweek<\/a> : \u00ab Maverick est au d\u00e9part. Il est d\u00e9j\u00e0 de retour<br \/>\nsur une moto. Chaque jour de la pause estivale a \u00e9t\u00e9 important pour<br \/>\nlui. \u00bb<\/p>\n<p>Cette confiance n\u2019est pas feinte. Le patron d\u00e9taille le plan de<br \/>\nmarche post-tr\u00eave : \u00ab <strong>nous avons profit\u00e9 pleinement de<br \/>\nce moment<\/strong>. Outre une analyse minutieuse des<br \/>\ncourses et des essais r\u00e9cents, nous avons continu\u00e9 \u00e0 nous pr\u00e9parer<br \/>\navec assiduit\u00e9 et avons mis ce temps \u00e0 profit pour nous am\u00e9liorer<br \/>\nencore. Gr\u00e2ce aux r\u00e9cents r\u00e9sultats et au travail accompli pendant<br \/>\ncette p\u00e9riode sans course<strong>,<\/strong> nous pouvons aborder la<br \/>\nsuite de la saison avec confiance. \u00bb<\/p>\n<p>Et pour un GP \u00e0 domicile, l\u2019\u00e9lan d\u00e9passe le box : \u00ab<br \/>\nl\u2019ambiance positive et les r\u00e9sultats se sont \u00e9galement propag\u00e9s<br \/>\n\u00e0 notre entourage<strong>, y compris \u00e0 Gottfried<br \/>\nNeumeister<\/strong>. Environ 1 700 employ\u00e9s, fans, amis et<br \/>\nsupporters sont pr\u00e9sents pour le Grand Prix \u00e0 domicile ; c\u2019est<br \/>\ntoujours un sentiment formidable de les voir et de les rencontrer<br \/>\nen personne. <strong>Nous sommes parfaitement pr\u00e9par\u00e9s \u00e0 tous les<br \/>\nniveaux !<\/strong> \u00bb<\/p>\n<p>Toujours sans victoire, certes, mais plein gaz sur la tendance\u2026<br \/>\nAvec un effectif ragaillardi, un cap technique clarifi\u00e9 et une<br \/>\nmeute chauff\u00e9e \u00e0 blanc, <strong>KTM<\/strong> aborde Spielberg le<br \/>\nmors aux dents.<\/p>\n<p><img decoding=\"async\" class=\"aligncenter\" src=\"https:\/\/www.europesays.com\/fr\/wp-content\/uploads\/2025\/08\/2215ea19b61c4f37a344a0e5b91bf240.jpg\" alt=\"Double acclamations : le jeune Acosta a r\u00e9cemment termin\u00e9 deux fois sur le podium \u00e0 Brno\"\/><\/p>\n<p>\u00a0<\/p>\n","protected":false},"excerpt":{"rendered":"Pas (encore) de victoire cette saison, mais un signal fort envoy\u00e9 avant le Grand Prix national : KTM&hellip;\n","protected":false},"author":2,"featured_media":319677,"comment_status":"","ping_status":"","sticky":false,"template":"","format":"standard","meta":{"footnotes":""},"categories":[1413],"tags":[1011,27,1457,1456,60],"class_list":{"0":"post-319676","1":"post","2":"type-post","3":"status-publish","4":"format-standard","5":"has-post-thumbnail","7":"category-moto","8":"tag-fr","9":"tag-france","10":"tag-moto","11":"tag-motocycle","12":"tag-sports"},"share_on_mastodon":{"url":"https:\/\/pubeurope.com\/@fr\/115029828255447105","error":""},"_links":{"self":[{"href":"https:\/\/www.europesays.com\/fr\/wp-json\/wp\/v2\/posts\/319676","targetHints":{"allow":["GET"]}}],"collection":[{"href":"https:\/\/www.europesays.com\/fr\/wp-json\/wp\/v2\/posts"}],"about":[{"href":"https:\/\/www.europesays.com\/fr\/wp-json\/wp\/v2\/types\/post"}],"author":[{"embeddable":true,"href":"https:\/\/www.europesays.com\/fr\/wp-json\/wp\/v2\/users\/2"}],"replies":[{"embeddable":true,"href":"https:\/\/www.europesays.com\/fr\/wp-json\/wp\/v2\/comments?post=319676"}],"version-history":[{"count":0,"href":"https:\/\/www.europesays.com\/fr\/wp-json\/wp\/v2\/posts\/319676\/revisions"}],"wp:featuredmedia":[{"embeddable":true,"href":"https:\/\/www.europesays.com\/fr\/wp-json\/wp\/v2\/media\/319677"}],"wp:attachment":[{"href":"https:\/\/www.europesays.com\/fr\/wp-json\/wp\/v2\/media?parent=319676"}],"wp:term":[{"taxonomy":"category","embeddable":true,"href":"https:\/\/www.europesays.com\/fr\/wp-json\/wp\/v2\/categories?post=319676"},{"taxonomy":"post_tag","embeddable":true,"href":"https:\/\/www.europesays.com\/fr\/wp-json\/wp\/v2\/tags?post=319676"}],"curies":[{"name":"wp","href":"https:\/\/api.w.org\/{rel}","templated":true}]}}