{"id":319678,"date":"2025-08-14T23:57:10","date_gmt":"2025-08-14T23:57:10","guid":{"rendered":"https:\/\/www.europesays.com\/fr\/319678\/"},"modified":"2025-08-14T23:57:10","modified_gmt":"2025-08-14T23:57:10","slug":"nico-hulkenberg-un-potentiel-largement-sous-estime","status":"publish","type":"post","link":"https:\/\/www.europesays.com\/fr\/319678\/","title":{"rendered":"Nico H\u00fclkenberg : un potentiel largement sous-estim\u00e9"},"content":{"rendered":"<p>Selon G\u00fcnther Steiner, ancien directeur d\u2019\u00e9quipe en Formule 1, Nico H\u00fclkenberg aurait pu r\u00e9aliser bien plus s\u2019il avait eu la chance de piloter au bon moment et dans la bonne \u00e9curie.<\/p>\n<p><img fetchpriority=\"high\" data-lazyloaded=\"1\" src=\"https:\/\/www.europesays.com\/fr\/wp-content\/uploads\/2025\/08\/Nico-Hulkenberg-un-potentiel-largement-sous-estime.webp.webp.webp\" alt=\"Nico H\u00fclkenberg pensif dans le paddock de Formule 1 en 2025\" width=\"620\" height=\"500\" loading=\"eager\" decoding=\"async\"\/>Nico H\u00fclkenberg pensif dans le paddock de Formule 1, 2025 \u00a9 LAT Images<\/p>\n<p>Dans un entretien accord\u00e9 \u00e0 Web.de, G\u00fcnther Steiner a soulign\u00e9 avec une pointe d\u2019ironie : \u00ab Nico a ce talent singulier de choisir le mauvais team au mauvais moment. Plusieurs fois, il \u00e9tait tout proche d\u2019un volant dans une \u00e9curie de premier plan, sans jamais y parvenir. \u00bb<\/p>\n<p>De son c\u00f4t\u00e9, H\u00fclkenberg avait confi\u00e9 il y a quelques ann\u00e9es avoir eu une \u00ab r\u00e9elle opportunit\u00e9 \u00bb chez Ferrari. \u00ab En 2013, des discussions ont eu lieu, mais cela ne s\u2019est pas concr\u00e9tis\u00e9, \u00bb expliquait-il, regrettant que ce soit finalement Kimi R\u00e4ikk\u00f6nen qui ait occup\u00e9 le si\u00e8ge en 2014.<\/p>\n<p>L\u2019Allemand a \u00e9galement failli rejoindre Mercedes. Ross Brawn, ancien directeur de l\u2019\u00e9curie, a confi\u00e9 sur Formula1.com : \u00ab Si Lewis Hamilton n\u2019\u00e9tait pas arriv\u00e9 \u00e0 ce moment-l\u00e0, Nico aurait \u00e9t\u00e9 notre premier choix. \u00bb Depuis, Hamilton a remport\u00e9 six titres mondiaux au guidon de la marque \u00e0 l\u2019\u00e9toile, devenant l\u2019un des pilotes les plus titr\u00e9s de l\u2019histoire de la F1.<\/p>\n<p>Une carri\u00e8re marqu\u00e9e par des \u00e9quipes hors du top<\/p>\n<p>Plut\u00f4t que de piloter pour les leaders, H\u00fclkenberg a \u00e9volu\u00e9 dans des \u00e9quipes moins en vue : Aston Martin, Force India, Racing Point, Renault, Williams, ainsi que Sauber aujourd\u2019hui \u2013 sans oublier Haas, sous la direction de Steiner.<\/p>\n<p>\u00ab C\u2019est d\u2019autant plus agr\u00e9able qu\u2019il ait enfin d\u00e9croch\u00e9 son premier podium, \u00bb se r\u00e9jouit G\u00fcnther Steiner. \u00ab Il le m\u00e9rite amplement. \u00bb<\/p>\n<p>N\u00e9anmoins, Steiner estime qu\u2019une vraie chance de titre s\u2019\u00e9loigne pour H\u00fclkenberg : \u00ab Il faudrait un coup de th\u00e9\u00e2tre extraordinaire pour qu\u2019il obtienne un top-cockpit. Personne ne b\u00e2tira un projet autour de lui, il est simplement trop \u00e2g\u00e9. \u00bb<\/p>\n<p>Cependant, il reste un atout pr\u00e9cieux pour toute \u00e9quipe : \u00ab Si l\u2019on cherche un pilote exp\u00e9riment\u00e9 fiable, capable de livrer des performances solides, Nico est exactement le bon choix. \u00bb<\/p>\n<p>Le renouveau de Sauber salu\u00e9 par Steiner<\/p>\n<p>Chez Sauber, o\u00f9 H\u00fclkenberg a r\u00e9cemment offert le premier podium du team depuis 2012, la dynamique est positive. Ce r\u00e9sultat \u00e0 Silverstone est venu couronner un net progr\u00e8s du constructeur suisse.<\/p>\n<p>Steiner commente : \u00ab Ce que Sauber a accompli cette saison est remarquable. Les progr\u00e8s sont \u00e9normes, la direction prise est bonne. Cela me rend optimiste pour la transition vers Audi en 2026 : l\u2019avenir pourrait \u00eatre encore meilleur que pr\u00e9vu. \u00bb<\/p>\n<p>Points \u00e0 retenir<\/p>\n<ul>\n<li>Nico H\u00fclkenberg a souvent fr\u00f4l\u00e9 les meilleures \u00e9curies, mais a rarement b\u00e9n\u00e9fici\u00e9 d\u2019un top-volant au bon moment.<\/li>\n<li>Des discussions s\u00e9rieuses ont eu lieu avec Ferrari ou Mercedes, mais elles n\u2019ont pas abouti.<\/li>\n<li>Sa carri\u00e8re s\u2019est principalement d\u00e9roul\u00e9e dans des \u00e9quipes du milieu ou du bas du tableau, limitant ses opportunit\u00e9s de podiums et de titres.<\/li>\n<li>Son premier podium en F1 est arriv\u00e9 avec Sauber, symbole des progr\u00e8s r\u00e9cents de l\u2019\u00e9quipe suisse.<\/li>\n<li>Steiner souligne son exp\u00e9rience et sa fiabilit\u00e9, des qualit\u00e9s toujours appr\u00e9ci\u00e9es dans un paddock souvent domin\u00e9 par la jeunesse et le buzz.<\/li>\n<li>La perspective d\u2019un titre mondial pour H\u00fclkenberg semble aujourd\u2019hui tr\u00e8s improbable, mais pas sa valeur comme pilote solide et exp\u00e9riment\u00e9.<\/li>\n<li>La collaboration Sauber \u2013 Audi ouvre une nouvelle page prometteuse dans l\u2019histoire de l\u2019\u00e9curie.<\/li>\n<\/ul>\n<p>En fin de compte, la carri\u00e8re de Nico H\u00fclkenberg illustre combien le talent peut parfois se heurter aux al\u00e9as du choix d\u2019\u00e9curie. Apr\u00e8s tout, en Formule 1, \u00eatre au bon endroit au bon moment fait souvent toute la diff\u00e9rence \u2013 peut-\u00eatre m\u00eame plus que le talent pur. Si l\u2019on devait se r\u00e9jouir d\u2019une chose, c\u2019est que malgr\u00e9 tout, H\u00fclkenberg a su rester un pilote respect\u00e9 et fiable, un atout s\u00fbr dans un monde o\u00f9 l\u2019on cherche souvent moins la stabilit\u00e9 que le buzz. Alors, \u00e0 quand le prochain pilote qui aura le flair de choisir la bonne \u00e9quipe d\u00e8s son premier contrat ? Je parie que ce sera lui \u2013 mais seulement si ses conseillers consultent les \u00e9toiles un peu plus s\u00e9rieusement la prochaine fois !<\/p>\n<p class=\"has-white-color has-text-color has-background has-link-color\" style=\"background-color:#b2b2b2;font-size:12px\">Cet article a \u00e9t\u00e9 g\u00e9n\u00e9r\u00e9 gr\u00e2ce \u00e0 l&rsquo;intelligence Artificielle. Chez LesNews, nos r\u00e9dacteurs exploitent l&rsquo;IA pour \u00e9laborer des articles innovants \u00e0 partir de <strong>sources fiables.<\/strong> Si vous rep\u00e9rez une image ou un contenu inappropri\u00e9, merci de nous le signaler via le <a href=\"https:\/\/lesnews.ca\/formulaire-dmca\/\" data-wpel-link=\"internal\" rel=\"nofollow noopener\" target=\"_blank\">formulaire DMCA <\/a>\u2013 nous agirons rapidement pour le corriger. \/ This article has been generated using Artificial Intelligence. At LesNews, our editors leverage AI to craft innovative articles <strong>sourced<\/strong> from <strong>reliable references<\/strong>. If you come across any image or content that appears inappropriate, please notify us through the <a href=\"https:\/\/lesnews.ca\/formulaire-dmca\/\" data-wpel-link=\"internal\" rel=\"nofollow noopener\" target=\"_blank\">DMCA form<\/a> \u2013 we will promptly take action to address it.<\/p>\n<p>  Navigation de l\u2019article<\/p>\n","protected":false},"excerpt":{"rendered":"Selon G\u00fcnther Steiner, ancien directeur d\u2019\u00e9quipe en Formule 1, Nico H\u00fclkenberg aurait pu r\u00e9aliser bien plus s\u2019il avait&hellip;\n","protected":false},"author":2,"featured_media":319679,"comment_status":"","ping_status":"","sticky":false,"template":"","format":"standard","meta":{"footnotes":""},"categories":[1412],"tags":[1451,1452,1453,1454,1455,1011,27,60],"class_list":{"0":"post-319678","1":"post","2":"type-post","3":"status-publish","4":"format-standard","5":"has-post-thumbnail","7":"category-f1","8":"tag-f1","9":"tag-formula-1","10":"tag-formula1","11":"tag-formule-1","12":"tag-formule1","13":"tag-fr","14":"tag-france","15":"tag-sports"},"share_on_mastodon":{"url":"https:\/\/pubeurope.com\/@fr\/115029832158130793","error":""},"_links":{"self":[{"href":"https:\/\/www.europesays.com\/fr\/wp-json\/wp\/v2\/posts\/319678","targetHints":{"allow":["GET"]}}],"collection":[{"href":"https:\/\/www.europesays.com\/fr\/wp-json\/wp\/v2\/posts"}],"about":[{"href":"https:\/\/www.europesays.com\/fr\/wp-json\/wp\/v2\/types\/post"}],"author":[{"embeddable":true,"href":"https:\/\/www.europesays.com\/fr\/wp-json\/wp\/v2\/users\/2"}],"replies":[{"embeddable":true,"href":"https:\/\/www.europesays.com\/fr\/wp-json\/wp\/v2\/comments?post=319678"}],"version-history":[{"count":0,"href":"https:\/\/www.europesays.com\/fr\/wp-json\/wp\/v2\/posts\/319678\/revisions"}],"wp:featuredmedia":[{"embeddable":true,"href":"https:\/\/www.europesays.com\/fr\/wp-json\/wp\/v2\/media\/319679"}],"wp:attachment":[{"href":"https:\/\/www.europesays.com\/fr\/wp-json\/wp\/v2\/media?parent=319678"}],"wp:term":[{"taxonomy":"category","embeddable":true,"href":"https:\/\/www.europesays.com\/fr\/wp-json\/wp\/v2\/categories?post=319678"},{"taxonomy":"post_tag","embeddable":true,"href":"https:\/\/www.europesays.com\/fr\/wp-json\/wp\/v2\/tags?post=319678"}],"curies":[{"name":"wp","href":"https:\/\/api.w.org\/{rel}","templated":true}]}}