{"id":319680,"date":"2025-08-14T23:58:13","date_gmt":"2025-08-14T23:58:13","guid":{"rendered":"https:\/\/www.europesays.com\/fr\/319680\/"},"modified":"2025-08-14T23:58:13","modified_gmt":"2025-08-14T23:58:13","slug":"nous-devons-tous-les-sortir-de-la-course-contre-la-montre-en-tanzanie-pour-sauver-21-mineurs-ensevelis","status":"publish","type":"post","link":"https:\/\/www.europesays.com\/fr\/319680\/","title":{"rendered":"\u00ab\u00a0Nous devons tous les sortir de l\u00e0\u00a0\u00bb : course contre-la-montre en Tanzanie pour sauver 21 mineurs ensevelis"},"content":{"rendered":"<ul class=\"jsx-862013697 ArticleChapo__List\">\n<li class=\"jsx-862013697 ArticleChapo__List_Item flex\">Une mine d&rsquo;or s&rsquo;est effondr\u00e9e, lundi 11 ao\u00fbt, en Tanzanie, ensevelissant 25 travailleurs.<\/li>\n<li class=\"jsx-862013697 ArticleChapo__List_Item flex\">Quatre d&rsquo;entre eux ont pu \u00e9t\u00e9 secourus, mais un est finalement d\u00e9c\u00e9d\u00e9 malgr\u00e9 les soins prodigu\u00e9s.<\/li>\n<li class=\"jsx-862013697 ArticleChapo__List_Item flex\">Trois jours apr\u00e8s la catastrophe, des op\u00e9rations de sauvetage sont toujours en cours pour retrouver les 21 personnes encore coinc\u00e9es sous terre.<\/li>\n<\/ul>\n<p data-module=\"article-paragraph\" class=\"jsx-3046738180 Paragraph Paragraph__End\">Tout un pays est suspendu \u00e0 leur sort. La mine d&rsquo;or de Nyandolwa, dans la r\u00e9gion de Shinyanga, au nord-ouest de la Tanzanie, s&rsquo;est effondr\u00e9e, lundi 11 ao\u00fbt, ensevelissant 25 personnes. \u00ab\u00a025 de nos fr\u00e8res travaillant dans la mine ont \u00e9t\u00e9 ensevelis sous les d\u00e9combres\u00a0\u00bb, a annonc\u00e9 la pr\u00e9sidente tanzanienne, <a href=\"https:\/\/x.com\/SuluhuSamia\/status\/1955980585681203691\" target=\"_blank\">Samia Suluhu (nouvelle fen\u00eatre)<\/a>, qui a exprim\u00e9 sa \u00ab\u00a0profonde tristesse\u00a0\u00bb sur le r\u00e9seau social X.<\/p>\n<p data-module=\"article-paragraph\" class=\"jsx-3046738180 Paragraph Paragraph__End\">\u00ab\u00a0Personne ne s&rsquo;attendait \u00e0 cet accident\u00a0\u00bb, a d\u00e9clar\u00e9 sur les lieux l&rsquo;administratrice de la r\u00e9gion de Shinyanga, Mboni Mhita. L&rsquo;accident s&rsquo;est produit lors d&rsquo;une op\u00e9ration de maintenance dans les puits, situ\u00e9s \u00e0 environ 200 kilom\u00e8tres au nord de la capitale Dodoma. \u00ab\u00a0Restons calmes et continuons \u00e0 soutenir les efforts de sauvetage.\u00a0\u00bb<\/p>\n<blockquote data-testid=\"EmbedTwitter\" id=\"tweet-1955605730930631151-:R4rcmj9n79m:\" class=\"jsx-aeff1a1c40f54d7a twitter-tweet flex justify-center items-center\"><p>#UPDATES Juhudi za kuwaokoa wachimbaji wadogo 25 wa kikundi cha wachapakazi katika mgodi wa Nyandolwa katika kijiji cha Mwongozo wilayani Shinyanga walioangukiwa na kufunikwa na kifusi zimeendelea ambapo tayari watatu wameokolewa. Mashuhuda wa ajali hiyo ililotokea jana,\u2026  pic.twitter.com\/2XelWEH2xR \u2014 EastAfricaTV (@eastafricatv)  August 13, 2025<\/p><\/blockquote>\n<p data-module=\"article-paragraph\" class=\"jsx-3046738180 Paragraph Paragraph__End\">Quatre mineurs ont pu \u00eatre sortis des d\u00e9combres, dont un est d\u00e9c\u00e9d\u00e9, tandis que les trois autres, hospitalis\u00e9s, sont en bonne sant\u00e9, a annonc\u00e9 le vice-ministre des Mines, Stephen Kiruswa, dont les propos ont \u00e9t\u00e9 rapport\u00e9s par la cha\u00eene locale <a href=\"https:\/\/x.com\/eastafricatv\/status\/1955860388559368651\" target=\"_blank\">EATV (nouvelle fen\u00eatre)<\/a>. Les op\u00e9rations de sauvetage sont toujours en cours pour extraire les 21 autres encore coinc\u00e9s sous terre.\u00a0<\/p>\n<p><a href=\"https:\/\/www.tf1info.fr\/international\/reportage-video-papouasie-nouvelle-guinee-comment-un-pan-de-montagne-a-enseveli-un-village-de-mineurs-2303035.html\" rel=\"noopener\" class=\"jsx-3308031228 Link flex\" target=\"_blank\"><img decoding=\"async\" src=\"https:\/\/www.europesays.com\/fr\/wp-content\/uploads\/2025\/08\/recherche-des-disparus-dans-la-boue-qui-a-enseveli-le-village-de-yambali-le-29-mai-2024-b34718-1@1x..jpeg\" alt=\"EMMANUEL ERALIA \/ AFP\" loading=\"lazy\" importance=\"low\" fetchpriority=\"low\" class=\"\" aria-hidden=\"true\"\/><\/p>\n<p class=\"jsx-3657663356 ReadMoreArticle__Title\">Lire aussi<\/p>\n<p class=\"jsx-3657663356\">Papouasie-Nouvelle-Guin\u00e9e : comment un pan de montagne a enseveli un village de mineurs<\/p>\n<p><\/a><\/p>\n<p data-module=\"article-paragraph\" class=\"jsx-3046738180 Paragraph Paragraph__End\">\u00ab\u00a0Nous poursuivons les op\u00e9rations de sauvetage jour et nuit\u00a0\u00bb, a fait savoir le ministre. \u00ab\u00a0Que nous les retrouvions morts ou vivants, nous devons tous les sortir de l\u00e0. J&rsquo;ai d\u00e9j\u00e0 donn\u00e9 des instructions pour que tout le mat\u00e9riel de premiers secours n\u00e9cessaire, dont des bouteilles d&rsquo;oxyg\u00e8ne, soit disponible.\u00a0\u00bb<\/p>\n<p>Y.R.<\/p>\n<p><script async src=\"https:\/\/platform.twitter.com\/widgets.js\" charset=\"utf-8\"><\/script><\/p>\n","protected":false},"excerpt":{"rendered":"Une mine d&rsquo;or s&rsquo;est effondr\u00e9e, lundi 11 ao\u00fbt, en Tanzanie, ensevelissant 25 travailleurs. Quatre d&rsquo;entre eux ont pu&hellip;\n","protected":false},"author":2,"featured_media":319681,"comment_status":"","ping_status":"","sticky":false,"template":"","format":"standard","meta":{"footnotes":""},"categories":[1411],"tags":[45783,1111,11,879,1921,1154,207,6017,1011,27,1922,60,133,1920],"class_list":{"0":"post-319680","1":"post","2":"type-post","3":"status-publish","4":"format-standard","5":"has-post-thumbnail","7":"category-cyclisme","8":"tag-accidents-et-incidents-etrangers","9":"tag-actu","10":"tag-actualites","11":"tag-afrique","12":"tag-article-video","13":"tag-cycling","14":"tag-cyclisme","15":"tag-fait-divers","16":"tag-fr","17":"tag-france","18":"tag-info","19":"tag-sports","20":"tag-video","21":"tag-video-international"},"share_on_mastodon":{"url":"https:\/\/pubeurope.com\/@fr\/115029836166012646","error":""},"_links":{"self":[{"href":"https:\/\/www.europesays.com\/fr\/wp-json\/wp\/v2\/posts\/319680","targetHints":{"allow":["GET"]}}],"collection":[{"href":"https:\/\/www.europesays.com\/fr\/wp-json\/wp\/v2\/posts"}],"about":[{"href":"https:\/\/www.europesays.com\/fr\/wp-json\/wp\/v2\/types\/post"}],"author":[{"embeddable":true,"href":"https:\/\/www.europesays.com\/fr\/wp-json\/wp\/v2\/users\/2"}],"replies":[{"embeddable":true,"href":"https:\/\/www.europesays.com\/fr\/wp-json\/wp\/v2\/comments?post=319680"}],"version-history":[{"count":0,"href":"https:\/\/www.europesays.com\/fr\/wp-json\/wp\/v2\/posts\/319680\/revisions"}],"wp:featuredmedia":[{"embeddable":true,"href":"https:\/\/www.europesays.com\/fr\/wp-json\/wp\/v2\/media\/319681"}],"wp:attachment":[{"href":"https:\/\/www.europesays.com\/fr\/wp-json\/wp\/v2\/media?parent=319680"}],"wp:term":[{"taxonomy":"category","embeddable":true,"href":"https:\/\/www.europesays.com\/fr\/wp-json\/wp\/v2\/categories?post=319680"},{"taxonomy":"post_tag","embeddable":true,"href":"https:\/\/www.europesays.com\/fr\/wp-json\/wp\/v2\/tags?post=319680"}],"curies":[{"name":"wp","href":"https:\/\/api.w.org\/{rel}","templated":true}]}}