{"id":319684,"date":"2025-08-15T00:00:14","date_gmt":"2025-08-15T00:00:14","guid":{"rendered":"https:\/\/www.europesays.com\/fr\/319684\/"},"modified":"2025-08-15T00:00:14","modified_gmt":"2025-08-15T00:00:14","slug":"cecile-de-menibus-seclate-avec-ary-abittan-a-cannes-et-sattire-les-foudres","status":"publish","type":"post","link":"https:\/\/www.europesays.com\/fr\/319684\/","title":{"rendered":"C\u00e9cile de M\u00e9nibus s&rsquo;\u00e9clate avec Ary Abittan \u00e0 Cannes et s&rsquo;attire les foudres"},"content":{"rendered":"<p>      R\u00e9sum\u00e9<\/p>\n<p>C\u00e9cile de M\u00e9nibus et Ary Abittan, r\u00e9cemment innocent\u00e9 dans une affaire judiciaire, s&rsquo;affichent complices \u00e0 Cannes, suscitant admiration et r\u00e9actions contrast\u00e9es.<\/p>\n<p>        Sommaire<\/p>\n<p>En octobre 2021, Ary\u202fAbittan a \u00e9t\u00e9 plac\u00e9 en garde \u00e0 vue \u00e0 la suite d\u2019une plainte pour viol d\u00e9pos\u00e9e par une jeune femme qu\u2019il fr\u00e9quenta\u00eet occasionnellement. Apr\u00e8s plusieurs mois d\u2019instructions, la justice a finalement prononc\u00e9 un non-lieu en avril 2024. <a href=\"https:\/\/www.public.fr\/ary-abittan-accuse-de-viol-son-appel-lance-pour-participer-a-une-celebre-emission\" target=\"_blank\" rel=\"noopener\">\u00a0La d\u00e9cision a \u00e9t\u00e9 confirm\u00e9e en appel le 30\u00a0janvier\u00a0dernier. <\/a>M\u00eame s\u2019il a \u00e9t\u00e9 innocent\u00e9, l\u2019humoriste et acteur a connu une v\u00e9ritable descente aux enfers durant trois ans.<\/p>\n<p>Finalement, <a href=\"https:\/\/www.public.fr\/ary-abittan-accuse-de-viol-lache-par-ses-amis-du-cinema-il-se-lache-certains-netaient-plus-la-mais-je-ne-leur-en-veux-pas\" target=\"_blank\" rel=\"noopener\">Ary Abittan a fait son retour sur sc\u00e8ne<\/a> il y a quelques mois de cela. Dans son spectacle, le com\u00e9dien parle de cette affaire. D\u2019ailleurs, le p\u00e8re de famille a expliqu\u00e9 comment cette affaire avait eu un impact dans sa vie personnelle au micro de Cin\u00e9 T\u00e9l\u00e9 Revue\u00a0: \u00ab\u00a0Ce qui fait le plus mal, ce n&rsquo;est pas le silence, c&rsquo;est le regard des gens qui change. J&rsquo;ai \u00e9t\u00e9 innocent\u00e9 \u00e0 trois reprises par la justice. Elle a fait son travail. Aujourd&rsquo;hui, j&rsquo;aimerais reprendre le mien\u00a0\u00bb<\/p>\n<p>Ary Abittan a ajout\u00e9 : \u00ab\u00a0Cette affaire m&rsquo;a travers\u00e9, mais elle ne\u00a0m&rsquo;a pas d\u00e9truit. Elle m&rsquo;a surtout purifi\u00e9.\u00a0Ce n&rsquo;est pas un titre racoleur dans un journal qui d\u00e9finit l&rsquo;homme que je suis\u00a0\u00bb.<\/p>\n<p>C\u00e9cile de M\u00e9nibus s&rsquo;affiche proche d&rsquo;Ary Abittan<\/p>\n<p>La tr\u00eave estivale est le meilleur moment pour se ressourcer et se vider la t\u00eate. Si de nombreuses personnalit\u00e9s se sont envol\u00e9es vers des destinations paradisiaques, d\u2019autres sont rest\u00e9es au sud de la France en se rendant \u00e0 Saint-Tropez ou encore \u00e0 Cannes. <\/p>\n<p>C\u2019est le cas de C\u00e9cile de M\u00e9nibus qui a fait la f\u00eate au c\u00e9l\u00e8bre Palm Beach de la Croisette. Et elle n\u2019\u00e9tait pas seule puisqu\u2019elle y a retrouv\u00e9 son ami Ary Abittan comme en t\u00e9moigne le clich\u00e9 qu\u2019elle a publi\u00e9 sur Instagram ce jeudi 14 ao\u00fbt o\u00f9 ils s\u2019affichent souriants.<\/p>\n<p>Si beaucoup ont ador\u00e9 revoir le duo ensemble, d\u2019autres ont sorti les griffes et ont publi\u00e9 des commentaires tels que\u00a0:\u00a0\u00ab\u00a0Fais gaffe quand m\u00eame\u00a0\u00bb, \u00ab\u00a0Oulaaa\u00a0\u00bb, \u00ab\u00a0Tout d&rsquo;un coup vous \u00eates ami quand il \u00e9tait dans la mouise il \u00e9tait tout seul tu n&rsquo;\u00e9tais pas l\u00e0 C\u00e9cile pour le soutenir\u00a0\u00bb.<\/p>\n<p>Pour rappel, Ary Abittan a \u00e9t\u00e9 innocent\u00e9 et C\u00e9cile de M\u00e9nibus prouve avec ce clich\u00e9 qu\u2019elle le soutient peu importe les critiques qu\u2019elle peut amasser.<\/p>\n<p>      Mentionn\u00e9s dans cet article<\/p>\n<p>      Sur le m\u00eame sujet<\/p>\n","protected":false},"excerpt":{"rendered":"R\u00e9sum\u00e9 C\u00e9cile de M\u00e9nibus et Ary Abittan, r\u00e9cemment innocent\u00e9 dans une affaire judiciaire, s&rsquo;affichent complices \u00e0 Cannes, suscitant&hellip;\n","protected":false},"author":2,"featured_media":319685,"comment_status":"","ping_status":"","sticky":false,"template":"","format":"standard","meta":{"footnotes":""},"categories":[1359],"tags":[19796,45784,58,59,1011,27,973],"class_list":{"0":"post-319684","1":"post","2":"type-post","3":"status-publish","4":"format-standard","5":"has-post-thumbnail","7":"category-people","8":"tag-ary-abittan","9":"tag-cecile-de-menibus","10":"tag-divertissement","11":"tag-entertainment","12":"tag-fr","13":"tag-france","14":"tag-people"},"share_on_mastodon":{"url":"https:\/\/pubeurope.com\/@fr\/115029843898612096","error":""},"_links":{"self":[{"href":"https:\/\/www.europesays.com\/fr\/wp-json\/wp\/v2\/posts\/319684","targetHints":{"allow":["GET"]}}],"collection":[{"href":"https:\/\/www.europesays.com\/fr\/wp-json\/wp\/v2\/posts"}],"about":[{"href":"https:\/\/www.europesays.com\/fr\/wp-json\/wp\/v2\/types\/post"}],"author":[{"embeddable":true,"href":"https:\/\/www.europesays.com\/fr\/wp-json\/wp\/v2\/users\/2"}],"replies":[{"embeddable":true,"href":"https:\/\/www.europesays.com\/fr\/wp-json\/wp\/v2\/comments?post=319684"}],"version-history":[{"count":0,"href":"https:\/\/www.europesays.com\/fr\/wp-json\/wp\/v2\/posts\/319684\/revisions"}],"wp:featuredmedia":[{"embeddable":true,"href":"https:\/\/www.europesays.com\/fr\/wp-json\/wp\/v2\/media\/319685"}],"wp:attachment":[{"href":"https:\/\/www.europesays.com\/fr\/wp-json\/wp\/v2\/media?parent=319684"}],"wp:term":[{"taxonomy":"category","embeddable":true,"href":"https:\/\/www.europesays.com\/fr\/wp-json\/wp\/v2\/categories?post=319684"},{"taxonomy":"post_tag","embeddable":true,"href":"https:\/\/www.europesays.com\/fr\/wp-json\/wp\/v2\/tags?post=319684"}],"curies":[{"name":"wp","href":"https:\/\/api.w.org\/{rel}","templated":true}]}}