{"id":319688,"date":"2025-08-15T00:02:19","date_gmt":"2025-08-15T00:02:19","guid":{"rendered":"https:\/\/www.europesays.com\/fr\/319688\/"},"modified":"2025-08-15T00:02:19","modified_gmt":"2025-08-15T00:02:19","slug":"la-bd-en-fete-a-prevost-revue-les-libraires","status":"publish","type":"post","link":"https:\/\/www.europesays.com\/fr\/319688\/","title":{"rendered":"La BD en f\u00eate \u00e0 Pr\u00e9vost \u2014 Revue Les libraires"},"content":{"rendered":"<p>        Le <a href=\"https:\/\/fbdp.ca\/\" target=\"_blank\" rel=\"noopener nofollow\">Festival de la BD de Pr\u00e9vost<\/a> en est \u00e0 sa 13e \u00e9dition. Une excellente raison de visiter la magnifique r\u00e9gion des Laurentides!<\/p>\n<p>C\u2019est plus de 35 b\u00e9d\u00e9istes qui prendront part \u00e0 l\u2019\u00e9v\u00e9nement, qui se veut interg\u00e9n\u00e9rationnel en plus d\u2019\u00eatre enti\u00e8rement gratuit. Par le biais d\u2019ateliers, de discussions, d\u2019activit\u00e9s et de s\u00e9ances de d\u00e9dicaces, les auteurs et les autrices rencontreront leur public en toute g\u00e9n\u00e9rosit\u00e9. Ainsi, des ateliers de dessins auront lieu avec St\u00e9phan Arche, Jean-Fran\u00e7ois Lalibert\u00e9, Olivier Carpentier et Tristan Demers. Il y aura aussi des combats de dessins opposant F\u00e9lix LaFlamme et \u00c9ric P\u00e9ladeau, Steph Dumais et Bor\u00e9alCitron, Marina Leon et Dom Pelletier; des dessins en direct avec Louis Paradis, Nick Micho et Kan-J et des rencontres inspirantes avec Jocelyn Jalette, Guillaume Perreault ainsi que Fran\u00e7ois Paquet et Yves Lessard, de <a href=\"https:\/\/www.leslibraires.ca\/serie\/stat-214327\" target=\"_blank\" rel=\"noopener nofollow\">Stat<\/a>. Bref, une fin de semaine bien remplie!<\/p>\n<p>Cette ann\u00e9e, le festival inaugure un jeu d\u2019\u00e9vasion virtuel, accessible en ligne. Ce jeu, inspir\u00e9 du festival et de ses coulisses, invite les familles \u00e0 se creuser les m\u00e9ninges pour d\u00e9coder les \u00e9nigmes. Les joueurs qui parviendront \u00e0 le faire acc\u00e9deront \u00e0 un parcours exclusif qui ne r\u00e9v\u00e8le rien de moins que la suite des aventures de l\u2019Agent Jean. Les enfants et leurs parents pourront \u00e9galement profiter de l\u2019exposition BD3D qui propose en r\u00e9alit\u00e9 virtuelle les univers des <a href=\"https:\/\/www.leslibraires.ca\/collection\/les-dragouilles-206637\" target=\"_blank\" rel=\"noopener nofollow\">Dragouilles<\/a>, de <a href=\"https:\/\/www.leslibraires.ca\/serie\/biodome-207895\" target=\"_blank\" rel=\"noopener nofollow\">Biod\u00f4me<\/a>, de <a href=\"https:\/\/www.leslibraires.ca\/serie\/l-agent-jean-208551\" target=\"_blank\" rel=\"noopener nofollow\">L\u2019Agent Jean<\/a> et d\u2019<a href=\"https:\/\/www.leslibraires.ca\/serie\/aventurosaure-209587\" target=\"_blank\" rel=\"noopener nofollow\">Aventurosaure<\/a>.<\/p>\n<p>Trois prix seront remis dimanche, en cl\u00f4ture du festival. Le public est invit\u00e9 \u00e0 voter pour son b\u00e9d\u00e9iste favori, qui recevra une bourse de 150$. Une autre bourse de la m\u00eame valeur sera d\u00e9cern\u00e9e \u00e0 la Recrue du festival, c\u2019est-\u00e0-dire \u00e0 un b\u00e9d\u00e9iste dont c\u2019\u00e9tait la premi\u00e8re participation. Enfin, les b\u00e9d\u00e9istes pr\u00e9sents voteront pour celui ou celle d\u2019entre eux qui se sera le plus illustr\u00e9 durant l\u2019ann\u00e9e. Une bourse de 500$ sera remise.<\/p>\n<p>Pour en savoir davantage sur le Festival de la BD de Pr\u00e9vost, <a href=\"https:\/\/fbdp.ca\/\" target=\"_blank\" rel=\"noopener nofollow\">c\u2019est ici<\/a>. Pour d\u00e9couvrir le jeu d\u2019\u00e9vasion virtuel, <a href=\"https:\/\/app.charlietangogames.com\/challengeWeb\" target=\"_blank\" rel=\"noopener nofollow\">c\u2019est l\u00e0<\/a>.<\/p>\n<p>Le <a href=\"https:\/\/fbdp.ca\/\" target=\"_blank\" rel=\"noopener nofollow\">Festival de la BD de Pr\u00e9vost<\/a> se d\u00e9roule les 16 et 17 ao\u00fbt \u00e0 l\u2019\u00c9cole du Champ-Fleuri.<\/p>\n<p>Illustration : \u00a9 Olivier Carpentier<\/p>\n","protected":false},"excerpt":{"rendered":"Le Festival de la BD de Pr\u00e9vost en est \u00e0 sa 13e \u00e9dition. Une excellente raison de visiter&hellip;\n","protected":false},"author":2,"featured_media":319689,"comment_status":"","ping_status":"","sticky":false,"template":"","format":"standard","meta":{"footnotes":""},"categories":[1357],"tags":[1379,58,59,1011,27,1380],"class_list":{"0":"post-319688","1":"post","2":"type-post","3":"status-publish","4":"format-standard","5":"has-post-thumbnail","7":"category-livres","8":"tag-books","9":"tag-divertissement","10":"tag-entertainment","11":"tag-fr","12":"tag-france","13":"tag-livres"},"share_on_mastodon":{"url":"https:\/\/pubeurope.com\/@fr\/115029851780140321","error":""},"_links":{"self":[{"href":"https:\/\/www.europesays.com\/fr\/wp-json\/wp\/v2\/posts\/319688","targetHints":{"allow":["GET"]}}],"collection":[{"href":"https:\/\/www.europesays.com\/fr\/wp-json\/wp\/v2\/posts"}],"about":[{"href":"https:\/\/www.europesays.com\/fr\/wp-json\/wp\/v2\/types\/post"}],"author":[{"embeddable":true,"href":"https:\/\/www.europesays.com\/fr\/wp-json\/wp\/v2\/users\/2"}],"replies":[{"embeddable":true,"href":"https:\/\/www.europesays.com\/fr\/wp-json\/wp\/v2\/comments?post=319688"}],"version-history":[{"count":0,"href":"https:\/\/www.europesays.com\/fr\/wp-json\/wp\/v2\/posts\/319688\/revisions"}],"wp:featuredmedia":[{"embeddable":true,"href":"https:\/\/www.europesays.com\/fr\/wp-json\/wp\/v2\/media\/319689"}],"wp:attachment":[{"href":"https:\/\/www.europesays.com\/fr\/wp-json\/wp\/v2\/media?parent=319688"}],"wp:term":[{"taxonomy":"category","embeddable":true,"href":"https:\/\/www.europesays.com\/fr\/wp-json\/wp\/v2\/categories?post=319688"},{"taxonomy":"post_tag","embeddable":true,"href":"https:\/\/www.europesays.com\/fr\/wp-json\/wp\/v2\/tags?post=319688"}],"curies":[{"name":"wp","href":"https:\/\/api.w.org\/{rel}","templated":true}]}}