{"id":31969,"date":"2025-04-17T15:33:23","date_gmt":"2025-04-17T15:33:23","guid":{"rendered":"https:\/\/www.europesays.com\/fr\/31969\/"},"modified":"2025-04-17T15:33:23","modified_gmt":"2025-04-17T15:33:23","slug":"revelations-sur-quarante-ans-dimpunite-du-plasticien-liberation","status":"publish","type":"post","link":"https:\/\/www.europesays.com\/fr\/31969\/","title":{"rendered":"r\u00e9v\u00e9lations sur quarante ans d\u2019impunit\u00e9 du plasticien \u2013 Lib\u00e9ration"},"content":{"rendered":"<p class=\"sc-cPiKLX AiZTS text-element\">Vivre en ayant \u00e9t\u00e9 fa\u00e7onn\u00e9 par la perversit\u00e9 d\u2019un autre. Briser l\u2019emprise, puis se r\u00e9inventer. C\u2019est le sentier qu\u2019arpentent les victimes du <a href=\"https:\/\/www.liberation.fr\/arts\/2015\/10\/13\/l-etre-et-le-neon_1403197\/\" target=\"_blank\" rel=\"nofollow noopener\">plasticien Claude L\u00e9v\u00eaque<\/a>, depuis qu\u2019une premi\u00e8re plainte, d\u00e9pos\u00e9e en 2019, et <a href=\"https:\/\/www.lemonde.fr\/culture\/article\/2021\/01\/15\/tout-le-monde-savait-claude-leveque-une-omerta-au-nom-de-l-art_6066318_3246.html\" target=\"_blank\" rel=\"nofollow noopener\">r\u00e9v\u00e9l\u00e9e par le Monde en 2021<\/a>, a commenc\u00e9 \u00e0 fracturer le silence. L\u2019une d\u2019elles, Armand, r\u00e9sume : \u00abPour nous, c\u2019est comme sortir d\u2019une secte, se lib\u00e9rer d\u2019un gourou, on a \u00e9t\u00e9 manipul\u00e9, et c\u2019est presque plus fort que le souvenir des abus sexuels.\u00bb Ic\u00f4ne de l\u2019art contemporain, repr\u00e9sent\u00e9 successivement par deux des plus grosses galeries fran\u00e7aises qui proposent ses installations \u00e0 prix d\u2019or, l\u2019artiste de 72 ans <a href=\"https:\/\/www.liberation.fr\/societe\/police-justice\/claude-leveque-artiste-plasticien-star-mis-en-examen-pour-viols-sur-mineur-20230623_4VU7J3B2BRCO5L52QMANHVBQUE\/\" target=\"_blank\" rel=\"nofollow noopener\">a \u00e9t\u00e9 mis en examen le 31 mars 2023<\/a> pour \u00abviols sur mineur de 15 ans\u00bb, \u00abviols sur mineur par personne ayant autorit\u00e9 de droit ou de fait sur la victime\u00bb, et \u00abagressions sexuelles sur mineur de 15 ans par personne ayant autorit\u00e9\u00bb. Un contr\u00f4le judiciaire lui a \u00e9galement \u00e9t\u00e9 notifi\u00e9, lui interdisant d\u2019entrer en contact avec dix t\u00e9moins et plaignants. Selon nos informations, l\u2019instruction <\/p>\n","protected":false},"excerpt":{"rendered":"Vivre en ayant \u00e9t\u00e9 fa\u00e7onn\u00e9 par la perversit\u00e9 d\u2019un autre. Briser l\u2019emprise, puis se r\u00e9inventer. C\u2019est le sentier&hellip;\n","protected":false},"author":2,"featured_media":31970,"comment_status":"","ping_status":"","sticky":false,"template":"","format":"standard","meta":{"footnotes":""},"categories":[8],"tags":[58,59,1011,27,799],"class_list":{"0":"post-31969","1":"post","2":"type-post","3":"status-publish","4":"format-standard","5":"has-post-thumbnail","7":"category-divertissement","8":"tag-divertissement","9":"tag-entertainment","10":"tag-fr","11":"tag-france","12":"tag-violences-sexuelles"},"share_on_mastodon":{"url":"https:\/\/pubeurope.com\/@fr\/114354035287654820","error":""},"_links":{"self":[{"href":"https:\/\/www.europesays.com\/fr\/wp-json\/wp\/v2\/posts\/31969","targetHints":{"allow":["GET"]}}],"collection":[{"href":"https:\/\/www.europesays.com\/fr\/wp-json\/wp\/v2\/posts"}],"about":[{"href":"https:\/\/www.europesays.com\/fr\/wp-json\/wp\/v2\/types\/post"}],"author":[{"embeddable":true,"href":"https:\/\/www.europesays.com\/fr\/wp-json\/wp\/v2\/users\/2"}],"replies":[{"embeddable":true,"href":"https:\/\/www.europesays.com\/fr\/wp-json\/wp\/v2\/comments?post=31969"}],"version-history":[{"count":0,"href":"https:\/\/www.europesays.com\/fr\/wp-json\/wp\/v2\/posts\/31969\/revisions"}],"wp:featuredmedia":[{"embeddable":true,"href":"https:\/\/www.europesays.com\/fr\/wp-json\/wp\/v2\/media\/31970"}],"wp:attachment":[{"href":"https:\/\/www.europesays.com\/fr\/wp-json\/wp\/v2\/media?parent=31969"}],"wp:term":[{"taxonomy":"category","embeddable":true,"href":"https:\/\/www.europesays.com\/fr\/wp-json\/wp\/v2\/categories?post=31969"},{"taxonomy":"post_tag","embeddable":true,"href":"https:\/\/www.europesays.com\/fr\/wp-json\/wp\/v2\/tags?post=31969"}],"curies":[{"name":"wp","href":"https:\/\/api.w.org\/{rel}","templated":true}]}}