{"id":319690,"date":"2025-08-15T00:03:12","date_gmt":"2025-08-15T00:03:12","guid":{"rendered":"https:\/\/www.europesays.com\/fr\/319690\/"},"modified":"2025-08-15T00:03:12","modified_gmt":"2025-08-15T00:03:12","slug":"le-canard-a-lorange-de-quoi-parle-la-piece-de-theatre-avec-nicolas-briancon-sophie-artur-et-anne-charrier-ce-soir-sur-france-2-diverto","status":"publish","type":"post","link":"https:\/\/www.europesays.com\/fr\/319690\/","title":{"rendered":"Le canard \u00e0 l&#039;orange : de quoi parle la pi\u00e8ce de th\u00e9\u00e2tre avec Nicolas Brian\u00e7on, Sophie Artur et Anne Charrier ce soir sur France 2 ? &#8211; Diverto"},"content":{"rendered":"<ol>\n<li><a href=\"https:\/\/news.google.com\/rss\/articles\/CBMi-AFBVV95cUxONXk3NXBkXzB2R0IzMWFFenlLNlFtSERiSnd6d3NYbGFTdzEzS0VWOHpINGtRTlAzVV9jYTZpTlIxSnVZNUJkamxTV05qZ2F0cVpZSUxENzVPR19PRVVlaVJnS3dpY3pWZlZKN3hQU1U4WlE5Tjd4b1c1T2VqN1lRSnFBZG1ETkt6a3h2YUVjVlpMZEUyeGJWNXRvb0ctYWVBd0Y4STNTWnJTdVFKSFNOTUd5TmNNZWRJNTRJV3YxOXpiVnV3Sm5hRTNNS2drODlEOUZyTmxkS0tGYWNLVEFkVWE2Rk93WUQ1NFNvWHcybnkxS1hhcEdmZQ?oc=5\" target=\"_blank\" rel=\"nofollow noopener\">Le canard \u00e0 l&rsquo;orange : de quoi parle la pi\u00e8ce de th\u00e9\u00e2tre avec Nicolas Brian\u00e7on, Sophie Artur et Anne Charrier ce soir sur France 2 ?<\/a>&nbsp;&nbsp;Diverto<\/li>\n<li><a href=\"https:\/\/news.google.com\/rss\/articles\/CBMiqAFBVV95cUxNQXpCVEI0NWlEdkV5VVNwWTBaOXplRk5ob2ZPMzF3Sk5MTmU5WnVud2M3a3FXOWdvamtfNVZnRkFvX2h3ZW1veXlyWlZlWXZEcWhoMVRhanQ0cnZadWp6dDN6SFhnSlNqNHpVQUp0aGE2WHlCTG0xM1lDX1JMSWNveEJaTGZKN2FsaWlUNDFKQ2FadHRkOEd5Q0l0d3VzazVsMllXcDA2SVU?oc=5\" target=\"_blank\" rel=\"nofollow noopener\">Le Canard \u00e0 l\u2019orange : Faut-il regarder cette pi\u00e8ce de th\u00e9\u00e2tre ?<\/a>&nbsp;&nbsp;programme-tv.net<\/li>\n<li><a href=\"https:\/\/news.google.com\/rss\/articles\/CBMisAFBVV95cUxNdXBVLXQ2bmtfNVVIbm9mV2ZkcUU1WGRHay1haG10SWM1WHNqVG1QVXNUQ3U2MnI5c0RmbkJULXJidHhzTGQ3R3BlZ3VWTEFBR1ZTLVhONG9uYXNxYkRLdmhWUjBhQmUtX1RoVS1FN2g5ZzNvYkxSaThNelFMX0hZTGVBMFlBaENMTXJaU0puWHlleUppdTgwS1dRWUVrdDh0elhIXzBESjZXNV9mdlhGVw?oc=5\" target=\"_blank\" rel=\"nofollow noopener\">Le canard \u00e0 l\u2019orange : que vaut la pi\u00e8ce diffus\u00e9e ce soir sur France 2 ?<\/a>&nbsp;&nbsp;L&rsquo;\u00c9claireur Fnac<\/li>\n<li><a href=\"https:\/\/news.google.com\/rss\/articles\/CBMikgJBVV95cUxNN3o5cW1pdnR6YXAwS1hKbTZuTl90YzlTRC0yNzljdmhlNGJzV2RJZTFOZlJSTWtvM09RWExDdEMyZ3dNVzUtY3pGLVRYQVFMNHBhdHRvUWgySnUwN3BnTExGZE42TFMzeU1SV29CdXVRWFhvS0lTb0o3eDVjWUFqdXRWNlhpZGVRX3ZuczFhcllXTVBCZVVVRE9VMkpxYVY2WjhtaVRSSGMwYXQ4TTVUeHdHVmVya0dIVXdHeHMzOGdTY0p0UXNXaFlaTlVGZVZUN1FsX0hfTnVyRVM0UHlrcWNKbk13Tm1ac0o1MVB5bUFwb0stcktBcTk3dWVrdXpqRldDVzFjaURVOWhiSnR1M0R3?oc=5\" target=\"_blank\" rel=\"nofollow noopener\">Revivez le triomphe du vaudeville &lsquo;Le Canard \u00e0 l&rsquo;orange&rsquo; avec Fran\u00e7ois Vincentelli, ce jeudi 14 ao\u00fbt sur France 2<\/a>&nbsp;&nbsp;moustique.be<\/li>\n<li><a href=\"https:\/\/news.google.com\/rss\/articles\/CBMitgFBVV95cUxOanQyandsUUUxeWNxa0ZWZDV3WFhfVjI2MGtoRG1uY0FOVkJra1BuYlZveUlQNlRkOHFtcDV3QV9rc0xZRXlaSWl3MDFRdjF0dFAxQnVBV2x1aWFheFp4TXIwT3c2dlgyUU5sV1FCeklIOTdmMWVMV1NHMU84TE82VXpoN001OFZDLUJZWm51el9mYlNlbXJaU0tfU242LUowVGZuYkY4dWhpTGpmcm9lZVNwM2EzQQ?oc=5\" target=\"_blank\" rel=\"nofollow noopener\">Le canard \u00e0 l&rsquo;orange : Pourquoi la pi\u00e8ce de th\u00e9\u00e2tre s&rsquo;appelle-t-elle ainsi ?<\/a>&nbsp;&nbsp;CesoirTV<\/li>\n<\/ol>\n","protected":false},"excerpt":{"rendered":"Le canard \u00e0 l&rsquo;orange : de quoi parle la pi\u00e8ce de th\u00e9\u00e2tre avec Nicolas Brian\u00e7on, Sophie Artur et&hellip;\n","protected":false},"author":2,"featured_media":1445,"comment_status":"","ping_status":"","sticky":false,"template":"","format":"standard","meta":{"footnotes":""},"categories":[1356],"tags":[58,59,1011,27,252,1364],"class_list":{"0":"post-319690","1":"post","2":"type-post","3":"status-publish","4":"format-standard","5":"has-post-thumbnail","7":"category-television","8":"tag-divertissement","9":"tag-entertainment","10":"tag-fr","11":"tag-france","12":"tag-television","13":"tag-tv"},"share_on_mastodon":{"url":"https:\/\/pubeurope.com\/@fr\/115029855754095448","error":""},"_links":{"self":[{"href":"https:\/\/www.europesays.com\/fr\/wp-json\/wp\/v2\/posts\/319690","targetHints":{"allow":["GET"]}}],"collection":[{"href":"https:\/\/www.europesays.com\/fr\/wp-json\/wp\/v2\/posts"}],"about":[{"href":"https:\/\/www.europesays.com\/fr\/wp-json\/wp\/v2\/types\/post"}],"author":[{"embeddable":true,"href":"https:\/\/www.europesays.com\/fr\/wp-json\/wp\/v2\/users\/2"}],"replies":[{"embeddable":true,"href":"https:\/\/www.europesays.com\/fr\/wp-json\/wp\/v2\/comments?post=319690"}],"version-history":[{"count":0,"href":"https:\/\/www.europesays.com\/fr\/wp-json\/wp\/v2\/posts\/319690\/revisions"}],"wp:featuredmedia":[{"embeddable":true,"href":"https:\/\/www.europesays.com\/fr\/wp-json\/wp\/v2\/media\/1445"}],"wp:attachment":[{"href":"https:\/\/www.europesays.com\/fr\/wp-json\/wp\/v2\/media?parent=319690"}],"wp:term":[{"taxonomy":"category","embeddable":true,"href":"https:\/\/www.europesays.com\/fr\/wp-json\/wp\/v2\/categories?post=319690"},{"taxonomy":"post_tag","embeddable":true,"href":"https:\/\/www.europesays.com\/fr\/wp-json\/wp\/v2\/tags?post=319690"}],"curies":[{"name":"wp","href":"https:\/\/api.w.org\/{rel}","templated":true}]}}