{"id":319691,"date":"2025-08-15T00:04:21","date_gmt":"2025-08-15T00:04:21","guid":{"rendered":"https:\/\/www.europesays.com\/fr\/319691\/"},"modified":"2025-08-15T00:04:21","modified_gmt":"2025-08-15T00:04:21","slug":"philippe-katerine-raconte-son-operation-du-coeur-a-lage-de-8-ans","status":"publish","type":"post","link":"https:\/\/www.europesays.com\/fr\/319691\/","title":{"rendered":"Philippe Katerine raconte son op\u00e9ration du c\u0153ur \u00e0 l\u2019\u00e2ge de 8 ans"},"content":{"rendered":"<p>C&rsquo;est \u00e0 l&rsquo;occasion des Francofolies de La Rochelle que Philippe Katerine a accept\u00e9 de se confier aupr\u00e8s de <a href=\"https:\/\/www.gala.fr\/l_actu\/news_de_stars\/interview-philippe-katerine-dans-la-vie-j-ai-besoin-de-regles-20250814\" target=\"_blank\" rel=\"noopener\">Gala<\/a>, jeudi 7 ao\u00fbt 2025. Le chanteur et acteur, qui a sorti son dernier album, Zouzou, en 2024, fait une r\u00e9trospective sur sa vie et son parcours. \u00ab\u00a0A 20 ans, je n\u2019avais pas de r\u00eave. Je n\u2019en ai toujours pas d\u2019ailleurs. Parce que qui dit r\u00eave, dit objectif un peu voil\u00e9, projet, et je n\u2019ai pas de projet. J\u2019ai simplement voulu que ma vie soit passionnante, faire des choses qui m\u2019amusent. Et tout ce qui est quotidien m\u2019enchante. J\u2019aime la routine des habitudes, les petites choses\u00a0\u00bb, explique-t-il. Comme passer des moments avec sa famille, dont sa compagne,<a href=\"https:\/\/www.programme-tv.net\/news\/people\/384964-philippe-katerine-devoile-la-reaction-de-sa-compagne-julie-depardieu-apres-avoir-ecoute-le-titre-quil-lui-a-dedie\/\" data-api-deeplink=\"teleloisirs:\/\/news\/384964\" target=\"_blank\" rel=\"noopener\"> Julie Depardieu, \u00e0 qui il a notamment d\u00e9di\u00e9 une chanson<\/a>. <a href=\"https:\/\/www.programme-tv.net\/news\/people\/336566-ils-sen-fichent-lavis-cash-des-enfants-de-julie-depardieu-et-philippe-katerine-sur-la-carriere-de-leurs-parents\/\" data-api-deeplink=\"teleloisirs:\/\/news\/336566\" target=\"_blank\" rel=\"noopener\">Une famille qu&rsquo;il aime<\/a>, m\u00eame s&rsquo;il est tr\u00e8s pudique sur le sujet. \u00ab\u00a0Il n\u2019y avait pas besoin de le dire pour le sentir. D\u2019ailleurs, on ne se le dit toujours pas. On a \u2013 et j\u2019ai \u2013 cette pudeur, celle des mots\u00a0\u00bb, confie-t-il.<\/p>\n<p>                        Philippe Katerine op\u00e9r\u00e9 du c\u0153ur enfant<\/p>\n<p>Pourtant, d\u00e8s l&rsquo;enfance, le fils de commer\u00e7ant a eu \u00e0 traverser une \u00e9preuve qui a n\u00e9cessit\u00e9 le soutien de ses proches. Nous sommes en 1976, et Philippe Katerine est en atteint d\u2019une malformation cardiaque. \u00ab\u00a0J\u2019ai eu un petit accident, \u00e0 8 ans, j\u2019avais dans le c\u0153ur un trou aussi gros qu\u2019une pi\u00e8ce de cinq francs, comme on disait \u00e0 l\u2019\u00e9poque. Ils m\u2019ont op\u00e9r\u00e9, mais je ne devrais pas \u00eatre l\u00e0. C\u2019est \u00e7a l\u2019id\u00e9e, je ne devrais pas \u00eatre l\u00e0. Quand je me suis r\u00e9veill\u00e9, j\u2019ai eu besoin d\u2019aller b\u00eacher. J\u2019ai retourn\u00e9 toute la terre du jardin. C\u2019\u00e9tait une renaissance totale. C\u2019est l\u00e0 que ma vie a chang\u00e9\u00a0\u00bb, raconte l&rsquo;artiste. D\u00e9j\u00e0 dans 50&prime; Inside en 2022, il revenait sur cette \u00e9poque et racontait : \u00ab\u00a0Mon p\u00e8re me prenait bizarrement beaucoup en photo la veille de l&rsquo;op\u00e9ration. Alors que la photographie n&rsquo;\u00e9tait pas forc\u00e9ment notre affaire dans la famille\u00a0\u00bb. Une preuve silencieuse de tendresse, pour accompagner le chanteur dans cette \u00e9preuve qui l&rsquo;a marqu\u00e9 \u00e0 jamais. \u00ab\u00a0Ils m\u2019ont branch\u00e9 sur une machine pendant 17 minutes, o\u00f9 ce n\u2019\u00e9tait pas mon c\u0153ur qui battait. R\u00e9sultat aujourd\u2019hui encore, quand j\u2019ai des retards \u00e0 mes rendez-vous &#8211; et j&rsquo;ai souvent du retard-, ce sont toujours des retards de 17 minutes. C\u2019est comme si j\u2019avais 17 minutes de retard sur la Life\u00a0\u00bb, s&rsquo;\u00e9tait-il amus\u00e9 aupr\u00e8s de <a href=\"https:\/\/www.programme-tv.net\/biographie\/10136-aliagas-nikos\/\" data-link-people=\"f7aba040-9169-4e30-aac3-6e2ca1bb8457\" target=\"_blank\" rel=\"noopener\">Nikos Aliagas<\/a>.<\/p>\n<p>            Philippe Katerine : \u00ab\u00a0Je me sens plus jeune qu\u2019avant\u00a0\u00bb<\/p>\n<p>Aujourd&rsquo;hui, aupr\u00e8s de Gala, il avoue : \u00ab\u00a0L\u2019id\u00e9e du trou revient beaucoup [\u2026]. L\u2019id\u00e9e de la mort certainement, du vide, de ce qu\u2019il y a derri\u00e8re la porte\u2026 Tout est bonus mais, \u00e9videmment, le bonus se fl\u00e9trit avec l\u2019\u00e2ge. Alors, je comble en \u00e9tant de plus en plus cr\u00e9atif\u00a0\u00bb, explique <a href=\"https:\/\/www.programme-tv.net\/news\/evenement\/jo-2024-jo-2024\/357736-jo-2024-philippe-katerine-sort-du-silence-et-reagit-a-la-polemique-qui-fait-rage-apres-la-ceremonie-d-ouverture-des-jeux-olympiques\/\" data-api-deeplink=\"teleloisirs:\/\/news\/357736\" target=\"_blank\" rel=\"noopener\">celui qui a cr\u00e9\u00e9 la pol\u00e9mique pendant les Jeux<\/a>. \u00ab\u00a0C\u2019est vrai que je d\u00e9borde, mais c\u2019est ce que j\u2019estime \u00eatre une jeunesse. Je me sens plus jeune qu\u2019avant dans ce que je fais. J\u2019ai acquis plus de libert\u00e9 avec les ann\u00e9es\u00a0\u00bb.<\/p>\n","protected":false},"excerpt":{"rendered":"C&rsquo;est \u00e0 l&rsquo;occasion des Francofolies de La Rochelle que Philippe Katerine a accept\u00e9 de se confier aupr\u00e8s de&hellip;\n","protected":false},"author":2,"featured_media":319692,"comment_status":"","ping_status":"","sticky":false,"template":"","format":"standard","meta":{"footnotes":""},"categories":[1355],"tags":[244,58,59,1011,27,45785,226,1361,873,9381,1630],"class_list":{"0":"post-319691","1":"post","2":"type-post","3":"status-publish","4":"format-standard","5":"has-post-thumbnail","7":"category-musique","8":"tag-commentaire","9":"tag-divertissement","10":"tag-entertainment","11":"tag-fr","12":"tag-france","13":"tag-julie-depardieu","14":"tag-maladie","15":"tag-music","16":"tag-musique","17":"tag-philippe-katerine","18":"tag-zapping"},"share_on_mastodon":{"url":"https:\/\/pubeurope.com\/@fr\/115029859858116467","error":""},"_links":{"self":[{"href":"https:\/\/www.europesays.com\/fr\/wp-json\/wp\/v2\/posts\/319691","targetHints":{"allow":["GET"]}}],"collection":[{"href":"https:\/\/www.europesays.com\/fr\/wp-json\/wp\/v2\/posts"}],"about":[{"href":"https:\/\/www.europesays.com\/fr\/wp-json\/wp\/v2\/types\/post"}],"author":[{"embeddable":true,"href":"https:\/\/www.europesays.com\/fr\/wp-json\/wp\/v2\/users\/2"}],"replies":[{"embeddable":true,"href":"https:\/\/www.europesays.com\/fr\/wp-json\/wp\/v2\/comments?post=319691"}],"version-history":[{"count":0,"href":"https:\/\/www.europesays.com\/fr\/wp-json\/wp\/v2\/posts\/319691\/revisions"}],"wp:featuredmedia":[{"embeddable":true,"href":"https:\/\/www.europesays.com\/fr\/wp-json\/wp\/v2\/media\/319692"}],"wp:attachment":[{"href":"https:\/\/www.europesays.com\/fr\/wp-json\/wp\/v2\/media?parent=319691"}],"wp:term":[{"taxonomy":"category","embeddable":true,"href":"https:\/\/www.europesays.com\/fr\/wp-json\/wp\/v2\/categories?post=319691"},{"taxonomy":"post_tag","embeddable":true,"href":"https:\/\/www.europesays.com\/fr\/wp-json\/wp\/v2\/tags?post=319691"}],"curies":[{"name":"wp","href":"https:\/\/api.w.org\/{rel}","templated":true}]}}