{"id":319693,"date":"2025-08-15T00:05:34","date_gmt":"2025-08-15T00:05:34","guid":{"rendered":"https:\/\/www.europesays.com\/fr\/319693\/"},"modified":"2025-08-15T00:05:34","modified_gmt":"2025-08-15T00:05:34","slug":"ce-personnage-appartient-il-aux-bronzes-aux-bronzes-font-du-ski-ou-les-deux","status":"publish","type":"post","link":"https:\/\/www.europesays.com\/fr\/319693\/","title":{"rendered":"ce personnage appartient-il aux Bronz\u00e9s, aux Bronz\u00e9s font du ski, ou les deux ?"},"content":{"rendered":"<p><p><a href=\"https:\/\/www.serieously.com\" target=\"_blank\" rel=\"noopener\">Accueil<\/a> &gt; <a href=\"https:\/\/www.serieously.com\/quiz\/\" target=\"_blank\" rel=\"noopener\">Quiz<\/a> &gt; Quiz : ce personnage appartient-il aux Bronz\u00e9s, aux Bronz\u00e9s font du ski, ou les deux ?<\/p>\n<\/p>\n<p class=\"o-article__published-by o-article__bullets\">\n            Publi\u00e9 le<br \/>\n                        14 ao\u00fbt 2025 \u00e0 19 h 20<\/p>\n<p>             Par<br \/>\n                <a href=\"https:\/\/www.serieously.com\/author\/joanna\/\" target=\"_blank\" rel=\"noopener\">Joanna<br \/>\n                    Bencherif<\/a><\/p>\n<p><strong>Tu connais forc\u00e9ment la saga des Bronz\u00e9s, mais est-ce que tu les as bien tous regard\u00e9s ? On va v\u00e9rifier si tu es vraiment fan ! Fais ce quiz et dis-nous si les personnages suivants appartiennent aux Bronz\u00e9s, aux Bronz\u00e9s font du ski, ou aux deux !<\/strong><\/p>\n<p>Dans quel(s) film(s) voit-on ce personnage ?<\/p>\n<p>\t\t\t\t\t<img decoding=\"async\" src=\"https:\/\/www.europesays.com\/fr\/wp-content\/uploads\/2025\/08\/1-10.jpg\" alt=\"\u00a9 Trinacra Films\" width=\"400\" height=\"225\" loading=\"lazy\" style=\"aspect-ratio: 16\/9; object-fit: cover;\"\/><\/p>\n<p>\u00a9 Trinacra Films<\/p>\n<p>\t\t\t\t\t\t\t\t\t<img decoding=\"async\" src=\"https:\/\/www.europesays.com\/fr\/wp-content\/uploads\/2025\/08\/1-9.jpg\" alt=\"Les Bronz\u00e9s \" width=\"150\" height=\"150\" loading=\"lazy\"\/><\/p>\n<p>\n\t\t\t\t\t\t\t\t\tLes Bronz\u00e9s\n\t\t\t\t\t\t\t\t<\/p>\n<p>\t\t\t\t\t\t\t\t\t<img decoding=\"async\" src=\"https:\/\/www.europesays.com\/fr\/wp-content\/uploads\/2025\/08\/2-9.jpg\" alt=\"Les Bronz\u00e9s font du ski \" width=\"150\" height=\"150\" loading=\"lazy\"\/><\/p>\n<p>\n\t\t\t\t\t\t\t\t\tLes Bronz\u00e9s font du ski\n\t\t\t\t\t\t\t\t<\/p>\n<p>\t\t\t\t\t\t\t\t\t<img decoding=\"async\" src=\"https:\/\/www.europesays.com\/fr\/wp-content\/uploads\/2025\/08\/3-8.jpg\" alt=\"Les deux\" width=\"150\" height=\"150\" loading=\"lazy\"\/><\/p>\n<p>\n\t\t\t\t\t\t\t\t\tLes deux\n\t\t\t\t\t\t\t\t<\/p>\n<p>Marcus est le chef du village dans Les Bronz\u00e9s ! Bien que\u00a0Guy Laporte soit pr\u00e9sent dans le second volet, il y joue un tout autre personnage !<\/p>\n<p>Dans quel(s) film(s) voit-on ce personnage ?<\/p>\n<p>\t\t\t\t\t<img decoding=\"async\" src=\"https:\/\/www.europesays.com\/fr\/wp-content\/uploads\/2025\/08\/2-10.jpg\" alt=\"\u00a9 Trinacra Films\" width=\"400\" height=\"225\" loading=\"lazy\" style=\"aspect-ratio: 16\/9; object-fit: cover;\"\/><\/p>\n<p>\u00a9 Trinacra Films<\/p>\n<p>\t\t\t\t\t\t\t\t\t<img decoding=\"async\" src=\"https:\/\/www.europesays.com\/fr\/wp-content\/uploads\/2025\/08\/1-9.jpg\" alt=\"Les Bronz\u00e9s \" width=\"150\" height=\"150\" loading=\"lazy\"\/><\/p>\n<p>\n\t\t\t\t\t\t\t\t\tLes Bronz\u00e9s\n\t\t\t\t\t\t\t\t<\/p>\n<p>\t\t\t\t\t\t\t\t\t<img decoding=\"async\" src=\"https:\/\/www.europesays.com\/fr\/wp-content\/uploads\/2025\/08\/2-9.jpg\" alt=\"Les Bronz\u00e9s font du ski \" width=\"150\" height=\"150\" loading=\"lazy\"\/><\/p>\n<p>\n\t\t\t\t\t\t\t\t\tLes Bronz\u00e9s font du ski\n\t\t\t\t\t\t\t\t<\/p>\n<p>\t\t\t\t\t\t\t\t\t<img decoding=\"async\" src=\"https:\/\/www.europesays.com\/fr\/wp-content\/uploads\/2025\/08\/3-8.jpg\" alt=\"Les deux\" width=\"150\" height=\"150\" loading=\"lazy\"\/><\/p>\n<p>\n\t\t\t\t\t\t\t\t\tLes deux\n\t\t\t\t\t\t\t\t<\/p>\n<p>Miguel Weissmuller est un animateur dans Les Bronz\u00e9s !<\/p>\n<p>Dans quel(s) film(s) voit-on ce personnage ?<\/p>\n<p>\t\t\t\t\t<img decoding=\"async\" src=\"https:\/\/www.europesays.com\/fr\/wp-content\/uploads\/2025\/08\/3-9.jpg\" alt=\"\u00a9 Trinacra Films\" width=\"400\" height=\"225\" loading=\"lazy\" style=\"aspect-ratio: 16\/9; object-fit: cover;\"\/><\/p>\n<p>\u00a9 Trinacra Films<\/p>\n<p>\t\t\t\t\t\t\t\t\t<img decoding=\"async\" src=\"https:\/\/www.europesays.com\/fr\/wp-content\/uploads\/2025\/08\/1-9.jpg\" alt=\"Les Bronz\u00e9s \" width=\"150\" height=\"150\" loading=\"lazy\"\/><\/p>\n<p>\n\t\t\t\t\t\t\t\t\tLes Bronz\u00e9s\n\t\t\t\t\t\t\t\t<\/p>\n<p>\t\t\t\t\t\t\t\t\t<img decoding=\"async\" src=\"https:\/\/www.europesays.com\/fr\/wp-content\/uploads\/2025\/08\/2-9.jpg\" alt=\"Les Bronz\u00e9s font du ski \" width=\"150\" height=\"150\" loading=\"lazy\"\/><\/p>\n<p>\n\t\t\t\t\t\t\t\t\tLes Bronz\u00e9s font du ski\n\t\t\t\t\t\t\t\t<\/p>\n<p>\t\t\t\t\t\t\t\t\t<img decoding=\"async\" src=\"https:\/\/www.europesays.com\/fr\/wp-content\/uploads\/2025\/08\/3-8.jpg\" alt=\"Les deux\" width=\"150\" height=\"150\" loading=\"lazy\"\/><\/p>\n<p>\n\t\t\t\t\t\t\t\t\tLes deux\n\t\t\t\t\t\t\t\t<\/p>\n<p>Nathalie Morin, qui est aussi la femme de Bernard, est un personnage r\u00e9current des deux films !<\/p>\n<p>Dans quel(s) film(s) voit-on ce personnage ?<\/p>\n<p>\t\t\t\t\t<img decoding=\"async\" src=\"https:\/\/www.europesays.com\/fr\/wp-content\/uploads\/2025\/08\/4-7.jpg\" alt=\"\u00a9 Trinacra Films\" width=\"400\" height=\"225\" loading=\"lazy\" style=\"aspect-ratio: 16\/9; object-fit: cover;\"\/><\/p>\n<p>\u00a9 Trinacra Films<\/p>\n<p>\t\t\t\t\t\t\t\t\t<img decoding=\"async\" src=\"https:\/\/www.europesays.com\/fr\/wp-content\/uploads\/2025\/08\/1-9.jpg\" alt=\"Les Bronz\u00e9s \" width=\"150\" height=\"150\" loading=\"lazy\"\/><\/p>\n<p>\n\t\t\t\t\t\t\t\t\tLes Bronz\u00e9s\n\t\t\t\t\t\t\t\t<\/p>\n<p>\t\t\t\t\t\t\t\t\t<img decoding=\"async\" src=\"https:\/\/www.europesays.com\/fr\/wp-content\/uploads\/2025\/08\/2-9.jpg\" alt=\"Les Bronz\u00e9s font du ski \" width=\"150\" height=\"150\" loading=\"lazy\"\/><\/p>\n<p>\n\t\t\t\t\t\t\t\t\tLes Bronz\u00e9s font du ski\n\t\t\t\t\t\t\t\t<\/p>\n<p>\t\t\t\t\t\t\t\t\t<img decoding=\"async\" src=\"https:\/\/www.europesays.com\/fr\/wp-content\/uploads\/2025\/08\/3-8.jpg\" alt=\"Les deux\" width=\"150\" height=\"150\" loading=\"lazy\"\/><\/p>\n<p>\n\t\t\t\t\t\t\t\t\tLes deux\n\t\t\t\t\t\t\t\t<\/p>\n<p>Fernanda appara\u00eet dans Les Bronz\u00e9s font du ski, c\u2019est une Italienne du refuge.<\/p>\n<p>Dans quel(s) film(s) voit-on ce personnage ?<\/p>\n<p>\t\t\t\t\t<img decoding=\"async\" src=\"https:\/\/www.europesays.com\/fr\/wp-content\/uploads\/2025\/08\/5-7.jpg\" alt=\"\u00a9 Trinacra Films\" width=\"400\" height=\"225\" loading=\"lazy\" style=\"aspect-ratio: 16\/9; object-fit: cover;\"\/><\/p>\n<p>\u00a9 Trinacra Films<\/p>\n<p>\t\t\t\t\t\t\t\t\t<img decoding=\"async\" src=\"https:\/\/www.europesays.com\/fr\/wp-content\/uploads\/2025\/08\/1-9.jpg\" alt=\"Les Bronz\u00e9s \" width=\"150\" height=\"150\" loading=\"lazy\"\/><\/p>\n<p>\n\t\t\t\t\t\t\t\t\tLes Bronz\u00e9s\n\t\t\t\t\t\t\t\t<\/p>\n<p>\t\t\t\t\t\t\t\t\t<img decoding=\"async\" src=\"https:\/\/www.europesays.com\/fr\/wp-content\/uploads\/2025\/08\/2-9.jpg\" alt=\"Les Bronz\u00e9s font du ski \" width=\"150\" height=\"150\" loading=\"lazy\"\/><\/p>\n<p>\n\t\t\t\t\t\t\t\t\tLes Bronz\u00e9s font du ski\n\t\t\t\t\t\t\t\t<\/p>\n<p>\t\t\t\t\t\t\t\t\t<img decoding=\"async\" src=\"https:\/\/www.europesays.com\/fr\/wp-content\/uploads\/2025\/08\/3-8.jpg\" alt=\"Les deux\" width=\"150\" height=\"150\" loading=\"lazy\"\/><\/p>\n<p>\n\t\t\t\t\t\t\t\t\tLes deux\n\t\t\t\t\t\t\t\t<\/p>\n<p>Anne-Marie est une animatrice dans Les Bronz\u00e9s.<\/p>\n<p>Dans quel(s) film(s) voit-on ce personnage ?<\/p>\n<p>\t\t\t\t\t<img decoding=\"async\" src=\"https:\/\/www.europesays.com\/fr\/wp-content\/uploads\/2025\/08\/6-6.jpg\" alt=\"\u00a9 Trinacra Films\" width=\"400\" height=\"225\" loading=\"lazy\" style=\"aspect-ratio: 16\/9; object-fit: cover;\"\/><\/p>\n<p>\u00a9 Trinacra Films<\/p>\n<p>\t\t\t\t\t\t\t\t\t<img decoding=\"async\" src=\"https:\/\/www.europesays.com\/fr\/wp-content\/uploads\/2025\/08\/1-9.jpg\" alt=\"Les Bronz\u00e9s \" width=\"150\" height=\"150\" loading=\"lazy\"\/><\/p>\n<p>\n\t\t\t\t\t\t\t\t\tLes Bronz\u00e9s\n\t\t\t\t\t\t\t\t<\/p>\n<p>\t\t\t\t\t\t\t\t\t<img decoding=\"async\" src=\"https:\/\/www.europesays.com\/fr\/wp-content\/uploads\/2025\/08\/2-9.jpg\" alt=\"Les Bronz\u00e9s font du ski \" width=\"150\" height=\"150\" loading=\"lazy\"\/><\/p>\n<p>\n\t\t\t\t\t\t\t\t\tLes Bronz\u00e9s font du ski\n\t\t\t\t\t\t\t\t<\/p>\n<p>\t\t\t\t\t\t\t\t\t<img decoding=\"async\" src=\"https:\/\/www.europesays.com\/fr\/wp-content\/uploads\/2025\/08\/3-8.jpg\" alt=\"Les deux\" width=\"150\" height=\"150\" loading=\"lazy\"\/><\/p>\n<p>\n\t\t\t\t\t\t\t\t\tLes deux\n\t\t\t\t\t\t\t\t<\/p>\n<p>Martine est un personnage de Les Bronz\u00e9s font du ski.<\/p>\n<p>Dans quel(s) film(s) voit-on ce personnage ?<\/p>\n<p>\t\t\t\t\t<img decoding=\"async\" src=\"https:\/\/www.europesays.com\/fr\/wp-content\/uploads\/2025\/08\/7-3.jpg\" alt=\"\u00a9 Trinacra Films\" width=\"400\" height=\"225\" loading=\"lazy\" style=\"aspect-ratio: 16\/9; object-fit: cover;\"\/><\/p>\n<p>\u00a9 Trinacra Films<\/p>\n<p>\t\t\t\t\t\t\t\t\t<img decoding=\"async\" src=\"https:\/\/www.europesays.com\/fr\/wp-content\/uploads\/2025\/08\/1-9.jpg\" alt=\"Les Bronz\u00e9s \" width=\"150\" height=\"150\" loading=\"lazy\"\/><\/p>\n<p>\n\t\t\t\t\t\t\t\t\tLes Bronz\u00e9s\n\t\t\t\t\t\t\t\t<\/p>\n<p>\t\t\t\t\t\t\t\t\t<img decoding=\"async\" src=\"https:\/\/www.europesays.com\/fr\/wp-content\/uploads\/2025\/08\/2-9.jpg\" alt=\"Les Bronz\u00e9s font du ski \" width=\"150\" height=\"150\" loading=\"lazy\"\/><\/p>\n<p>\n\t\t\t\t\t\t\t\t\tLes Bronz\u00e9s font du ski\n\t\t\t\t\t\t\t\t<\/p>\n<p>\t\t\t\t\t\t\t\t\t<img decoding=\"async\" src=\"https:\/\/www.europesays.com\/fr\/wp-content\/uploads\/2025\/08\/3-8.jpg\" alt=\"Les deux\" width=\"150\" height=\"150\" loading=\"lazy\"\/><\/p>\n<p>\n\t\t\t\t\t\t\t\t\tLes deux\n\t\t\t\t\t\t\t\t<\/p>\n<p>Christiane appara\u00eet dans les deux films !<\/p>\n<p>Dans quel(s) film(s) voit-on ce personnage ?<\/p>\n<p>\t\t\t\t\t<img decoding=\"async\" src=\"https:\/\/www.europesays.com\/fr\/wp-content\/uploads\/2025\/08\/8-3.jpg\" alt=\"\u00a9 Trinacra Films\" width=\"400\" height=\"225\" loading=\"lazy\" style=\"aspect-ratio: 16\/9; object-fit: cover;\"\/><\/p>\n<p>\u00a9 Trinacra Films<\/p>\n<p>\t\t\t\t\t\t\t\t\t<img decoding=\"async\" src=\"https:\/\/www.europesays.com\/fr\/wp-content\/uploads\/2025\/08\/1-9.jpg\" alt=\"Les Bronz\u00e9s \" width=\"150\" height=\"150\" loading=\"lazy\"\/><\/p>\n<p>\n\t\t\t\t\t\t\t\t\tLes Bronz\u00e9s\n\t\t\t\t\t\t\t\t<\/p>\n<p>\t\t\t\t\t\t\t\t\t<img decoding=\"async\" src=\"https:\/\/www.europesays.com\/fr\/wp-content\/uploads\/2025\/08\/2-9.jpg\" alt=\"Les Bronz\u00e9s font du ski \" width=\"150\" height=\"150\" loading=\"lazy\"\/><\/p>\n<p>\n\t\t\t\t\t\t\t\t\tLes Bronz\u00e9s font du ski\n\t\t\t\t\t\t\t\t<\/p>\n<p>\t\t\t\t\t\t\t\t\t<img decoding=\"async\" src=\"https:\/\/www.europesays.com\/fr\/wp-content\/uploads\/2025\/08\/3-8.jpg\" alt=\"Les deux\" width=\"150\" height=\"150\" loading=\"lazy\"\/><\/p>\n<p>\n\t\t\t\t\t\t\t\t\tLes deux\n\t\t\t\t\t\t\t\t<\/p>\n<p>Georges Pelletier est un animateur dans Les Bronz\u00e9s.<\/p>\n<p>Dans quel(s) film(s) voit-on ce personnage ?<\/p>\n<p>\t\t\t\t\t<img decoding=\"async\" src=\"https:\/\/www.europesays.com\/fr\/wp-content\/uploads\/2025\/08\/9-3.jpg\" alt=\"\u00a9 Trinacra Films\" width=\"400\" height=\"225\" loading=\"lazy\" style=\"aspect-ratio: 16\/9; object-fit: cover;\"\/><\/p>\n<p>\u00a9 Trinacra Films<\/p>\n<p>\t\t\t\t\t\t\t\t\t<img decoding=\"async\" src=\"https:\/\/www.europesays.com\/fr\/wp-content\/uploads\/2025\/08\/1-9.jpg\" alt=\"Les Bronz\u00e9s \" width=\"150\" height=\"150\" loading=\"lazy\"\/><\/p>\n<p>\n\t\t\t\t\t\t\t\t\tLes Bronz\u00e9s\n\t\t\t\t\t\t\t\t<\/p>\n<p>\t\t\t\t\t\t\t\t\t<img decoding=\"async\" src=\"https:\/\/www.europesays.com\/fr\/wp-content\/uploads\/2025\/08\/2-9.jpg\" alt=\"Les Bronz\u00e9s font du ski \" width=\"150\" height=\"150\" loading=\"lazy\"\/><\/p>\n<p>\n\t\t\t\t\t\t\t\t\tLes Bronz\u00e9s font du ski\n\t\t\t\t\t\t\t\t<\/p>\n<p>\t\t\t\t\t\t\t\t\t<img decoding=\"async\" src=\"https:\/\/www.europesays.com\/fr\/wp-content\/uploads\/2025\/08\/3-8.jpg\" alt=\"Les deux\" width=\"150\" height=\"150\" loading=\"lazy\"\/><\/p>\n<p>\n\t\t\t\t\t\t\t\t\tLes deux\n\t\t\t\t\t\t\t\t<\/p>\n<p>Sylvio appara\u00eet dans Les Bronz\u00e9s font du ski, c\u2019est un Italien du refuge.<\/p>\n<p>Dans quel(s) film(s) voit-on ce personnage ?<\/p>\n<p>\t\t\t\t\t<img decoding=\"async\" src=\"https:\/\/www.europesays.com\/fr\/wp-content\/uploads\/2025\/08\/10-3.jpg\" alt=\"\u00a9 Trinacra Films\" width=\"400\" height=\"225\" loading=\"lazy\" style=\"aspect-ratio: 16\/9; object-fit: cover;\"\/><\/p>\n<p>\u00a9 Trinacra Films<\/p>\n<p>\t\t\t\t\t\t\t\t\t<img decoding=\"async\" src=\"https:\/\/www.europesays.com\/fr\/wp-content\/uploads\/2025\/08\/1-9.jpg\" alt=\"Les Bronz\u00e9s \" width=\"150\" height=\"150\" loading=\"lazy\"\/><\/p>\n<p>\n\t\t\t\t\t\t\t\t\tLes Bronz\u00e9s\n\t\t\t\t\t\t\t\t<\/p>\n<p>\t\t\t\t\t\t\t\t\t<img decoding=\"async\" src=\"https:\/\/www.europesays.com\/fr\/wp-content\/uploads\/2025\/08\/2-9.jpg\" alt=\"Les Bronz\u00e9s font du ski \" width=\"150\" height=\"150\" loading=\"lazy\"\/><\/p>\n<p>\n\t\t\t\t\t\t\t\t\tLes Bronz\u00e9s font du ski\n\t\t\t\t\t\t\t\t<\/p>\n<p>\t\t\t\t\t\t\t\t\t<img decoding=\"async\" src=\"https:\/\/www.europesays.com\/fr\/wp-content\/uploads\/2025\/08\/3-8.jpg\" alt=\"Les deux\" width=\"150\" height=\"150\" loading=\"lazy\"\/><\/p>\n<p>\n\t\t\t\t\t\t\t\t\tLes deux\n\t\t\t\t\t\t\t\t<\/p>\n<p>Robert Lespinasse, alias Popeye, est dans les deux films puisque c\u2019est un des personnages principaux !<\/p>\n<p class=\"o-quiz__result-title\">Bravo ! <\/p>\n<p class=\"o-quiz__result-subtitle\">Tu as obtenu un score de [[ score ]]\/[[ questions ]]<\/p>\n<p>\t\t\t\t\t\t\t\t\t<img decoding=\"async\" src=\"https:\/\/www.europesays.com\/fr\/wp-content\/uploads\/2025\/04\/bravo-resultat.jpg\" alt=\"Bravo ! \" width=\"768\" height=\"432\" loading=\"lazy\"\/><\/p>\n<p>Wow ! Tu es vraiment un fan de la saga pour obtenir le score parfait, aucun doute, tu connais tous les personnages par coeur ! On s\u2019incline, bravo.<\/p>\n<p class=\"o-quiz__result-title\">Bien jou\u00e9 ! <\/p>\n<p class=\"o-quiz__result-subtitle\">Tu as obtenu un score de [[ score ]]\/[[ questions ]]<\/p>\n<p>\t\t\t\t\t\t\t\t\t<img decoding=\"async\" src=\"https:\/\/www.europesays.com\/fr\/wp-content\/uploads\/2025\/04\/bien-resultat.jpg\" alt=\"Bien jou\u00e9 ! \" width=\"768\" height=\"432\" loading=\"lazy\"\/><\/p>\n<p>Pas mal ! Tu ne connais pas la saga assez bien pour savoir exactement \u00e0 quel film appartient tel personnage mais on sent que tu es quand m\u00eame fan. R\u00e9vise un peu et reviens obtenir le score parfait !<\/p>\n<p class=\"o-quiz__result-title\">Rat\u00e9 ! <\/p>\n<p class=\"o-quiz__result-subtitle\">Tu as obtenu un score de [[ score ]]\/[[ questions ]]<\/p>\n<p>\t\t\t\t\t\t\t\t\t<img decoding=\"async\" src=\"https:\/\/www.europesays.com\/fr\/wp-content\/uploads\/2025\/04\/rate-nul-resultat.jpg\" alt=\"Rat\u00e9 ! \" width=\"768\" height=\"432\" loading=\"lazy\"\/><\/p>\n<p>Alors l\u00e0, c\u2019est rat\u00e9 ! Tu n\u2019as certainement jamais vu aucun film Les Bronz\u00e9s pour avoir un score si nul. Le seul choix qui s\u2019offre \u00e0 toi, c\u2019est de regarder toute la saga et de revenir faire ce quiz !<\/p>\n<p>\t\tRecommencer le quiz<\/p>\n<p class=\"m-user__name\">Joanna Bencherif<\/p>\n<p class=\"m-user__job\">Journaliste<\/p>\n<p>\n\t\t\t\t\t\t\t\t\t\t\t\t\t\t\tContacter<br \/>\n\t\t\t\t\t\tJoanna\n\t\t\t\t\t\t\t\t\t<\/p>\n<p>Lundi&rsquo;spensable<\/p>\n<p class=\"mt-4 mb-4 text-xl text-center\">Le meilleur de <\/p>\n<p> dans ta boite mail<\/p>\n","protected":false},"excerpt":{"rendered":"Accueil &gt; Quiz &gt; Quiz : ce personnage appartient-il aux Bronz\u00e9s, aux Bronz\u00e9s font du ski, ou les&hellip;\n","protected":false},"author":2,"featured_media":319694,"comment_status":"","ping_status":"","sticky":false,"template":"","format":"standard","meta":{"footnotes":""},"categories":[1354],"tags":[58,59,1346,1011,27,1360],"class_list":{"0":"post-319693","1":"post","2":"type-post","3":"status-publish","4":"format-standard","5":"has-post-thumbnail","7":"category-films","8":"tag-divertissement","9":"tag-entertainment","10":"tag-films","11":"tag-fr","12":"tag-france","13":"tag-movies"},"share_on_mastodon":{"url":"https:\/\/pubeurope.com\/@fr\/115029864886801516","error":""},"_links":{"self":[{"href":"https:\/\/www.europesays.com\/fr\/wp-json\/wp\/v2\/posts\/319693","targetHints":{"allow":["GET"]}}],"collection":[{"href":"https:\/\/www.europesays.com\/fr\/wp-json\/wp\/v2\/posts"}],"about":[{"href":"https:\/\/www.europesays.com\/fr\/wp-json\/wp\/v2\/types\/post"}],"author":[{"embeddable":true,"href":"https:\/\/www.europesays.com\/fr\/wp-json\/wp\/v2\/users\/2"}],"replies":[{"embeddable":true,"href":"https:\/\/www.europesays.com\/fr\/wp-json\/wp\/v2\/comments?post=319693"}],"version-history":[{"count":0,"href":"https:\/\/www.europesays.com\/fr\/wp-json\/wp\/v2\/posts\/319693\/revisions"}],"wp:featuredmedia":[{"embeddable":true,"href":"https:\/\/www.europesays.com\/fr\/wp-json\/wp\/v2\/media\/319694"}],"wp:attachment":[{"href":"https:\/\/www.europesays.com\/fr\/wp-json\/wp\/v2\/media?parent=319693"}],"wp:term":[{"taxonomy":"category","embeddable":true,"href":"https:\/\/www.europesays.com\/fr\/wp-json\/wp\/v2\/categories?post=319693"},{"taxonomy":"post_tag","embeddable":true,"href":"https:\/\/www.europesays.com\/fr\/wp-json\/wp\/v2\/tags?post=319693"}],"curies":[{"name":"wp","href":"https:\/\/api.w.org\/{rel}","templated":true}]}}