{"id":319697,"date":"2025-08-15T00:07:09","date_gmt":"2025-08-15T00:07:09","guid":{"rendered":"https:\/\/www.europesays.com\/fr\/319697\/"},"modified":"2025-08-15T00:07:09","modified_gmt":"2025-08-15T00:07:09","slug":"solides-les-bleus-montent-en-puissance-et-domptent-lespagne-pour-la-premiere-fois-depuis-2014","status":"publish","type":"post","link":"https:\/\/www.europesays.com\/fr\/319697\/","title":{"rendered":"solides, les Bleus montent en puissance et domptent l\u2019Espagne pour la premi\u00e8re fois depuis 2014"},"content":{"rendered":"<p>Les joueurs de Freddy Fauthoux l\u2019ont emport\u00e9 en Espagne (67-75) ce jeudi, pour leur troisi\u00e8me match de pr\u00e9paration en vue de l\u2019EuroBasket. Trois matchs, trois victoires.<\/p>\n<p class=\"fig-paragraph\">Les Bleus montent en puissance. Solides d\u00e9fensivement, les Tricolores l\u2019ont emport\u00e9 contre l\u2019Espagne (<a href=\"https:\/\/www.lefigaro.fr\/sports\/basket\/en-direct-espagne-france-un-vrai-test-pour-les-bleus-20250814\" data-fig-type=\"Live\" data-gtm-custom-categorie=\"navigation\" data-gtm-custom-action=\"crossclick\" data-gtm-custom-label=\"Contextuel\" data-gtm-event=\"customEventSPE\" data-fig-domain=\"LEFIGARO\" rel=\"nofollow noopener\" target=\"_blank\">67-75<\/a>) \u00e0 Badalone ce jeudi, pour leur troisi\u00e8me match de pr\u00e9paration. Trois matchs, trois victoires. Mais sans faire offense\u00a0<a href=\"http:\/\/www.lefigaro.fr\/sports\/basket\/basket-pour-leur-premiere-sortie-de-l-ete-les-bleus-s-en-sortent-contre-le-montenegro-20250804\" data-fig-type=\"NewsFlash\" data-gtm-custom-categorie=\"navigation\" data-gtm-custom-action=\"crossclick\" data-gtm-custom-label=\"Contextuel\" data-gtm-event=\"customEventSPE\" data-fig-domain=\"LEFIGARO\" rel=\"nofollow noopener\" target=\"_blank\">au Mont\u00e9n\u00e9gro (81-75)<\/a>\u00a0et \u00e0\u00a0<a href=\"http:\/\/www.lefigaro.fr\/sports\/basket\/basket-les-bleus-font-le-boulot-pour-leur-deuxieme-match-de-preparation-20250808\" data-fig-type=\"NewsFlash\" data-gtm-custom-categorie=\"navigation\" data-gtm-custom-action=\"crossclick\" data-gtm-custom-label=\"Contextuel\" data-gtm-event=\"customEventSPE\" data-fig-domain=\"LEFIGARO\" rel=\"nofollow noopener\" target=\"_blank\">la Grande-Bretagne (74-67)<\/a>, celle-ci est nettement plus parlante et valorisante pour cette \u00e9quipe de France en plein renouveau, priv\u00e9e de nombreux joueurs majeurs (<a href=\"http:\/\/www.lefigaro.fr\/sports\/basket\/basket-les-bleus-sans-wembanyama-gobert-et-fournier-a-l-euro-2025-20250627\" data-fig-type=\"NewsFlash\" data-gtm-custom-categorie=\"navigation\" data-gtm-custom-action=\"crossclick\" data-gtm-custom-label=\"Contextuel\" data-gtm-event=\"customEventSPE\" data-fig-domain=\"LEFIGARO\" rel=\"nofollow noopener\" target=\"_blank\">Wemby, Fournier, Gobert<\/a>\u2026) en vue de l\u2019EuroBasket (27 ao\u00fbt-14 septembre).\u00a0Les deux \u00e9quipes se retrouveront d\u00e8s samedi, \u00e0 l\u2019Accor Arena (Paris). Ce sera l\u2019avant-dernier match de pr\u00e9pa, avant un duel face \u00e0 la Gr\u00e8ce de Giannis Antetokounmpo \u00e0 Ath\u00e8nes (24 ao\u00fbt). \u00c0 noter qu\u2019il s\u2019agit de la premi\u00e8re victoire fran\u00e7aise contre les champions d\u2019Europe 2022 depuis\u2026 2014, en quart de finale du Mondial, \u00e0 Madrid.<\/p>\n<p class=\"fig-paragraph\">Quatre joueurs fran\u00e7ais \u00e0 10 points et plus, Jaylen Hoard (13 pts), Guerschon Yabusele, Zaccharie Risacher (12 pts) et \u00c9lie Okobo (10 pts).\u00a0<a href=\"http:\/\/www.lefigaro.fr\/sports\/basket\/espagne-france-yabusele-agressif-francisco-se-montre-poirier-n-y-est-toujours-pas-les-tops-et-flops-20250815\" data-fig-type=\"NewsFlash\" data-gtm-custom-categorie=\"navigation\" data-gtm-custom-action=\"crossclick\" data-gtm-custom-label=\"Contextuel\" data-gtm-event=\"customEventSPE\" data-fig-domain=\"LEFIGARO\" rel=\"nofollow noopener\" target=\"_blank\">Sylvain Francisco a marqu\u00e9 des points\u2026 au sens figur\u00e9 (5 pts, 5 pds)<\/a>. Meilleur scoreur espagnol, Willy Hernangomez s\u2019est quant \u00e0 lui fendu de 15 points. On soulignera enfin la domination de l\u2019\u00e9quipe de France aux rebonds (40 \u00e0 34) et les 22 pertes de balle provoqu\u00e9es. Test r\u00e9ussi ce jeudi, m\u00eame s\u2019il convient de souligner que Sergio Scariolo jouait sans son seul joueur NBA, Santi Aldama, et que les Espagnols n\u2019ont rentr\u00e9 que 15 de leurs 29 lancers jeudi soir. Les Bleus, eux, devaient composer\u00a0<a href=\"http:\/\/www.lefigaro.fr\/sports\/basket\/basket-les-bleus-sans-cordinier-pour-le-premier-duel-face-a-l-espagne-20250814\" data-fig-type=\"NewsFlash\" data-gtm-custom-categorie=\"navigation\" data-gtm-custom-action=\"crossclick\" data-gtm-custom-label=\"Contextuel\" data-gtm-event=\"customEventSPE\" data-fig-domain=\"LEFIGARO\" rel=\"nofollow noopener\" target=\"_blank\">sans Isa\u00efa Cordinier, touch\u00e9 au poignet<\/a>.<\/p>\n<p class=\"fig-body-link\">\n            \u00c0 lire aussi<br \/>\n        <a class=\"fig-body-link__link\" href=\"http:\/\/www.lefigaro.fr\/sports\/basket\/espagne-france-yabusele-agressif-francisco-se-montre-poirier-n-y-est-toujours-pas-les-tops-et-flops-20250815\" data-fig-type=\"NewsFlash\" data-gtm-custom-categorie=\"navigation\" data-gtm-custom-action=\"crossclick\" data-gtm-custom-label=\"Contextuel\" data-gtm-event=\"customEventSPE\" data-fig-domain=\"LEFIGARO\" rel=\"nofollow noopener\" target=\"_blank\">Espagne-France\u00a0: Yabusele agressif, Francisco se montre, Poirier n\u2019y est toujours pas&#8230; Les tops et flops<br \/>\n    <\/a>\n<\/p>\n<p>                                    <a class=\"fig-a11y-skip a11y-hidden\" href=\"#fig-a11y-skip-main-inarticle\"><br \/>\n        Passer la publicit\u00e9<br \/>\n    <\/a><\/p>\n<p>Parole \u00e0 la d\u00e9fense<\/p>\n<p class=\"fig-paragraph\">Des impr\u00e9cisions offensivement des deux c\u00f4t\u00e9s et aucun point apr\u00e8s&#8230; plus de deux minutes de jeu \u00e0 Badalone\u00a0! Les Bleus ont n\u00e9anmoins tout de suite \u00e9t\u00e9 solides d\u00e9fensivement, avec beaucoup de pression sur la balle. Assez pour faire la course en t\u00eate, avec par exemple l\u2019agressivit\u00e9 de Yabusele, l\u2019activit\u00e9 de Coulibaly ou encore l\u2019adresse de Strazel (7-13, puis 9-15). L\u2019entr\u00e9e de Francisco a permis aux Tricolores de passer la seconde en fin de premier quart, avec ce triple de Hoard pour conclure (14-25 fin 1er QT, puis 14-29). Un peu moins de rigueur d\u00e9fensive d\u2019un coup, et Yusta relan\u00e7ait la Roja (24-31). Yabusele continuait de faire pleuvoir les fautes (27-39) et Francisco se remettait \u00e0 distribuer les caviars, lui qui finissait avec 5 passes d\u00e9cisives \u00e0 la pause (33-43, puis 35-43 MT). Belle impression de la France.<\/p>\n<p class=\"fig-paragraph\">Pas utilis\u00e9s du tout en premi\u00e8re p\u00e9riode, Hifi et Mal\u00e9don d\u00e9butaient le second acte. Petit rel\u00e2chement tricolore dans ce d\u00e9but de troisi\u00e8me quart, avec des ballons perdus, de l\u2019inattention (44-46). Fauthoux pas content\u2026 La suite avait de quoi le satisfaire\u00a0: des interceptions en cascade et du jeu rapide pour reprendre le large (47-58). \u00c0 noter l\u2019utilisation de Yabusele en pivot apr\u00e8s la quatri\u00e8me faute de Sarr. Small ball time (52-58 fin 3e QT).<\/p>\n<p>Les Bleus ont tenu bon<\/p>\n<p class=\"fig-paragraph\">Les deux \u00e9quipes se rendaient coup pour coup dans le dernier quart-temps, avec des Espagnols accrocheurs \u00e0 l\u2019image de Juancho Hernangomez (60-64). Mais la France terminait le boulot s\u00e9rieusement, en simplifiant son jeu offensif, avec un Risacher d\u2019abord timide puis tr\u00e8s actif et impactant (63-73, puis 65-73). Impactants, Mal\u00e9don, Hifi et Hoard l\u2019ont \u00e9t\u00e9 aussi et les Bleus empochaient ce succ\u00e8s probant en terres espagnoles (67-75), le premier depuis 11 ans\u00a0! Rendez-vous samedi \u00e0 Paris pour la revanche. Une soir\u00e9e lors de laquelle la F\u00e9d\u00e9ration fran\u00e7aise de basket (FFBB) rendra hommage \u00e0 deux l\u00e9gendes tricolores qui ont pris leur retraite internationale l\u2019\u00e9t\u00e9 dernier apr\u00e8s les Jeux olympiques de Paris,\u00a0<a href=\"http:\/\/www.lefigaro.fr\/sports\/jeux-olympiques\/jo-basket-jouer-pour-la-france-ca-a-ete-un-honneur-batum-et-de-colo-quittent-les-bleus-avec-les-honneurs-20240811\" data-fig-type=\"NewsFlash\" data-gtm-custom-categorie=\"navigation\" data-gtm-custom-action=\"crossclick\" data-gtm-custom-label=\"Contextuel\" data-gtm-event=\"customEventSPE\" data-fig-domain=\"LEFIGARO\" rel=\"nofollow noopener\" target=\"_blank\">messieurs Nicolas Batum et Nando de Colo<\/a>.<\/p>\n","protected":false},"excerpt":{"rendered":"Les joueurs de Freddy Fauthoux l\u2019ont emport\u00e9 en Espagne (67-75) ce jeudi, pour leur troisi\u00e8me match de pr\u00e9paration&hellip;\n","protected":false},"author":2,"featured_media":319698,"comment_status":"","ping_status":"","sticky":false,"template":"","format":"standard","meta":{"footnotes":""},"categories":[9],"tags":[2190,1465,1464,2180,2192,814,64,450,2183,1011,27,2191,2193,820,2181,2182,2189,2186,2184,2185,1980,60,2188,2187],"class_list":{"0":"post-319697","1":"post","2":"type-post","3":"status-publish","4":"format-standard","5":"has-post-thumbnail","7":"category-sports","8":"tag-asvel","9":"tag-basket","10":"tag-basketball","11":"tag-championnats-deurope","12":"tag-cholet","13":"tag-direct","14":"tag-equipe-de-france","15":"tag-euro","16":"tag-euroligue","17":"tag-fr","18":"tag-france","19":"tag-le-mans","20":"tag-limoges","21":"tag-live","22":"tag-mondial","23":"tag-nba","24":"tag-photos","25":"tag-play-offs","26":"tag-pro-a","27":"tag-pro-b","28":"tag-resultats","29":"tag-sports","30":"tag-statistiques","31":"tag-stats"},"share_on_mastodon":{"url":"https:\/\/pubeurope.com\/@fr\/115029871414643880","error":""},"_links":{"self":[{"href":"https:\/\/www.europesays.com\/fr\/wp-json\/wp\/v2\/posts\/319697","targetHints":{"allow":["GET"]}}],"collection":[{"href":"https:\/\/www.europesays.com\/fr\/wp-json\/wp\/v2\/posts"}],"about":[{"href":"https:\/\/www.europesays.com\/fr\/wp-json\/wp\/v2\/types\/post"}],"author":[{"embeddable":true,"href":"https:\/\/www.europesays.com\/fr\/wp-json\/wp\/v2\/users\/2"}],"replies":[{"embeddable":true,"href":"https:\/\/www.europesays.com\/fr\/wp-json\/wp\/v2\/comments?post=319697"}],"version-history":[{"count":0,"href":"https:\/\/www.europesays.com\/fr\/wp-json\/wp\/v2\/posts\/319697\/revisions"}],"wp:featuredmedia":[{"embeddable":true,"href":"https:\/\/www.europesays.com\/fr\/wp-json\/wp\/v2\/media\/319698"}],"wp:attachment":[{"href":"https:\/\/www.europesays.com\/fr\/wp-json\/wp\/v2\/media?parent=319697"}],"wp:term":[{"taxonomy":"category","embeddable":true,"href":"https:\/\/www.europesays.com\/fr\/wp-json\/wp\/v2\/categories?post=319697"},{"taxonomy":"post_tag","embeddable":true,"href":"https:\/\/www.europesays.com\/fr\/wp-json\/wp\/v2\/tags?post=319697"}],"curies":[{"name":"wp","href":"https:\/\/api.w.org\/{rel}","templated":true}]}}