{"id":319703,"date":"2025-08-15T00:10:14","date_gmt":"2025-08-15T00:10:14","guid":{"rendered":"https:\/\/www.europesays.com\/fr\/319703\/"},"modified":"2025-08-15T00:10:14","modified_gmt":"2025-08-15T00:10:14","slug":"nen-cherchez-pas-pendant-vos-vacances","status":"publish","type":"post","link":"https:\/\/www.europesays.com\/fr\/319703\/","title":{"rendered":"n&rsquo;en cherchez pas pendant vos vacances"},"content":{"rendered":"<p>Plus de 1600 restaurants McDonald\u2019s pars\u00e8ment le territoire fran\u00e7ais, du plus petit village vend\u00e9en aux grandes m\u00e9tropoles. Partout, sauf en <a href=\"https:\/\/partir.ouest-france.fr\/magazine\/corse\/\" rel=\"nofollow noopener\" target=\"_blank\">Corse<\/a>. Cette singularit\u00e9 fait de l\u2019\u00eele de Beaut\u00e9 le seul territoire m\u00e9tropolitain o\u00f9 aucun Big Mac n\u2019a jamais \u00e9t\u00e9 officiellement servi. Une exception qui s\u2019explique par un cocktail de facteurs \u00e9conomiques et culturels plut\u00f4t in\u00e9dits.<\/p>\n<p>La <a href=\"https:\/\/partir.ouest-france.fr\/france\" rel=\"nofollow noopener\" target=\"_blank\">France<\/a> repr\u00e9sente le deuxi\u00e8me march\u00e9 mondial pour McDonald\u2019s apr\u00e8s les <a href=\"https:\/\/partir.ouest-france.fr\/etats-unis\" rel=\"nofollow noopener\" target=\"_blank\">\u00c9tats-Unis<\/a>. L\u2019enseigne accueille quotidiennement 1,8 million de clients dans l\u2019Hexagone et pr\u00e9voit d\u2019ouvrir 50 nouveaux restaurants en 2025. Son ambition affich\u00e9e : qu\u2019aucun Fran\u00e7ais ne se trouve \u00e0 plus de 20 minutes d\u2019un de ses \u00e9tablissements. Un objectif qui bute sur les c\u00f4tes corses.<\/p>\n<p>L\u2019\u00e9quation impossible du transport maritime<\/p>\n<p>Le principal frein reste l\u2019acheminement des marchandises. McDonald\u2019s fonctionne avec un syst\u00e8me d\u2019approvisionnement ultra-standardis\u00e9. Pour la Corse, il faudrait ajouter une \u00e9tape maritime ou a\u00e9rienne syst\u00e9matique. R\u00e9sultat : des surco\u00fbts estim\u00e9s \u00e0 30% qui bouleverseraient totalement l\u2019\u00e9quilibre \u00e9conomique de l\u2019enseigne.<\/p>\n<p>Cette contrainte logistique se double d\u2019un d\u00e9fi d\u00e9mographique. Les 340 000 habitants permanents de l\u2019\u00eele repr\u00e9sentent un march\u00e9 limit\u00e9, m\u00eame si le tourisme estival multiplie temporairement cette population. Mais justement, cette saisonnalit\u00e9 pose probl\u00e8me : comment g\u00e9rer efficacement stocks et personnel quand l\u2019activit\u00e9 fluctue drastiquement entre juillet et novembre ?<\/p>\n<p>Quand le terroir fait de la r\u00e9sistance<\/p>\n<p>Les Corses entretiennent une relation particuli\u00e8re avec leur gastronomie. Fromages, charcuteries, produits de la mer : l\u2019\u00eele cultive ses sp\u00e9cialit\u00e9s avec fiert\u00e9. Les circuits courts y sont privil\u00e9gi\u00e9s, les producteurs locaux valoris\u00e9s. Dans ce contexte, l\u2019arriv\u00e9e d\u2019une cha\u00eene symbolisant la standardisation alimentaire mondiale passe difficilement.<\/p>\n<p>D\u2019autant que le march\u00e9 de la restauration rapide n\u2019est pas vierge. Burger King, Quick ou KFC ont d\u00e9j\u00e0 pris position, prouvant au passage qu\u2019une implantation reste techniquement possible. Ces enseignes ont visiblement accept\u00e9 de modifier leur mod\u00e8le pour s\u2019adapter aux contraintes insulaires \u2013 une flexibilit\u00e9 que McDonald\u2019s semble moins enclin \u00e0 adopter.<\/p>\n<p>Un symbole qui d\u00e9range<\/p>\n<p>L\u2019histoire r\u00e9cente a montr\u00e9 que certains projets d\u2019implantation pouvaient susciter des r\u00e9actions vives. En 2000, un McDonald\u2019s en construction \u00e0 Ajaccio n\u2019a jamais vu le jour, victime d\u2019un incendie avant son ouverture. Un message qui a refroidi durablement les ardeurs de la multinationale.<\/p>\n<p>Les autorit\u00e9s locales, de leur c\u00f4t\u00e9, maintiennent des r\u00e9glementations favorisant les commerces de proximit\u00e9 plut\u00f4t que les grandes cha\u00eenes internationales. Une politique qui refl\u00e8te la volont\u00e9 de pr\u00e9server le tissu \u00e9conomique local et l\u2019authenticit\u00e9 de l\u2019offre commerciale corse.<\/p>\n<p>McDonald\u2019s France assure r\u00e9guli\u00e8rement qu\u2019aucun projet concret n\u2019est \u00e0 l\u2019\u00e9tude pour la Corse. Entre contraintes techniques et r\u00e9ticences locales, l\u2019\u00e9quation semble trop complexe. Pendant ce temps, les restaurateurs corses continuent de r\u00e9galer habitants et touristes avec leurs sp\u00e9cialit\u00e9s. Et si certains visiteurs cherchent d\u00e9sesp\u00e9r\u00e9ment les arches dor\u00e9es pendant leurs vacances, la plupart finissent par d\u00e9couvrir qu\u2019un sandwich au figatellu vaut bien tous les burgers du monde.<\/p>\n<p>La Corse reste donc cette exception fran\u00e7aise o\u00f9 le \u00ab\u00a0M\u00a0\u00bb jaune n\u2019a jamais brill\u00e9. Une particularit\u00e9 qui, loin d\u2019\u00eatre v\u00e9cue comme un manque, participe finalement au charme unique de l\u2019\u00eele. Apr\u00e8s tout, qui a vraiment besoin d\u2019un Happy Meal quand on a la vue sur les calanques de Piana ?<\/p>\n<p>Connaissez-vous bien la Corse ? Testez-vous avec notre quiz<br \/>\n <img decoding=\"async\" src=\"https:\/\/www.europesays.com\/fr\/wp-content\/uploads\/2025\/08\/lake-nino-on-corsica-with-mountains-in-the-background-stockpack-istock-scaled.jpg\" alt=\"Lac Nino\" class=\"qp-quiz-image\" loading=\"lazy\" \/><\/p>\n<p>Quel est le surnom du GR20, le c\u00e9l\u00e8bre sentier de randonn\u00e9e corse ?<\/p>\n<p>Le chemin des douaniersLe sentier le plus dur d\u2019EuropeLa route Napol\u00e9on<\/p>\n<p>Next Question <\/p>\n<p>Quelle boisson anis\u00e9e est typiquement corse ?<\/p>\n<p>Le PastisLe Cap CorseLe Ricard<\/p>\n<p>Next Question <\/p>\n<p>Comment appelle-t-on les tours de guet rondes construites sur le littoral corse ?<\/p>\n<p>Les tours g\u00e9noisesLes tours v\u00e9nitiennesLes tours sarrasines<\/p>\n<p>Next Question <\/p>\n<p>Quel fromage corse est r\u00e9put\u00e9 pour \u00eatre l\u2019un des plus forts au monde ?<\/p>\n<p>Le BrocciuLe NioloLe Casgiu Merzu<\/p>\n<p>Next Question <\/p>\n<p>Dans quelle ville corse Napol\u00e9on Bonaparte est-il n\u00e9 ?<\/p>\n<p>BastiaCalviAjaccio<\/p>\n<p>Finish Quiz <\/p>\n<p>Quiz Complete!<\/p>\n<p>Your score:0\/5<\/p>\n<p>Share Results<\/p>\n","protected":false},"excerpt":{"rendered":"Plus de 1600 restaurants McDonald\u2019s pars\u00e8ment le territoire fran\u00e7ais, du plus petit village vend\u00e9en aux grandes m\u00e9tropoles. Partout,&hellip;\n","protected":false},"author":2,"featured_media":319704,"comment_status":"","ping_status":"","sticky":false,"template":"","format":"standard","meta":{"footnotes":""},"categories":[6],"tags":[35,33,34,1011,27],"class_list":{"0":"post-319703","1":"post","2":"type-post","3":"status-publish","4":"format-standard","5":"has-post-thumbnail","7":"category-economie","8":"tag-business","9":"tag-economie","10":"tag-economy","11":"tag-fr","12":"tag-france"},"share_on_mastodon":{"url":"https:\/\/pubeurope.com\/@fr\/115029883316835330","error":""},"_links":{"self":[{"href":"https:\/\/www.europesays.com\/fr\/wp-json\/wp\/v2\/posts\/319703","targetHints":{"allow":["GET"]}}],"collection":[{"href":"https:\/\/www.europesays.com\/fr\/wp-json\/wp\/v2\/posts"}],"about":[{"href":"https:\/\/www.europesays.com\/fr\/wp-json\/wp\/v2\/types\/post"}],"author":[{"embeddable":true,"href":"https:\/\/www.europesays.com\/fr\/wp-json\/wp\/v2\/users\/2"}],"replies":[{"embeddable":true,"href":"https:\/\/www.europesays.com\/fr\/wp-json\/wp\/v2\/comments?post=319703"}],"version-history":[{"count":0,"href":"https:\/\/www.europesays.com\/fr\/wp-json\/wp\/v2\/posts\/319703\/revisions"}],"wp:featuredmedia":[{"embeddable":true,"href":"https:\/\/www.europesays.com\/fr\/wp-json\/wp\/v2\/media\/319704"}],"wp:attachment":[{"href":"https:\/\/www.europesays.com\/fr\/wp-json\/wp\/v2\/media?parent=319703"}],"wp:term":[{"taxonomy":"category","embeddable":true,"href":"https:\/\/www.europesays.com\/fr\/wp-json\/wp\/v2\/categories?post=319703"},{"taxonomy":"post_tag","embeddable":true,"href":"https:\/\/www.europesays.com\/fr\/wp-json\/wp\/v2\/tags?post=319703"}],"curies":[{"name":"wp","href":"https:\/\/api.w.org\/{rel}","templated":true}]}}