{"id":319705,"date":"2025-08-15T00:11:13","date_gmt":"2025-08-15T00:11:13","guid":{"rendered":"https:\/\/www.europesays.com\/fr\/319705\/"},"modified":"2025-08-15T00:11:13","modified_gmt":"2025-08-15T00:11:13","slug":"pollution-plastique-les-negociations-prolongees-mais-restent-dans-le-flou-actualites","status":"publish","type":"post","link":"https:\/\/www.europesays.com\/fr\/319705\/","title":{"rendered":"Pollution plastique: les n\u00e9gociations prolong\u00e9es mais restent dans le flou : Actualit\u00e9s"},"content":{"rendered":"<p class=\"lead \">La n\u00e9gociation internationale pour \u00e9laborer un trait\u00e9 sur la pollution plastique a \u00e9t\u00e9 prolong\u00e9e in extremis jusqu&rsquo;\u00e0 vendredi par le diplomate qui pr\u00e9side les d\u00e9bats \u00e0 Gen\u00e8ve, ouvrant un fr\u00eale espoir de compromis, mais sans vision claire de la fin du processus.<\/p>\n<p class=\"lead \">\u00ab\u00a0Comme les consultations sur mon projet de texte r\u00e9vis\u00e9 sont toujours en cours, cette pl\u00e9ni\u00e8re est donc ajourn\u00e9e et se r\u00e9unira le 15 ao\u00fbt 2025, \u00e0 une heure \u00e0 d\u00e9terminer\u00a0\u00bb, a d\u00e9clar\u00e9 Luis Vayas Valdivieso, le diplomate \u00e9quatorien qui pr\u00e9side aux n\u00e9gociations \u00e0 Gen\u00e8ve. <\/p>\n<p class=\"lead \">Th\u00e9oriquement, la s\u00e9quence de n\u00e9gociations CNI5-2, qui a d\u00e9but\u00e9 \u00e0 Gen\u00e8ve le 5 ao\u00fbt, devait s&rsquo;arr\u00eater \u00e0 minuit locales (22H00 GMT) ce 14 ao\u00fbt.<\/p>\n<p class=\"lead \">Durant de longues heures d&rsquo;attente, de n\u00e9gociations de couloir, de rencontres informelles jeudi, un chef de d\u00e9l\u00e9gation a dit \u00e0 l&rsquo;AFP qu&rsquo;il \u00e9tait convaincu qu&rsquo;il y aura un texte\u00a0\u00bb de compromis, tandis qu&rsquo;un autre, venu d&rsquo;un autre continent, se d\u00e9sesp\u00e9rait de ne voir \u00ab\u00a0ni texte, ni mode d&#8217;emploi\u00a0\u00bb, craignant un \u00e9chec complet de la longue n\u00e9gociation entam\u00e9e il y a plus de deux ans \u00e0 Nairobi.<\/p>\n<p class=\"lead \">\u00ab\u00a0C&rsquo;est un tel bazar. Je n&rsquo;ai jamais vu \u00e7a!\u00a0\u00bb a comment\u00e9 pour l&rsquo;AFP, Aleksandar Rankovic, un observateur du groupe de r\u00e9flexion The Common Initiative.<\/p>\n<p class=\"lead \">De fait, M. Vayas subi une s\u00e9v\u00e8re rebuffade mercredi lorsque son texte de synth\u00e8se a \u00e9t\u00e9 rejet\u00e9 par la quasi-totalit\u00e9 de l&rsquo;assembl\u00e9e pl\u00e9ni\u00e8re des Nations unies r\u00e9unissant quelque 185 pays.<\/p>\n<p class=\"lead \">Depuis il a travaill\u00e9, directement avec les chefs de d\u00e9l\u00e9gations r\u00e9gionales pour tenter de retrouver un accord r\u00e9solvant la quadrature du cercle entre les pays dits \u00e0 forte ambition et ceux qui s&rsquo;opposent \u00e0 toute r\u00e9gulation forte de l&rsquo;industrie du plastique, essentiellement des pays p\u00e9troliers ou producteurs de plastique.<\/p>\n<p class=\"lead \">Au cours de l&rsquo;apr\u00e8s-midi, la s\u00e9ance pl\u00e9ni\u00e8re annonc\u00e9e le matin a \u00e9t\u00e9 repouss\u00e9e \u00e0 18H00, 19H00, 21H00 pour finalement se tenir juste avant minuit heure locale. Elle n&rsquo;a dur\u00e9 que quelques minutes.<\/p>\n<p class=\"lead \"><img decoding=\"async\" class=\"w-100\" src=\"https:\/\/www.europesays.com\/fr\/wp-content\/uploads\/2025\/08\/2275\/actu\/afp-news\/3e8623fb-dc8a-4528-b1a2-21098562e0a3-3.jpg\" alt=\"\"\/> Les chances de trouver un accord, apr\u00e8s trois ans de n\u00e9gociations, semblent tr\u00e8s minces, \u00e9tant donn\u00e9 les profondes divisions qui demeurent entre les deux camps qui se sont affront\u00e9s sur le sujet.<\/p>\n<p class=\"lead \">Les \u00ab\u00a0ambitieux\u00a0\u00bb, dont l&rsquo;Union europ\u00e9enne, le Canada, l&rsquo;Australie, beaucoup de pays d&rsquo;Am\u00e9rique latine, d&rsquo;Afrique et d&rsquo;\u00eeles, veulent nettoyer la plan\u00e8te du plastique qui commence \u00e0 la gangr\u00e9ner et affecte la sant\u00e9 humaine.<\/p>\n<p class=\"lead \">En face, les pays essentiellement p\u00e9troliers qui refusent toute contrainte sur la production de plastique et toute interdiction de mol\u00e9cules ou additifs dangereux.<\/p>\n<p class=\"lead \">\u00ab\u00a0Le manque d&rsquo;ambition dans le texte pr\u00e9sent\u00e9 (mercredi) aux Nations unies est inacceptable\u00a0\u00bb, a jug\u00e9 le pr\u00e9sident fran\u00e7ais Emmanuel Macron sur les r\u00e9seaux sociaux jeudi.<\/p>\n<p class=\"lead \">Sous l&rsquo;\u0153il des repr\u00e9sentants des industries p\u00e9trochimiques pr\u00e9sents dans les couloirs, les pays repr\u00e9sent\u00e9s avaient ont d\u00e9j\u00e0 \u00e9chou\u00e9 une fois \u00e0 produire un texte commun lors de la derni\u00e8re s\u00e9quence de n\u00e9gociations, \u00e0 Busan en Cor\u00e9e du Sud fin 2024.<\/p>\n<p class=\"lead \">Le sujet est d&rsquo;autant plus important que la plan\u00e8te a produit plus de plastique depuis 2000 que durant les 50 ans pr\u00e9c\u00e9dents, en majorit\u00e9 des produits \u00e0 usage unique et des emballages et la tendance s&rsquo;acc\u00e9l\u00e8re: si rien n&rsquo;est fait, la production actuelle, de quelque 450 millions de tonnes par an, devrait tripler d&rsquo;ici 2060, selon les pr\u00e9visions de l&rsquo;OCDE. Or moins de 10% est recycl\u00e9.<\/p>\n<p class=\"small font-weight-bold text-gray3 \"> publi\u00e9 le 15 ao\u00fbt \u00e0 00h31, AFP<\/p>\n<p>                             Partager<\/p>\n","protected":false},"excerpt":{"rendered":"La n\u00e9gociation internationale pour \u00e9laborer un trait\u00e9 sur la pollution plastique a \u00e9t\u00e9 prolong\u00e9e in extremis jusqu&rsquo;\u00e0 vendredi&hellip;\n","protected":false},"author":2,"featured_media":319706,"comment_status":"","ping_status":"","sticky":false,"template":"","format":"standard","meta":{"footnotes":""},"categories":[5],"tags":[11,10531,15166,312,436,1011,27,693,14,12,11356,3521,18472,15167,1800,28],"class_list":{"0":"post-319705","1":"post","2":"type-post","3":"status-publish","4":"format-standard","5":"has-post-thumbnail","7":"category-international","8":"tag-actualites","9":"tag-chimie","10":"tag-dchets","11":"tag-diplomatie","12":"tag-environnement","13":"tag-fr","14":"tag-france","15":"tag-industrie","16":"tag-international","17":"tag-news","18":"tag-ong","19":"tag-onu","20":"tag-ptrole","21":"tag-plastiques","22":"tag-pollution","23":"tag-world"},"share_on_mastodon":{"url":"https:\/\/pubeurope.com\/@fr\/115029887251625091","error":""},"_links":{"self":[{"href":"https:\/\/www.europesays.com\/fr\/wp-json\/wp\/v2\/posts\/319705","targetHints":{"allow":["GET"]}}],"collection":[{"href":"https:\/\/www.europesays.com\/fr\/wp-json\/wp\/v2\/posts"}],"about":[{"href":"https:\/\/www.europesays.com\/fr\/wp-json\/wp\/v2\/types\/post"}],"author":[{"embeddable":true,"href":"https:\/\/www.europesays.com\/fr\/wp-json\/wp\/v2\/users\/2"}],"replies":[{"embeddable":true,"href":"https:\/\/www.europesays.com\/fr\/wp-json\/wp\/v2\/comments?post=319705"}],"version-history":[{"count":0,"href":"https:\/\/www.europesays.com\/fr\/wp-json\/wp\/v2\/posts\/319705\/revisions"}],"wp:featuredmedia":[{"embeddable":true,"href":"https:\/\/www.europesays.com\/fr\/wp-json\/wp\/v2\/media\/319706"}],"wp:attachment":[{"href":"https:\/\/www.europesays.com\/fr\/wp-json\/wp\/v2\/media?parent=319705"}],"wp:term":[{"taxonomy":"category","embeddable":true,"href":"https:\/\/www.europesays.com\/fr\/wp-json\/wp\/v2\/categories?post=319705"},{"taxonomy":"post_tag","embeddable":true,"href":"https:\/\/www.europesays.com\/fr\/wp-json\/wp\/v2\/tags?post=319705"}],"curies":[{"name":"wp","href":"https:\/\/api.w.org\/{rel}","templated":true}]}}