{"id":319707,"date":"2025-08-15T00:12:12","date_gmt":"2025-08-15T00:12:12","guid":{"rendered":"https:\/\/www.europesays.com\/fr\/319707\/"},"modified":"2025-08-15T00:12:12","modified_gmt":"2025-08-15T00:12:12","slug":"lolivier-en-hommage-a-ilan-halimi-abattu-a-epinay-le-maire-denonce-un-acte-antisemite","status":"publish","type":"post","link":"https:\/\/www.europesays.com\/fr\/319707\/","title":{"rendered":"L\u2019olivier en hommage \u00e0 Ilan Halimi abattu \u00e0 \u00c9pinay, le maire d\u00e9nonce un \u00ab\u00a0acte antis\u00e9mite\u00a0\u00bb"},"content":{"rendered":"<p>        <img decoding=\"async\" loading=\"lazy\" src=\"https:\/\/www.europesays.com\/fr\/wp-content\/uploads\/2025\/08\/6b64c39_upload-1-ywavxshnfvsp-000-1de17f.jpg\"  width=\"728\" height=\"410\" alt=\"L\u2019olivier en hommage \u00e0 Ilan Halimi a \u00e9t\u00e9 abattu \u00e0 \u00c9pinay-sur-Seine, dans la nuit de mercredi \u00e0 ce jeudi 14\u00a0ao\u00fbt. (Une photo d\u2019Ilan Halimi est visible sur un m\u00e9morial, le 13\u00a0f\u00e9vrier 2019\u00a0\u00e0 Sainte-Genevi\u00e8ve-des-Bois)\"\/>  <\/p>\n<p>BERTRAND GUAY \/ AFP<\/p>\n<p>L\u2019olivier en hommage \u00e0 Ilan Halimi a \u00e9t\u00e9 abattu \u00e0 \u00c9pinay-sur-Seine, dans la nuit de mercredi \u00e0 ce jeudi 14\u00a0ao\u00fbt. (Une photo d\u2019Ilan Halimi est visible sur un m\u00e9morial, le 13\u00a0f\u00e9vrier 2019\u00a0\u00e0 Sainte-Genevi\u00e8ve-des-Bois)<\/p>\n<p class=\"asset asset-text\">FAITS DIVERS &#8211; Une c\u00e9r\u00e9monie en pr\u00e9sence du Grand Rabbin de France avait eu lieu en 2011\u00a0lors de sa plantation. Un\u00a0olivier\u00a0d\u00e9di\u00e9 \u00e0 la m\u00e9moire d\u2019<a href=\"https:\/\/www.huffingtonpost.fr\/actualites\/article\/plus-de-10-ans-apres-sa-mort-on-continue-d-insulter-la-memoire-d-ilan-halimi_111307.html\" target=\"_blank\" rel=\"noopener\">Ilan Halimi<\/a>, un jeune Fran\u00e7ais de confession juive s\u00e9questr\u00e9 et tortur\u00e9 \u00e0 mort en 2006 par le \u00ab\u00a0gang des barbares\u00a0\u00bb, a \u00e9t\u00e9 abattu \u00e0 \u00c9pinay-sur-Seine de fa\u00e7on <a href=\"https:\/\/www.huffingtonpost.fr\/actualites\/article\/la-plaque-en-memoire-d-ilan-halimi-a-bagneux-retrouvee-brisee_54540.html\" target=\"_blank\" rel=\"noopener\">malveillante<\/a>, a fait savoir ce jeudi 14\u00a0ao\u00fbt \u00e0 l\u2019AFP le maire de la ville, Herv\u00e9 Chevreau.<\/p>\n<p class=\"asset asset-text\">Les faits se sont produits dans la nuit de mercredi \u00e0 jeudi, a pr\u00e9cis\u00e9 l\u2019\u00e9lu de la commune de Seine-Saint-Denis, qui a indiqu\u00e9 avoir d\u00e9pos\u00e9 plainte. D\u2019apr\u00e8s l\u2019\u00e9dile, interrog\u00e9 par <a href=\"https:\/\/www.leparisien.fr\/seine-saint-denis-93\/un-acte-antisemite-selon-le-maire-a-epinay-lolivier-dedie-a-ilan-halimi-a-ete-tronconne-pendant-la-nuit-14-08-2025-F6A7OHZF25HTJMKKOYO53PW5KQ.php\" target=\"_blank\" rel=\"noopener\" title=\"Nouvelle fen\u00eatre\">Le Parisien<\/a>, les faits rel\u00e8vent d\u2019un \u00ab\u00a0acte antis\u00e9mite\u00a0\u00bb.<\/p>\n<p class=\"asset asset-text\">\u00ab\u00a0Je condamne fermement cet acte indigne. Une proc\u00e9dure a \u00e9t\u00e9 ouverte. Tout sera mis en \u0153uvre pour retrouver les auteurs et les livrer \u00e0 la justice\u00a0\u00bb, a \u00e9crit sur X le pr\u00e9fet de police de Paris, Laurent Nu\u00f1ez.<\/p>\n<p>    Deux autres arbres sectionn\u00e9s dans le pass\u00e9    <\/p>\n<p class=\"asset asset-text\">Des photos montrent le tronc de cet arbre plant\u00e9 en 2011 probablement sectionn\u00e9 \u00e0 l\u2019aide d\u2019une tron\u00e7onneuse, \u00e0 une vingtaine de centim\u00e8tres du sol, devant une st\u00e8le rendant hommage \u00e0 Ilan Halimi, dont le d\u00e9c\u00e8s avait provoqu\u00e9 une vive \u00e9motion en France.<\/p>\n<p class=\"asset asset-text\">D\u00e9couvert nu, b\u00e2illonn\u00e9, menott\u00e9 et portant des traces de tortures et de br\u00fblures, le jeune homme \u00e9tait mort pendant son transfert \u00e0 l\u2019h\u00f4pital en f\u00e9vrier\u00a02006.<\/p>\n<p class=\"asset asset-text\">Mathieu Hanotin, pr\u00e9sident de l\u2019\u00e9tablissement public territorial Plaine Commune, auquel appartient \u00c9pinay-sur-Seine, a condamn\u00e9 apr\u00e8s l\u2019abattage de l\u2019olivier \u00ab\u00a0un acte de vandalisme portant atteinte \u00e0 la m\u00e9moire collective de ce meurtre antis\u00e9mite\u00a0\u00bb.\u00a0Il s\u2019est engag\u00e9 dans un communiqu\u00e9 \u00ab\u00a0\u00e0 ce qu\u2019un nouvel arbre comm\u00e9moratif soit replant\u00e9 dans les meilleurs d\u00e9lais\u00a0\u00bb.<\/p>\n<p class=\"asset asset-text\">Deux autres arbres plant\u00e9s en hommage \u00e0 Ilan Halimi avaient \u00e9t\u00e9 vandalis\u00e9s en 2019 \u00e0 Sainte-Genevi\u00e8ve-des-Bois, dans l\u2019Essonne, o\u00f9 il avait \u00e9t\u00e9 retrouv\u00e9 agonisant au bord d\u2019une voie ferr\u00e9e.<\/p>\n","protected":false},"excerpt":{"rendered":"BERTRAND GUAY \/ AFP L\u2019olivier en hommage \u00e0 Ilan Halimi a \u00e9t\u00e9 abattu \u00e0 \u00c9pinay-sur-Seine, dans la nuit&hellip;\n","protected":false},"author":2,"featured_media":319708,"comment_status":"","ping_status":"","sticky":false,"template":"","format":"standard","meta":{"footnotes":""},"categories":[4],"tags":[11,6155,118,1011,27,45788,662,12,25],"class_list":{"0":"post-319707","1":"post","2":"type-post","3":"status-publish","4":"format-standard","5":"has-post-thumbnail","7":"category-france","8":"tag-actualites","9":"tag-antisemitisme","10":"tag-faits-divers","11":"tag-fr","12":"tag-france","13":"tag-ilan-halimi","14":"tag-ile-de-france","15":"tag-news","16":"tag-republique-francaise"},"share_on_mastodon":{"url":"https:\/\/pubeurope.com\/@fr\/115029891116778691","error":""},"_links":{"self":[{"href":"https:\/\/www.europesays.com\/fr\/wp-json\/wp\/v2\/posts\/319707","targetHints":{"allow":["GET"]}}],"collection":[{"href":"https:\/\/www.europesays.com\/fr\/wp-json\/wp\/v2\/posts"}],"about":[{"href":"https:\/\/www.europesays.com\/fr\/wp-json\/wp\/v2\/types\/post"}],"author":[{"embeddable":true,"href":"https:\/\/www.europesays.com\/fr\/wp-json\/wp\/v2\/users\/2"}],"replies":[{"embeddable":true,"href":"https:\/\/www.europesays.com\/fr\/wp-json\/wp\/v2\/comments?post=319707"}],"version-history":[{"count":0,"href":"https:\/\/www.europesays.com\/fr\/wp-json\/wp\/v2\/posts\/319707\/revisions"}],"wp:featuredmedia":[{"embeddable":true,"href":"https:\/\/www.europesays.com\/fr\/wp-json\/wp\/v2\/media\/319708"}],"wp:attachment":[{"href":"https:\/\/www.europesays.com\/fr\/wp-json\/wp\/v2\/media?parent=319707"}],"wp:term":[{"taxonomy":"category","embeddable":true,"href":"https:\/\/www.europesays.com\/fr\/wp-json\/wp\/v2\/categories?post=319707"},{"taxonomy":"post_tag","embeddable":true,"href":"https:\/\/www.europesays.com\/fr\/wp-json\/wp\/v2\/tags?post=319707"}],"curies":[{"name":"wp","href":"https:\/\/api.w.org\/{rel}","templated":true}]}}