{"id":319710,"date":"2025-08-15T00:14:16","date_gmt":"2025-08-15T00:14:16","guid":{"rendered":"https:\/\/www.europesays.com\/fr\/319710\/"},"modified":"2025-08-15T00:14:16","modified_gmt":"2025-08-15T00:14:16","slug":"loire-lunicef-offre-six-missions-de-service-civique-a-saint-etienne-et-roanne","status":"publish","type":"post","link":"https:\/\/www.europesays.com\/fr\/319710\/","title":{"rendered":"Loire. L\u2019Unicef offre six missions de service civique \u00e0 Saint-\u00c9tienne et Roanne"},"content":{"rendered":"<p>V\u00e9ritable tremplin citoyen et professionnel pour les jeunes de 16 \u00e0 25 ans (ou 30 ans pour les jeunes en situation de handicap), le service civique permettra aux jeunes volontaires de l\u2019Unicef de r\u00e9aliser des missions de sensibilisation aux droits de l\u2019enfant pendant huit mois.<\/p>\n<p>Quatre postes \u00e0 Saint-\u00c9tienne et deux \u00e0 Roanne<\/p>\n<p>Ces missions comportent trois volets\u00a0:<\/p>\n<p>&#8211; Des interventions en milieu scolaire et p\u00e9riscolaire.<\/p>\n<p>&#8211; Des animations d\u2019\u00e9v\u00e8nements et temps forts tout public de l\u2019Unicef.<\/p>\n<p>&#8211; De multiples d\u00e9couvertes (communication, vie associative, qualit\u00e9 relationnelle apport\u00e9e par les partenaires).<\/p>\n<p>Ainsi, les jeunes engag\u00e9s peuvent d\u00e9couvrir et enrichir leurs comp\u00e9tences, d\u00e9velopper un r\u00e9seau et des contacts et d\u00e9couvrir des possibilit\u00e9s d\u2019avenir. Quatre postes sont ainsi propos\u00e9s \u00e0 Saint-\u00c9tienne et deux \u00e0 Roanne, du 1er octobre 2025 au 31\u00a0mai\u00a02026.<\/p>\n<p class=\"note\">Contacts\u00a0: unicef42@unicef.fr\u00a0; Saint-\u00c9tienne\u00a0: 06.85.43.52.33. Roanne\u00a0: 06.07.60.03.44.<\/p>\n","protected":false},"excerpt":{"rendered":"V\u00e9ritable tremplin citoyen et professionnel pour les jeunes de 16 \u00e0 25 ans (ou 30 ans pour les&hellip;\n","protected":false},"author":2,"featured_media":319711,"comment_status":"","ping_status":"","sticky":false,"template":"","format":"standard","meta":{"footnotes":""},"categories":[9653],"tags":[1111,11,2430,16734,7539,1777,674,107,1011,27,3367,12,25,9838,20195,4001,7538,801],"class_list":{"0":"post-319710","1":"post","2":"type-post","3":"status-publish","4":"format-standard","5":"has-post-thumbnail","7":"category-saint-etienne","8":"tag-actu","9":"tag-actualites","10":"tag-auvergne-rhone-alpes","11":"tag-edition-loire-nord","12":"tag-edition-loire-sud","13":"tag-eu","14":"tag-europe","15":"tag-fil-info","16":"tag-fr","17":"tag-france","18":"tag-loire","19":"tag-news","20":"tag-republique-francaise","21":"tag-roanne","22":"tag-roanne-ville","23":"tag-saint-etienne","24":"tag-saint-etienne-ville","25":"tag-social"},"share_on_mastodon":{"url":"https:\/\/pubeurope.com\/@fr\/115029898975191582","error":""},"_links":{"self":[{"href":"https:\/\/www.europesays.com\/fr\/wp-json\/wp\/v2\/posts\/319710","targetHints":{"allow":["GET"]}}],"collection":[{"href":"https:\/\/www.europesays.com\/fr\/wp-json\/wp\/v2\/posts"}],"about":[{"href":"https:\/\/www.europesays.com\/fr\/wp-json\/wp\/v2\/types\/post"}],"author":[{"embeddable":true,"href":"https:\/\/www.europesays.com\/fr\/wp-json\/wp\/v2\/users\/2"}],"replies":[{"embeddable":true,"href":"https:\/\/www.europesays.com\/fr\/wp-json\/wp\/v2\/comments?post=319710"}],"version-history":[{"count":0,"href":"https:\/\/www.europesays.com\/fr\/wp-json\/wp\/v2\/posts\/319710\/revisions"}],"wp:featuredmedia":[{"embeddable":true,"href":"https:\/\/www.europesays.com\/fr\/wp-json\/wp\/v2\/media\/319711"}],"wp:attachment":[{"href":"https:\/\/www.europesays.com\/fr\/wp-json\/wp\/v2\/media?parent=319710"}],"wp:term":[{"taxonomy":"category","embeddable":true,"href":"https:\/\/www.europesays.com\/fr\/wp-json\/wp\/v2\/categories?post=319710"},{"taxonomy":"post_tag","embeddable":true,"href":"https:\/\/www.europesays.com\/fr\/wp-json\/wp\/v2\/tags?post=319710"}],"curies":[{"name":"wp","href":"https:\/\/api.w.org\/{rel}","templated":true}]}}