{"id":319712,"date":"2025-08-15T00:15:19","date_gmt":"2025-08-15T00:15:19","guid":{"rendered":"https:\/\/www.europesays.com\/fr\/319712\/"},"modified":"2025-08-15T00:15:19","modified_gmt":"2025-08-15T00:15:19","slug":"asse-rodez-sur-quelle-chaine-voir-le-match","status":"publish","type":"post","link":"https:\/\/www.europesays.com\/fr\/319712\/","title":{"rendered":"ASSE \u2013 RODEZ : SUR QUELLE CHA\u00ceNE VOIR LE MATCH ?"},"content":{"rendered":"<p>                <a href=\"https:\/\/cadenceradio.fr\" target=\"_blank\" aria-label=\"Banni\u00e8re Cadence 2025\" rel=\"nofollow noopener\"><img loading=\"lazy\" decoding=\"async\" src=\"https:\/\/www.europesays.com\/fr\/wp-content\/uploads\/2025\/07\/Banniere-Cadence-2025-scaled.jpg\" alt=\"\"   width=\"2560\" height=\"738\"\/><\/a><\/p>\n<p>Apr\u00e8s un d\u00e9but de championnat en demi-teinte face \u00e0 Laval, l\u2019AS Saint-\u00c9tienne cherche \u00e0 enclencher une dynamique positive devant ses supporters. Voici tout ce qu\u2019il faut savoir pour suivre cette confrontation.<\/p>\n<p>Les Aveyronnais de Rodez constituent traditionnellement un d\u00e9fi particulier pour les joueurs de l\u2019ASSE. Cette \u00e9quipe a l\u2019habitude de cr\u00e9er des difficult\u00e9s aux Verts lors de leurs affrontements, rendant cette rencontre impr\u00e9visible malgr\u00e9 l\u2019avantage th\u00e9orique du terrain.<\/p>\n<p>L\u2019enjeu sportif est consid\u00e9rable pour les deux formations qui aspirent \u00e0 bien figurer dans cette Ligue 2 relev\u00e9e et disput\u00e9e.<\/p>\n<p><strong>Relancer la machine apr\u00e8s Laval<\/strong><\/p>\n<p>Le week-end pr\u00e9c\u00e9dent, les hommes d\u2019Olivier Dall\u2019Oglio n\u2019avaient pu faire mieux qu\u2019un partage des points face \u00e0 Laval. Ce r\u00e9sultat d\u00e9cevant pousse d\u00e9sormais l\u2019\u00e9quipe \u00e0 r\u00e9agir rapidement pour ne pas accumuler les contre-performances d\u00e8s l\u2019entame de saison.<\/p>\n<p>Le rendez-vous est fix\u00e9 au Stade Geoffroy Guichard ce samedi 16 ao\u00fbt avec un coup d\u2019envoi programm\u00e9 \u00e0 20 heures. Les organisateurs anticipent une affluence exceptionnelle avec pr\u00e8s de 30 000 spectateurs attendus dans les trav\u00e9es du mythique Chaudron.<\/p>\n<p>Cette mobilisation massive du public st\u00e9phanois pourrait m\u00eame constituer un record d\u2019affluence, t\u00e9moignant de l\u2019engouement intact des supporters pour leur \u00e9quipe malgr\u00e9 l\u2019\u00e9volution en deuxi\u00e8me division.<\/p>\n<p><strong>BeIN Sports 1 diffuseur exclusif<\/strong><\/p>\n<p>Les amateurs de football qui souhaitent suivre l\u2019int\u00e9gralit\u00e9 de la rencontre devront se tourner vers beIN Sports 1, cha\u00eene d\u00e9tentrice des droits de diffusion. La retransmission d\u00e9butera d\u00e8s 19h30 avec les traditionnelles \u00e9missions d\u2019avant-match.<\/p>\n<p>La soir\u00e9e footballistique s\u2019articulera autour d\u2019un programme \u00e9toff\u00e9 avec une pr\u00e9sentation des diff\u00e9rents enjeux du multiplex de Ligue 2. Les t\u00e9l\u00e9spectateurs b\u00e9n\u00e9ficieront \u00e9galement d\u2019un after-match complet avec les premi\u00e8res d\u00e9clarations des acteurs de la rencontre.<\/p>\n","protected":false},"excerpt":{"rendered":"Apr\u00e8s un d\u00e9but de championnat en demi-teinte face \u00e0 Laval, l\u2019AS Saint-\u00c9tienne cherche \u00e0 enclencher une dynamique positive&hellip;\n","protected":false},"author":2,"featured_media":319713,"comment_status":"","ping_status":"","sticky":false,"template":"","format":"standard","meta":{"footnotes":""},"categories":[9653],"tags":[1111,11,461,2430,1777,674,1011,27,3367,12,25,4001,517],"class_list":{"0":"post-319712","1":"post","2":"type-post","3":"status-publish","4":"format-standard","5":"has-post-thumbnail","7":"category-saint-etienne","8":"tag-actu","9":"tag-actualites","10":"tag-asse","11":"tag-auvergne-rhone-alpes","12":"tag-eu","13":"tag-europe","14":"tag-fr","15":"tag-france","16":"tag-loire","17":"tag-news","18":"tag-republique-francaise","19":"tag-saint-etienne","20":"tag-sport"},"share_on_mastodon":{"url":"https:\/\/pubeurope.com\/@fr\/115029902817030033","error":""},"_links":{"self":[{"href":"https:\/\/www.europesays.com\/fr\/wp-json\/wp\/v2\/posts\/319712","targetHints":{"allow":["GET"]}}],"collection":[{"href":"https:\/\/www.europesays.com\/fr\/wp-json\/wp\/v2\/posts"}],"about":[{"href":"https:\/\/www.europesays.com\/fr\/wp-json\/wp\/v2\/types\/post"}],"author":[{"embeddable":true,"href":"https:\/\/www.europesays.com\/fr\/wp-json\/wp\/v2\/users\/2"}],"replies":[{"embeddable":true,"href":"https:\/\/www.europesays.com\/fr\/wp-json\/wp\/v2\/comments?post=319712"}],"version-history":[{"count":0,"href":"https:\/\/www.europesays.com\/fr\/wp-json\/wp\/v2\/posts\/319712\/revisions"}],"wp:featuredmedia":[{"embeddable":true,"href":"https:\/\/www.europesays.com\/fr\/wp-json\/wp\/v2\/media\/319713"}],"wp:attachment":[{"href":"https:\/\/www.europesays.com\/fr\/wp-json\/wp\/v2\/media?parent=319712"}],"wp:term":[{"taxonomy":"category","embeddable":true,"href":"https:\/\/www.europesays.com\/fr\/wp-json\/wp\/v2\/categories?post=319712"},{"taxonomy":"post_tag","embeddable":true,"href":"https:\/\/www.europesays.com\/fr\/wp-json\/wp\/v2\/tags?post=319712"}],"curies":[{"name":"wp","href":"https:\/\/api.w.org\/{rel}","templated":true}]}}