{"id":319718,"date":"2025-08-15T00:20:21","date_gmt":"2025-08-15T00:20:21","guid":{"rendered":"https:\/\/www.europesays.com\/fr\/319718\/"},"modified":"2025-08-15T00:20:21","modified_gmt":"2025-08-15T00:20:21","slug":"15-aout-a-toulon-la-patrouille-de-france-va-faire-le-show-2","status":"publish","type":"post","link":"https:\/\/www.europesays.com\/fr\/319718\/","title":{"rendered":"15-ao\u00fbt\u00a0: \u00e0 Toulon, la Patrouille de France va faire le show"},"content":{"rendered":"<p><img loading=\"lazy\" decoding=\"async\" alt=\"\u00a9 Shutterstock - La Patrouille de France \u00e0 Toulon pour le 15-ao\u00fbt.\" data-zoom-src=\"https:\/\/www.europesays.com\/fr\/wp-content\/uploads\/2025\/08\/initial-patrouille-france-toulon-15-aout.jpg\" data-zoomable=\"\" height=\"702\" src=\"https:\/\/www.europesays.com\/fr\/wp-content\/uploads\/2025\/08\/initial-patrouille-france-toulon-15-aout.jpg\" width=\"1248\"\/>  <\/p>\n<p class=\"article-desc\">\u00a9 Shutterstock &#8211; La Patrouille de France \u00e0 Toulon pour le 15-ao\u00fbt. <\/p>\n<p>C\u2019est devenu un rendez-vous traditionnel du <strong>15-ao\u00fbt \u00e0 Toulon<\/strong>. Depuis presque 25 ans, les pilotes de la <a href=\"https:\/\/mesinfos.fr\/tag\/patrouille-de-france\" rel=\"noopener nofollow\" target=\"_blank\">Patrouille de France<\/a> effectuent leurs<strong> incroyables figures au-dessus des plages du Mourillon<\/strong>. <\/p>\n<p>Cet \u00e9t\u00e9 2025 ne d\u00e9roge pas \u00e0 la r\u00e8gle. A partir de <strong>16 h 30<\/strong>, le public pourra assister aux d\u00e9monstrations des h\u00e9licopt\u00e8res Dauphin de la 35F et Panther de le 36F, <a href=\"https:\/\/mesinfos.fr\/83400-hyeres\/la-base-aeronautique-navale-d-hyeres-doit-continuer-a-se-moderniser-221934.html\" rel=\"noopener nofollow\" target=\"_blank\">deux flottilles bas\u00e9es \u00e0 Hy\u00e8res<\/a>. Suivront les prestations de <strong>l\u2019\u00e9cole de voltige de l\u2019arm\u00e9e de l\u2019Air et de l\u2019espace<\/strong> puis de <strong>l\u2019association Rafale Solo Display.<\/strong> <\/p>\n<p>La Patrouille de France en piste \u00e0 partir de 17 h 45 <\/p>\n<p>Puis \u00e0 partir de <strong>17 h 45<\/strong>, place aux <strong>\u00ab\u00a0chevaliers du ciel\u00a0\u00bb <\/strong>avec un show a\u00e9rien en deux parties : le \u00ab\u00a0ruban\u00a0\u00bb o\u00f9 les <strong>huit Alpha Jets<\/strong> \u00e9voluent en formation serr\u00e9e pour proposer des figures comme le canard, le croisillon ou la fl\u00e8che, et la \u00ab\u00a0synchronisation\u00a0\u00bb durant laquelle la Patrouille de France se divise en deux groupes \u00ab effectuant alternativement des acrobaties, plus dynamiques et plus impressionnantes, avec deux, quatre ou six engins\u00a0\u00bb, indique la mairie de Toulon, organisatrice de l\u2019\u00e9v\u00e9nement.\u00a0<strong>Une demi-heure de spectacle haut en couleur.<\/strong> <\/p>\n<p>Si les charges les plus importantes de cette manifestation (entra\u00eenement, salaire des pilotes, maintenance et carburant) sont support\u00e9es par l&rsquo;arm\u00e9e de l&rsquo;Air, <strong>la Ville de Toulon participe \u00e9galement \u00e0 hauteur de 45 000 euros<\/strong> pour l&rsquo;h\u00e9bergement, la restauration, le d\u00e9placement des \u00e9quipes, la s\u00e9curit\u00e9 et les assurances ainsi que la communication.<\/p>\n<p><strong>A 22 h, c\u2019est le fort Saint-Louis qui s\u2019embrasera pour le feu d\u2019artifice<\/strong>. <\/p>\n<p>Baignade, parking, bus : quels acc\u00e8s le 15-ao\u00fbt \u00e0 Toulon ? <\/p>\n<p>C\u00f4t\u00e9 acc\u00e8s, la <strong>baignade <\/strong>est autoris\u00e9e dans les anses mais la <strong>navigation <\/strong>interdite depuis la plage de Pipady jusqu\u2019\u00e0 la digue Sud de la 4e anse de midi \u00e0 minuit. Elle reste autoris\u00e9e au port Saint-Louis. <\/p>\n<p>Le <strong>parking des plages<\/strong> sera ferm\u00e9 dans la partie sud d\u00e8s 6 heures du matin. L\u2019entr\u00e9e se fera uniquement par l\u2019ouest, c\u00f4t\u00e9 Lido. Une fois plein, celui-ci sera d\u00e9finitivement ferm\u00e9. A noter que <strong>tous les coffres des v\u00e9hicules seront inspect\u00e9s visuellement<\/strong>. <\/p>\n<p>Pour ceux qui souhaitent se rendre \u00e0 la manifestation en transports en commun,<strong> la ligne 3<\/strong> sera renforc\u00e9e de 14 h \u00e0 minuit vingt et la <strong>ligne 1<\/strong> prolong\u00e9e jusqu\u2019\u00e0 1 h du matin. Les navettes maritimes fonctionneront normalement, celle nocturne sera elle aussi renforc\u00e9e.<\/p>\n","protected":false},"excerpt":{"rendered":"\u00a9 Shutterstock &#8211; La Patrouille de France \u00e0 Toulon pour le 15-ao\u00fbt. C\u2019est devenu un rendez-vous traditionnel du&hellip;\n","protected":false},"author":2,"featured_media":318377,"comment_status":"","ping_status":"","sticky":false,"template":"","format":"standard","meta":{"footnotes":""},"categories":[9619],"tags":[45673,1111,11,1777,674,1011,27,12,45672,882,25,2310],"class_list":{"0":"post-319718","1":"post","2":"type-post","3":"status-publish","4":"format-standard","5":"has-post-thumbnail","7":"category-toulon","8":"tag-15-aou00fbt","9":"tag-actu","10":"tag-actualites","11":"tag-eu","12":"tag-europe","13":"tag-fr","14":"tag-france","15":"tag-news","16":"tag-patrouille-de-france","17":"tag-provence-alpes-cote-dazur","18":"tag-republique-francaise","19":"tag-toulon"},"share_on_mastodon":{"url":"https:\/\/pubeurope.com\/@fr\/115029922625222483","error":""},"_links":{"self":[{"href":"https:\/\/www.europesays.com\/fr\/wp-json\/wp\/v2\/posts\/319718","targetHints":{"allow":["GET"]}}],"collection":[{"href":"https:\/\/www.europesays.com\/fr\/wp-json\/wp\/v2\/posts"}],"about":[{"href":"https:\/\/www.europesays.com\/fr\/wp-json\/wp\/v2\/types\/post"}],"author":[{"embeddable":true,"href":"https:\/\/www.europesays.com\/fr\/wp-json\/wp\/v2\/users\/2"}],"replies":[{"embeddable":true,"href":"https:\/\/www.europesays.com\/fr\/wp-json\/wp\/v2\/comments?post=319718"}],"version-history":[{"count":0,"href":"https:\/\/www.europesays.com\/fr\/wp-json\/wp\/v2\/posts\/319718\/revisions"}],"wp:featuredmedia":[{"embeddable":true,"href":"https:\/\/www.europesays.com\/fr\/wp-json\/wp\/v2\/media\/318377"}],"wp:attachment":[{"href":"https:\/\/www.europesays.com\/fr\/wp-json\/wp\/v2\/media?parent=319718"}],"wp:term":[{"taxonomy":"category","embeddable":true,"href":"https:\/\/www.europesays.com\/fr\/wp-json\/wp\/v2\/categories?post=319718"},{"taxonomy":"post_tag","embeddable":true,"href":"https:\/\/www.europesays.com\/fr\/wp-json\/wp\/v2\/tags?post=319718"}],"curies":[{"name":"wp","href":"https:\/\/api.w.org\/{rel}","templated":true}]}}