{"id":319725,"date":"2025-08-15T00:28:20","date_gmt":"2025-08-15T00:28:20","guid":{"rendered":"https:\/\/www.europesays.com\/fr\/319725\/"},"modified":"2025-08-15T00:28:20","modified_gmt":"2025-08-15T00:28:20","slug":"kalimuendo-vaut-de-lor-jackpot-pour-rennes","status":"publish","type":"post","link":"https:\/\/www.europesays.com\/fr\/319725\/","title":{"rendered":"Kalimuendo vaut de l&rsquo;or, jackpot pour Rennes !"},"content":{"rendered":"<p>Nottingham Forest est sur le point de<br \/>\nrecruter Arnaud Kalimuendo apr\u00e8s que Rennes a accept\u00e9 une offre de<br \/>\n26 millions de livres sterling.<\/p>\n<p>Selon L\u2019\u00c9quipe, Forest avait trouv\u00e9 un accord personnel avec<br \/>\nKalimuendo avant de finaliser un contrat de 26 millions de livres<br \/>\nsterling (35 millions de dollars) avec Rennes, o\u00f9 il \u00e9tait sous<br \/>\ncontrat jusqu\u2019en 2027.<\/p>\n<p><a href=\"https:\/\/www.football365.fr\/wp-content\/uploads\/se\/2025\/07\/ICONSPORT_260406_0365.jpg\" rel=\"nofollow noopener\" target=\"_blank\"><br \/>\n<img loading=\"lazy\" decoding=\"async\" aria-describedby=\"caption-attachment-10248181\" class=\"wp-image-10248181 size-full\" src=\"https:\/\/www.europesays.com\/fr\/wp-content\/uploads\/2025\/08\/ICONSPORT_260406_0365.jpg\" alt=\"\" width=\"1280\" height=\"670\"  \/><br \/>\n<\/a><\/p>\n<p id=\"caption-attachment-10248181\" class=\"wp-caption-text\">Arnaud<br \/>\nKALIMUENDO vaut une fortune<\/p>\n<p>Ford restructure son attaque pour consolider sa septi\u00e8me place<br \/>\nde la saison derni\u00e8re. Apr\u00e8s avoir recrut\u00e9 Dan Ndoye de Bologne et<br \/>\nprolong\u00e9 le contrat de Morgan-Gibbs White, le club anglais pr\u00e9voit<br \/>\nde renforcer sa puissance offensive. Kalimuendo a inscrit 17 buts<br \/>\net d\u00e9livr\u00e9 trois passes d\u00e9cisives pour Rennes, qui a termin\u00e9 12e de<br \/>\nLigue 1 la saison derni\u00e8re.<\/p>\n<p>Offre de 26 millions de livres sterling accept\u00e9e par<br \/>\nRennes<\/p>\n<p>Ford renforce \u00e9galement son attaque m\u00e9diane et cible<br \/>\nactuellement le milieu de terrain de l\u2019USMNT Yunus Musah. Le club<br \/>\nest \u00e9galement int\u00e9ress\u00e9 par le milieu de terrain de la Juventus<br \/>\nDouglas Luiz.<\/p>\n<p>Avec l\u2019arriv\u00e9e imminente de Kalimuendo \u00e0 Forest, le club anglais<br \/>\nesp\u00e8re int\u00e9grer rapidement l\u2019attaquant fran\u00e7ais dans le onze de<br \/>\nd\u00e9part.<\/p>\n<p>EN BREF<\/p>\n<ul class=\"bloc_resume_post_list\">\n<li>Forest a trouv\u00e9 un accord avec Arnaud Kalimuendo, actuellement<br \/>\nsous contrat avec Rennes jusqu&rsquo;en 2027, pour un transfert de 26<br \/>\nmillions de livres sterling.<\/li>\n<li>Kalimuendo, qui a marqu\u00e9 17 buts pour Rennes la saison<br \/>\nderni\u00e8re, est attendu pour renforcer l&rsquo;attaque de Forest, qui<br \/>\ncherche \u00e0 am\u00e9liorer sa septi\u00e8me place en Premier League.<\/li>\n<li>Avec l&rsquo;arriv\u00e9e de Kalimuendo, Forest esp\u00e8re rapidement int\u00e9grer<br \/>\nl&rsquo;attaquant dans son \u00e9quipe pour accro\u00eetre sa puissance<br \/>\noffensive.<\/li>\n<\/ul>\n","protected":false},"excerpt":{"rendered":"Nottingham Forest est sur le point de recruter Arnaud Kalimuendo apr\u00e8s que Rennes a accept\u00e9 une offre de&hellip;\n","protected":false},"author":2,"featured_media":319726,"comment_status":"","ping_status":"","sticky":false,"template":"","format":"standard","meta":{"footnotes":""},"categories":[2821],"tags":[1111,11,829,1777,674,1011,27,12,584,25],"class_list":{"0":"post-319725","1":"post","2":"type-post","3":"status-publish","4":"format-standard","5":"has-post-thumbnail","7":"category-rennes","8":"tag-actu","9":"tag-actualites","10":"tag-bretagne","11":"tag-eu","12":"tag-europe","13":"tag-fr","14":"tag-france","15":"tag-news","16":"tag-rennes","17":"tag-republique-francaise"},"share_on_mastodon":{"url":"https:\/\/pubeurope.com\/@fr\/115029953989991831","error":""},"_links":{"self":[{"href":"https:\/\/www.europesays.com\/fr\/wp-json\/wp\/v2\/posts\/319725","targetHints":{"allow":["GET"]}}],"collection":[{"href":"https:\/\/www.europesays.com\/fr\/wp-json\/wp\/v2\/posts"}],"about":[{"href":"https:\/\/www.europesays.com\/fr\/wp-json\/wp\/v2\/types\/post"}],"author":[{"embeddable":true,"href":"https:\/\/www.europesays.com\/fr\/wp-json\/wp\/v2\/users\/2"}],"replies":[{"embeddable":true,"href":"https:\/\/www.europesays.com\/fr\/wp-json\/wp\/v2\/comments?post=319725"}],"version-history":[{"count":0,"href":"https:\/\/www.europesays.com\/fr\/wp-json\/wp\/v2\/posts\/319725\/revisions"}],"wp:featuredmedia":[{"embeddable":true,"href":"https:\/\/www.europesays.com\/fr\/wp-json\/wp\/v2\/media\/319726"}],"wp:attachment":[{"href":"https:\/\/www.europesays.com\/fr\/wp-json\/wp\/v2\/media?parent=319725"}],"wp:term":[{"taxonomy":"category","embeddable":true,"href":"https:\/\/www.europesays.com\/fr\/wp-json\/wp\/v2\/categories?post=319725"},{"taxonomy":"post_tag","embeddable":true,"href":"https:\/\/www.europesays.com\/fr\/wp-json\/wp\/v2\/tags?post=319725"}],"curies":[{"name":"wp","href":"https:\/\/api.w.org\/{rel}","templated":true}]}}