{"id":319727,"date":"2025-08-15T00:30:32","date_gmt":"2025-08-15T00:30:32","guid":{"rendered":"https:\/\/www.europesays.com\/fr\/319727\/"},"modified":"2025-08-15T00:30:32","modified_gmt":"2025-08-15T00:30:32","slug":"strasbourg-defiera-brondby-en-barrage-apres-un-incroyable-retournement-de-situation","status":"publish","type":"post","link":"https:\/\/www.europesays.com\/fr\/319727\/","title":{"rendered":"Strasbourg d\u00e9fiera Brondby en barrage apr\u00e8s un incroyable retournement de situation"},"content":{"rendered":"<p>Le Racing est d\u00e9sormais fix\u00e9. Qualifi\u00e9s d\u2019office pour le barrage de <a href=\"https:\/\/www.footmercato.net\/europe\/uefa-europa-conference-league\/\" rel=\"nofollow noopener\" target=\"_blank\">Ligue Europa Conf\u00e9rence<\/a>, les Strasbourgeois connaissent l\u2019identit\u00e9 de leurs futurs adversaires : ce seront les valeureux joueurs danois de Brondby. Battus 3-0 lors du tour pr\u00e9liminaire aller face aux Islandais de Reykjavik, ils ont compl\u00e8tement renvers\u00e9 la table ce jeudi soir.<\/p>\n<p>            La suite apr\u00e8s cette publicit\u00e9<\/p>\n<p>Apr\u00e8s avoir pourtant \u00e9t\u00e9 r\u00e9duits \u00e0 10 d\u00e8s la 18e minute, les co\u00e9quipiers de Daniel Wass ont pris le taureau par les cornes pour aller marquer quatre buts \u00e0 leurs adversaires. Une victoire large, 4-0, qui leur permet donc de se hisser en barrage de C4 au terme d\u2019un sc\u00e9nario dingue. Les hommes de Liam Rosenior sont pr\u00e9venus : il y aura du caract\u00e8re en face.<\/p>\n<p>\n    Pub. le 14\/08\/2025 21:25<br \/>\n            &#8211; MAJ le 15\/08\/2025 01:21\n    <\/p>\n","protected":false},"excerpt":{"rendered":"Le Racing est d\u00e9sormais fix\u00e9. Qualifi\u00e9s d\u2019office pour le barrage de Ligue Europa Conf\u00e9rence, les Strasbourgeois connaissent l\u2019identit\u00e9&hellip;\n","protected":false},"author":2,"featured_media":105701,"comment_status":"","ping_status":"","sticky":false,"template":"","format":"standard","meta":{"footnotes":""},"categories":[2820],"tags":[1111,11,1777,674,1011,27,775,12,25,640],"class_list":{"0":"post-319727","1":"post","2":"type-post","3":"status-publish","4":"format-standard","5":"has-post-thumbnail","7":"category-strasbourg","8":"tag-actu","9":"tag-actualites","10":"tag-eu","11":"tag-europe","12":"tag-fr","13":"tag-france","14":"tag-grand-est","15":"tag-news","16":"tag-republique-francaise","17":"tag-strasbourg"},"share_on_mastodon":{"url":"https:\/\/pubeurope.com\/@fr\/115029961959819372","error":""},"_links":{"self":[{"href":"https:\/\/www.europesays.com\/fr\/wp-json\/wp\/v2\/posts\/319727","targetHints":{"allow":["GET"]}}],"collection":[{"href":"https:\/\/www.europesays.com\/fr\/wp-json\/wp\/v2\/posts"}],"about":[{"href":"https:\/\/www.europesays.com\/fr\/wp-json\/wp\/v2\/types\/post"}],"author":[{"embeddable":true,"href":"https:\/\/www.europesays.com\/fr\/wp-json\/wp\/v2\/users\/2"}],"replies":[{"embeddable":true,"href":"https:\/\/www.europesays.com\/fr\/wp-json\/wp\/v2\/comments?post=319727"}],"version-history":[{"count":0,"href":"https:\/\/www.europesays.com\/fr\/wp-json\/wp\/v2\/posts\/319727\/revisions"}],"wp:featuredmedia":[{"embeddable":true,"href":"https:\/\/www.europesays.com\/fr\/wp-json\/wp\/v2\/media\/105701"}],"wp:attachment":[{"href":"https:\/\/www.europesays.com\/fr\/wp-json\/wp\/v2\/media?parent=319727"}],"wp:term":[{"taxonomy":"category","embeddable":true,"href":"https:\/\/www.europesays.com\/fr\/wp-json\/wp\/v2\/categories?post=319727"},{"taxonomy":"post_tag","embeddable":true,"href":"https:\/\/www.europesays.com\/fr\/wp-json\/wp\/v2\/tags?post=319727"}],"curies":[{"name":"wp","href":"https:\/\/api.w.org\/{rel}","templated":true}]}}