{"id":319730,"date":"2025-08-15T00:32:12","date_gmt":"2025-08-15T00:32:12","guid":{"rendered":"https:\/\/www.europesays.com\/fr\/319730\/"},"modified":"2025-08-15T00:32:12","modified_gmt":"2025-08-15T00:32:12","slug":"le-lensois-salis-abdul-samed-sengage-avec-nice","status":"publish","type":"post","link":"https:\/\/www.europesays.com\/fr\/319730\/","title":{"rendered":"le Lensois Salis Abdul Samed s&rsquo;engage avec Nice"},"content":{"rendered":"<p>Le milieu de terrain international ghan\u00e9en de Lens, \u00e2g\u00e9 de 25 ans, s\u2019est engag\u00e9 pour deux saisons avec les Aiglons.<\/p>\n<p class=\"fig-paragraph\">Le milieu de terrain international ghan\u00e9en de Lens, Salis Abdul Samed, 25 ans, s&rsquo;est engag\u00e9 avec Nice, a annonc\u00e9 jeudi soir le club azur\u00e9en. D\u00e9couvert \u00e0 Clermont en Ligue 2 puis en Ligue 1 avant de se r\u00e9v\u00e9ler \u00e0 Lens entre 2022 et 2024 sous les ordres de Franck Haise, Salis Abdul Samed avait \u00e9t\u00e9 pr\u00eat\u00e9 la saison derni\u00e8re \u00e0 Sunderland, en deuxi\u00e8me division anglaise. Mais il n&rsquo;a disput\u00e9 que dix matches de championnat, handicap\u00e9 par des blessures musculaires.<\/p>\n<p class=\"fig-paragraph\">\u00abApr\u00e8s une derni\u00e8re saison plus difficile, nous pensons qu&rsquo;il saura se relancer sous les ordres de Franck Haise\u00bb, a assur\u00e9 le directeur g\u00e9n\u00e9ral de Nice Fabrice Bocquet. Apr\u00e8s le retournement de situation avec le Brestois Mahdi Camara, qui avait donn\u00e9 son accord \u00e0 Nice avant de se r\u00e9tracter pour s&rsquo;engager \u00e0 Rennes, les Aiglons ont donc trouv\u00e9 le milieu de terrain relayeur souhait\u00e9.<\/p>\n<p>                                    <a class=\"fig-a11y-skip a11y-hidden\" href=\"#fig-a11y-skip-main-inarticle\"><br \/>\n        Passer la publicit\u00e9<br \/>\n    <\/a><\/p>\n<p class=\"fig-paragraph\">Selon diff\u00e9rentes sources proches du dossier, Abdul Samed s&rsquo;est engag\u00e9 pour deux saisons et le montant de son transfert s&rsquo;\u00e9l\u00e8ve \u00e0 deux millions d&rsquo;euros. Il compte 91 matches de Ligue 1, huit matches europ\u00e9ens et 21 capes avec la s\u00e9lection ghan\u00e9enne, non-qualifi\u00e9e pour la prochaine Coupe d&rsquo;Afrique des nations au Maroc, qui d\u00e9bute en d\u00e9cembre.<\/p>\n<p class=\"fig-paragraph\">\u00abNous cherchions du dynamisme, de l&rsquo;impact et une bonne \u00e9nergie dans l&rsquo;entrejeu, a expliqu\u00e9 Florian Maurice, le directeur sportif sur le site du club. Salis est un joueur d&rsquo;\u00e9quilibre, avec un profil l\u00e9g\u00e8rement plus d\u00e9fensif que ses concurrents directs\u00bb. Salis Abdul Samed sera qualifi\u00e9 pour disputer avec Nice contre Toulouse la premi\u00e8re journ\u00e9e de L1, samedi soir (21h00) \u00e0 l&rsquo;Allianz Riviera.<\/p>\n","protected":false},"excerpt":{"rendered":"Le milieu de terrain international ghan\u00e9en de Lens, \u00e2g\u00e9 de 25 ans, s\u2019est engag\u00e9 pour deux saisons avec&hellip;\n","protected":false},"author":2,"featured_media":319731,"comment_status":"","ping_status":"","sticky":false,"template":"","format":"standard","meta":{"footnotes":""},"categories":[2819],"tags":[1111,11,69,2261,1777,674,63,1011,27,3309,6201,453,66,446,1434,12,2401,70,882,25,67,969,10662],"class_list":{"0":"post-319730","1":"post","2":"type-post","3":"status-publish","4":"format-standard","5":"has-post-thumbnail","7":"category-nice","8":"tag-actu","9":"tag-actualites","10":"tag-bundesliga","11":"tag-calcio","12":"tag-eu","13":"tag-europe","14":"tag-football","15":"tag-fr","16":"tag-france","17":"tag-l1","18":"tag-l2","19":"tag-liga","20":"tag-ligue-1","21":"tag-ligue-2","22":"tag-mercato","23":"tag-news","24":"tag-nice","25":"tag-premier-league","26":"tag-provence-alpes-cote-dazur","27":"tag-republique-francaise","28":"tag-serie-a","29":"tag-transfert","30":"tag-transferts"},"share_on_mastodon":{"url":"https:\/\/pubeurope.com\/@fr\/115029969632331982","error":""},"_links":{"self":[{"href":"https:\/\/www.europesays.com\/fr\/wp-json\/wp\/v2\/posts\/319730","targetHints":{"allow":["GET"]}}],"collection":[{"href":"https:\/\/www.europesays.com\/fr\/wp-json\/wp\/v2\/posts"}],"about":[{"href":"https:\/\/www.europesays.com\/fr\/wp-json\/wp\/v2\/types\/post"}],"author":[{"embeddable":true,"href":"https:\/\/www.europesays.com\/fr\/wp-json\/wp\/v2\/users\/2"}],"replies":[{"embeddable":true,"href":"https:\/\/www.europesays.com\/fr\/wp-json\/wp\/v2\/comments?post=319730"}],"version-history":[{"count":0,"href":"https:\/\/www.europesays.com\/fr\/wp-json\/wp\/v2\/posts\/319730\/revisions"}],"wp:featuredmedia":[{"embeddable":true,"href":"https:\/\/www.europesays.com\/fr\/wp-json\/wp\/v2\/media\/319731"}],"wp:attachment":[{"href":"https:\/\/www.europesays.com\/fr\/wp-json\/wp\/v2\/media?parent=319730"}],"wp:term":[{"taxonomy":"category","embeddable":true,"href":"https:\/\/www.europesays.com\/fr\/wp-json\/wp\/v2\/categories?post=319730"},{"taxonomy":"post_tag","embeddable":true,"href":"https:\/\/www.europesays.com\/fr\/wp-json\/wp\/v2\/tags?post=319730"}],"curies":[{"name":"wp","href":"https:\/\/api.w.org\/{rel}","templated":true}]}}