{"id":319734,"date":"2025-08-15T00:35:33","date_gmt":"2025-08-15T00:35:33","guid":{"rendered":"https:\/\/www.europesays.com\/fr\/319734\/"},"modified":"2025-08-15T00:35:33","modified_gmt":"2025-08-15T00:35:33","slug":"cornebarrieu-handicap-et-si-tu-me-voyais-autrement","status":"publish","type":"post","link":"https:\/\/www.europesays.com\/fr\/319734\/","title":{"rendered":"Cornebarrieu. Handicap : Et si tu me voyais autrement ?"},"content":{"rendered":"<p>Timoth\u00e9 Griseri, habitant de Cornebarrieu, est d\u00e9j\u00e0 bien connu en Occitanie. Entrepreneur engag\u00e9, fondateur d\u2019Handitim pour sensibiliser au handicap, qui a pour mission de sensibiliser et former les entreprises et les institutions publiques \u00e0 l\u2019inclusion des personnes handicap\u00e9es. Avec sa m\u00e8re Nathalie, ils ont co-\u00e9crit son histoire. \u00c0 travers des pages du livre, sa m\u00e8re d\u00e9voile son parcours en toute intimit\u00e9, depuis la naissance de Timoth\u00e9 \u00e0 30 semaines de grossesse et son enfance en situation de handicap. Et Timoth\u00e9 t\u00e9moigne de sa r\u00e9silience et de son combat face \u00e0 la paralysie c\u00e9r\u00e9brale. <\/p>\n<p>Au-del\u00e0 d\u2019une histoire personnelle, c\u2019est aussi un message d\u2019humanit\u00e9, de force et de courage. \u00ab\u00a0Ce projet, c\u2019est notre fa\u00e7on de dire que rien n\u2019est impossible\u00a0\u00bb, explique l\u2019auteur.<\/p>\n<p>Disponible en pr\u00e9commande sur <a href=\"https:\/\/dashbook.fr\/book\/et-si-tu-me-voyais-autrement\" target=\"_blank\" rel=\"nofollow noopener\">dashbook.fr\/book\/et-si-tu-me-voyais-autrement<\/a>. L\u2019objectif de 150 pr\u00e9commandes a \u00e9t\u00e9 atteint rapidement.<\/p>\n","protected":false},"excerpt":{"rendered":"Timoth\u00e9 Griseri, habitant de Cornebarrieu, est d\u00e9j\u00e0 bien connu en Occitanie. Entrepreneur engag\u00e9, fondateur d\u2019Handitim pour sensibiliser au&hellip;\n","protected":false},"author":2,"featured_media":319735,"comment_status":"","ping_status":"","sticky":false,"template":"","format":"standard","meta":{"footnotes":""},"categories":[2817],"tags":[1111,11,1997,1777,674,1011,27,12,2219,25],"class_list":{"0":"post-319734","1":"post","2":"type-post","3":"status-publish","4":"format-standard","5":"has-post-thumbnail","7":"category-bordeaux","8":"tag-actu","9":"tag-actualites","10":"tag-bordeaux","11":"tag-eu","12":"tag-europe","13":"tag-fr","14":"tag-france","15":"tag-news","16":"tag-nouvelle-aquitaine","17":"tag-republique-francaise"},"share_on_mastodon":{"url":"https:\/\/pubeurope.com\/@fr\/115029981560172366","error":""},"_links":{"self":[{"href":"https:\/\/www.europesays.com\/fr\/wp-json\/wp\/v2\/posts\/319734","targetHints":{"allow":["GET"]}}],"collection":[{"href":"https:\/\/www.europesays.com\/fr\/wp-json\/wp\/v2\/posts"}],"about":[{"href":"https:\/\/www.europesays.com\/fr\/wp-json\/wp\/v2\/types\/post"}],"author":[{"embeddable":true,"href":"https:\/\/www.europesays.com\/fr\/wp-json\/wp\/v2\/users\/2"}],"replies":[{"embeddable":true,"href":"https:\/\/www.europesays.com\/fr\/wp-json\/wp\/v2\/comments?post=319734"}],"version-history":[{"count":0,"href":"https:\/\/www.europesays.com\/fr\/wp-json\/wp\/v2\/posts\/319734\/revisions"}],"wp:featuredmedia":[{"embeddable":true,"href":"https:\/\/www.europesays.com\/fr\/wp-json\/wp\/v2\/media\/319735"}],"wp:attachment":[{"href":"https:\/\/www.europesays.com\/fr\/wp-json\/wp\/v2\/media?parent=319734"}],"wp:term":[{"taxonomy":"category","embeddable":true,"href":"https:\/\/www.europesays.com\/fr\/wp-json\/wp\/v2\/categories?post=319734"},{"taxonomy":"post_tag","embeddable":true,"href":"https:\/\/www.europesays.com\/fr\/wp-json\/wp\/v2\/tags?post=319734"}],"curies":[{"name":"wp","href":"https:\/\/api.w.org\/{rel}","templated":true}]}}