{"id":319736,"date":"2025-08-15T00:36:16","date_gmt":"2025-08-15T00:36:16","guid":{"rendered":"https:\/\/www.europesays.com\/fr\/319736\/"},"modified":"2025-08-15T00:36:16","modified_gmt":"2025-08-15T00:36:16","slug":"13-tonne-de-cocaine-saisie-dans-un-camion-pres-de-bordeaux-2","status":"publish","type":"post","link":"https:\/\/www.europesays.com\/fr\/319736\/","title":{"rendered":"1,3 tonne de coca\u00efne saisie dans un camion pr\u00e8s de Bordeaux"},"content":{"rendered":"<p class=\"mb-4 text-lg md:leading-8 break-words\">Quand ils ont ouvert les portes du camion, stopp\u00e9 sur l&rsquo;autoroute A63 \u00e0 hauteur de la commune de Sestas (Gironde), les gendarmes de la section de recherche de Bordeaux ne s&rsquo;attendaient pas \u00e0 tomber sur un chargement aussi cons\u00e9quent\u00a0:\u00a01\u00a0tonne et 345\u00a0kg de coca\u00efne, cach\u00e9e dans des caisses en bois. \u00ab\u00a0Une saisie de cet ordre, de cette drogue dure, dans un poids lourd remontant d&rsquo;Espagne, est assez rare, et m\u00eame exceptionnelle\u00a0\u00bb, indique au Point le lieutenant-colonel Denis Ritter, adjoint au commandant de la SR. Les prises de plus d&rsquo;une tonne de coca\u00efne ont le plus souvent lieu dans les zones a\u00e9roportuaires.<\/p>\n<p class=\"mb-4 text-lg md:leading-8 break-words\">Selon le ministre de l&rsquo;Int\u00e9rieur sur X, tout est parti d&rsquo;un renseignement transmis \u00e0 la section de recherche par la Guardia Civile le mois dernier. Les Espagnols signalaient alors que ce camion \u00e9tait soup\u00e7onn\u00e9 de participer \u00e0 un trafic de stup\u00e9fiants entre l&rsquo;Espagne et la France. Charg\u00e9s de l&rsquo;enqu\u00eate, les gendarmes de la SR ont identifi\u00e9 deux trajets de ce v\u00e9hicule\u00a0\u00e0 destination du nord de l&rsquo;Europe, selon le Procureur de la R\u00e9publique de Bordeaux Renaud Gaudeul. Ayant \u00e9t\u00e9 avertis d&rsquo;un nouveau convoi en cours ce dimanche 10\u00a0ao\u00fbt, les forces de l&rsquo;ordre l&rsquo;ont contr\u00f4l\u00e9 dans la foul\u00e9e alors qu&rsquo;il remontait l&rsquo;A63.<\/p>\n<p class=\"mb-4 text-lg md:leading-8 break-words\">\u00c0 LIRE AUSSI <strong class=\"strong\"><a href=\"https:\/\/www.lepoint.fr\/societe\/cocaine-cannabis-drogues-de-synthese-la-france-submergee-par-un-marche-criminel-a-7-milliards-d-euros-25-07-2025-2595080_23.php\" rel=\"nofollow noopener\" target=\"_blank\" data-ylk=\"slk:Narcotrafic\u00a0: la France proche de la paralysie judiciaire;elm:context_link;itc:0;sec:content-canvas\" class=\"link \">Narcotrafic\u00a0: la France proche de la paralysie judiciaire<\/a><\/strong><\/p>\n<p>Une saisie d&rsquo;une valeur de\u00a030\u00a0\u00e0 40\u00a0millions d&rsquo;euros<\/p>\n<p class=\"mb-4 text-lg md:leading-8 break-words\">Au vu de l&rsquo;ampleur de la cargaison et \u00ab\u00a0de la dimension manifestement organis\u00e9e et internationale des faits, le parquet de la juridi [&#8230;] <a href=\"https:\/\/www.lepoint.fr\/societe\/1-3-tonne-de-cocaine-saisie-dans-un-camion-pres-de-bordeaux-15-08-2025-2596364_23.php\" rel=\"nofollow noopener\" target=\"_blank\" data-ylk=\"slk:Lire la suite;elm:context_link;itc:0;sec:content-canvas\" class=\"link \">Lire la suite<\/a><\/p>\n","protected":false},"excerpt":{"rendered":"Quand ils ont ouvert les portes du camion, stopp\u00e9 sur l&rsquo;autoroute A63 \u00e0 hauteur de la commune de&hellip;\n","protected":false},"author":2,"featured_media":319737,"comment_status":"","ping_status":"","sticky":false,"template":"","format":"standard","meta":{"footnotes":""},"categories":[2817],"tags":[1111,11,1997,1777,674,3160,1011,27,39901,12,2219,3764,25,45790,45791],"class_list":{"0":"post-319736","1":"post","2":"type-post","3":"status-publish","4":"format-standard","5":"has-post-thumbnail","7":"category-bordeaux","8":"tag-actu","9":"tag-actualites","10":"tag-bordeaux","11":"tag-eu","12":"tag-europe","13":"tag-forces-de-lordre","14":"tag-fr","15":"tag-france","16":"tag-ministre-de-linterieur-2","17":"tag-news","18":"tag-nouvelle-aquitaine","19":"tag-procureur-de-la-republique","20":"tag-republique-francaise","21":"tag-section-de-recherche","22":"tag-zones-aeroportuaires"},"share_on_mastodon":{"url":"https:\/\/pubeurope.com\/@fr\/115029985513506834","error":""},"_links":{"self":[{"href":"https:\/\/www.europesays.com\/fr\/wp-json\/wp\/v2\/posts\/319736","targetHints":{"allow":["GET"]}}],"collection":[{"href":"https:\/\/www.europesays.com\/fr\/wp-json\/wp\/v2\/posts"}],"about":[{"href":"https:\/\/www.europesays.com\/fr\/wp-json\/wp\/v2\/types\/post"}],"author":[{"embeddable":true,"href":"https:\/\/www.europesays.com\/fr\/wp-json\/wp\/v2\/users\/2"}],"replies":[{"embeddable":true,"href":"https:\/\/www.europesays.com\/fr\/wp-json\/wp\/v2\/comments?post=319736"}],"version-history":[{"count":0,"href":"https:\/\/www.europesays.com\/fr\/wp-json\/wp\/v2\/posts\/319736\/revisions"}],"wp:featuredmedia":[{"embeddable":true,"href":"https:\/\/www.europesays.com\/fr\/wp-json\/wp\/v2\/media\/319737"}],"wp:attachment":[{"href":"https:\/\/www.europesays.com\/fr\/wp-json\/wp\/v2\/media?parent=319736"}],"wp:term":[{"taxonomy":"category","embeddable":true,"href":"https:\/\/www.europesays.com\/fr\/wp-json\/wp\/v2\/categories?post=319736"},{"taxonomy":"post_tag","embeddable":true,"href":"https:\/\/www.europesays.com\/fr\/wp-json\/wp\/v2\/tags?post=319736"}],"curies":[{"name":"wp","href":"https:\/\/api.w.org\/{rel}","templated":true}]}}