{"id":319740,"date":"2025-08-15T00:38:21","date_gmt":"2025-08-15T00:38:21","guid":{"rendered":"https:\/\/www.europesays.com\/fr\/319740\/"},"modified":"2025-08-15T00:38:21","modified_gmt":"2025-08-15T00:38:21","slug":"cinq-hectares-brules-apres-un-feu-dherbes-et-de-broussailles-au-sud-de-toulouse","status":"publish","type":"post","link":"https:\/\/www.europesays.com\/fr\/319740\/","title":{"rendered":"cinq hectares br\u00fbl\u00e9s apr\u00e8s un feu d\u2019herbes et de broussailles au sud de Toulouse"},"content":{"rendered":"<p>            Par<br \/>\n        <strong><br \/>\n            <a href=\"https:\/\/actu.fr\/auteur\/angelique-passebosc\" title=\"Consulter tous les articles de Ang\u00e9lique Passebosc\" rel=\"nofollow noopener\" target=\"_blank\">Ang\u00e9lique Passebosc<\/a><br \/>\n        <\/strong><\/p>\n<p>        Publi\u00e9 le<\/p>\n<p>            14 ao\u00fbt 2025 \u00e0 8h26        <\/p>\n<p>C\u2019est le genre d\u2019interventions qui devient de plus en plus courant, ces derniers temps. Les <b>sapeurs-pompiers de la Haute-Garonne<\/b> sont une fois de plus intervenus dans le Lauragais pour circonscrire<b> un feu d\u2019herbes et de broussailles<\/b>, survenu ce mercredi 13\u00a0ao\u00fbt en fin d\u2019apr\u00e8s-midi dans la commune de <a href=\"https:\/\/actu.fr\/occitanie\/grepiac_31233\" rel=\"nofollow noopener\" target=\"_blank\">Gr\u00e9piac<\/a>, entre Toulouse et Auterive.<\/p>\n<p>Cinq hectares ravag\u00e9s par les flammes<\/p>\n<p class=\" wall-content\">C\u2019est plus pr\u00e9cis\u00e9ment chemin de Loupsaut, au nord du village, que le sinistre s\u2019est d\u00e9clar\u00e9. Il \u00e9tait aux\u00a018\u2009h.<\/p>\n<p>    <a href=\"https:\/\/maps.google.com\/maps?q=43.4169298,1.4438265&amp;z=15&amp;output=embed\" title=\"Ouvrie le lien\" rel=\"nofollow noopener\" target=\"_blank\">Cliquez ici pour visualiser le contenu<\/a><\/p>\n<p class=\" wall-content\">\u00ab\u2009Les secours, rapidement sur les lieux, ont mis en place <b>deux moyens en eau afin de proc\u00e9der \u00e0 l\u2019extinction<\/b>\u2009\u00bb, renseigne le Service d\u00e9partemental d\u2019incendie et de secours de la Haute-Garonne (SDIS 31) au lendemain des faits.<\/p>\n<p class=\" wall-content\">Evitant ainsi toute propagation aux habitations voisines. <b>Environ cinq hectares de surface<\/b> auraient tout de m\u00eame br\u00fbl\u00e9 selon les soldats du feu.<\/p>\n<p>Vid\u00e9os : en ce moment sur ActuPr\u00e8s de 20 sapeurs-pompiers d\u00e9p\u00each\u00e9s sur les lieux<\/p>\n<p class=\" wall-content\">Ils \u00e9taient 18, issus des centres d\u2019incendie et de secours d\u2019Auterive, Muret \u2013 Massat, Cintegabelle et Grenade mobilis\u00e9s sur place. Six v\u00e9hicules ont \u00e9t\u00e9 d\u00e9ploy\u00e9s dont deux camions-citernes feu moyen, un fourgon pompe tonne et un fourgon mousse grande puissance.<\/p>\n<p class=\" wall-content\">Suivez toute l\u2019actualit\u00e9 de vos villes et m\u00e9dias favoris en vous inscrivant \u00e0 <a href=\"https:\/\/moncompte.actu.fr\" title=\"D\u00e9couvez Mon Actu\" rel=\"nofollow noopener\" data-trk=\"{&quot;cta&quot;:{&quot;action&quot;:&quot;https:\\\/\\\/moncompte.actu.fr&quot;,&quot;category&quot;:&quot;mon compte&quot;,&quot;from&quot;:&quot;article footer&quot;,&quot;name&quot;:&quot;Mon actu&quot;,&quot;type&quot;:&quot;cta&quot;}}\" target=\"_blank\">Mon Actu<\/a>.<\/p>\n","protected":false},"excerpt":{"rendered":"Par Ang\u00e9lique Passebosc Publi\u00e9 le 14 ao\u00fbt 2025 \u00e0 8h26 C\u2019est le genre d\u2019interventions qui devient de plus&hellip;\n","protected":false},"author":2,"featured_media":319741,"comment_status":"","ping_status":"","sticky":false,"template":"","format":"standard","meta":{"footnotes":""},"categories":[2816],"tags":[1111,11,1777,674,118,1011,27,1310,12,2680,1311,25,2312],"class_list":{"0":"post-319740","1":"post","2":"type-post","3":"status-publish","4":"format-standard","5":"has-post-thumbnail","7":"category-toulouse","8":"tag-actu","9":"tag-actualites","10":"tag-eu","11":"tag-europe","12":"tag-faits-divers","13":"tag-fr","14":"tag-france","15":"tag-incendie","16":"tag-news","17":"tag-occitanie","18":"tag-pompiers","19":"tag-republique-francaise","20":"tag-toulouse"},"share_on_mastodon":{"url":"https:\/\/pubeurope.com\/@fr\/115029993299074687","error":""},"_links":{"self":[{"href":"https:\/\/www.europesays.com\/fr\/wp-json\/wp\/v2\/posts\/319740","targetHints":{"allow":["GET"]}}],"collection":[{"href":"https:\/\/www.europesays.com\/fr\/wp-json\/wp\/v2\/posts"}],"about":[{"href":"https:\/\/www.europesays.com\/fr\/wp-json\/wp\/v2\/types\/post"}],"author":[{"embeddable":true,"href":"https:\/\/www.europesays.com\/fr\/wp-json\/wp\/v2\/users\/2"}],"replies":[{"embeddable":true,"href":"https:\/\/www.europesays.com\/fr\/wp-json\/wp\/v2\/comments?post=319740"}],"version-history":[{"count":0,"href":"https:\/\/www.europesays.com\/fr\/wp-json\/wp\/v2\/posts\/319740\/revisions"}],"wp:featuredmedia":[{"embeddable":true,"href":"https:\/\/www.europesays.com\/fr\/wp-json\/wp\/v2\/media\/319741"}],"wp:attachment":[{"href":"https:\/\/www.europesays.com\/fr\/wp-json\/wp\/v2\/media?parent=319740"}],"wp:term":[{"taxonomy":"category","embeddable":true,"href":"https:\/\/www.europesays.com\/fr\/wp-json\/wp\/v2\/categories?post=319740"},{"taxonomy":"post_tag","embeddable":true,"href":"https:\/\/www.europesays.com\/fr\/wp-json\/wp\/v2\/tags?post=319740"}],"curies":[{"name":"wp","href":"https:\/\/api.w.org\/{rel}","templated":true}]}}