{"id":319742,"date":"2025-08-15T00:39:13","date_gmt":"2025-08-15T00:39:13","guid":{"rendered":"https:\/\/www.europesays.com\/fr\/319742\/"},"modified":"2025-08-15T00:39:13","modified_gmt":"2025-08-15T00:39:13","slug":"fete-du-jeu-a-seclin","status":"publish","type":"post","link":"https:\/\/www.europesays.com\/fr\/319742\/","title":{"rendered":"F\u00eate du jeu \u00e0 Seclin"},"content":{"rendered":"<p>\t\t\t<img loading=\"lazy\" decoding=\"async\" width=\"798\" height=\"1336\" src=\"https:\/\/www.europesays.com\/fr\/wp-content\/uploads\/2025\/08\/520552669_1071593801781331_6117734956220255706_n-1.jpg\" class=\"attachment-full size-full wp-post-image\" alt=\"\"  \/><\/p>\n<p>Ce vendredi 15 aout c\u2019est la f\u00eate du jeu \u00e0 Seclin !\u00a0 Pendant cette journ\u00e9e, venez d\u00e9couvrir des jeux de soci\u00e9t\u00e9s modernes.<\/p>\n<p>Entr\u00e9e et participation gratuite<\/p>\n<p>Les explications des jeux vous seront fournies ou en autonomie.<\/p>\n<p>R\u00e9servez, proposez, cr\u00e9ez votre table et d\u00e9couvrez le monde ludique que vous soyiez seul(e) ou \u00e0 plusieurs, r\u00e9servez-vous une partie entre joueurs de bonne compagnie\u2026.<\/p>\n<p>Des challenges, des Tournois toute la journ\u00e9e.<\/p>\n<p>Des Croques-Monsieurs, du caf\u00e9 !<\/p>\n","protected":false},"excerpt":{"rendered":"Ce vendredi 15 aout c\u2019est la f\u00eate du jeu \u00e0 Seclin !\u00a0 Pendant cette journ\u00e9e, venez d\u00e9couvrir des&hellip;\n","protected":false},"author":2,"featured_media":319743,"comment_status":"","ping_status":"","sticky":false,"template":"","format":"standard","meta":{"footnotes":""},"categories":[2815],"tags":[1111,11,1777,674,1011,27,811,1307,12,25],"class_list":{"0":"post-319742","1":"post","2":"type-post","3":"status-publish","4":"format-standard","5":"has-post-thumbnail","7":"category-lille","8":"tag-actu","9":"tag-actualites","10":"tag-eu","11":"tag-europe","12":"tag-fr","13":"tag-france","14":"tag-hauts-de-france","15":"tag-lille","16":"tag-news","17":"tag-republique-francaise"},"share_on_mastodon":{"url":"https:\/\/pubeurope.com\/@fr\/115029997780913418","error":""},"_links":{"self":[{"href":"https:\/\/www.europesays.com\/fr\/wp-json\/wp\/v2\/posts\/319742","targetHints":{"allow":["GET"]}}],"collection":[{"href":"https:\/\/www.europesays.com\/fr\/wp-json\/wp\/v2\/posts"}],"about":[{"href":"https:\/\/www.europesays.com\/fr\/wp-json\/wp\/v2\/types\/post"}],"author":[{"embeddable":true,"href":"https:\/\/www.europesays.com\/fr\/wp-json\/wp\/v2\/users\/2"}],"replies":[{"embeddable":true,"href":"https:\/\/www.europesays.com\/fr\/wp-json\/wp\/v2\/comments?post=319742"}],"version-history":[{"count":0,"href":"https:\/\/www.europesays.com\/fr\/wp-json\/wp\/v2\/posts\/319742\/revisions"}],"wp:featuredmedia":[{"embeddable":true,"href":"https:\/\/www.europesays.com\/fr\/wp-json\/wp\/v2\/media\/319743"}],"wp:attachment":[{"href":"https:\/\/www.europesays.com\/fr\/wp-json\/wp\/v2\/media?parent=319742"}],"wp:term":[{"taxonomy":"category","embeddable":true,"href":"https:\/\/www.europesays.com\/fr\/wp-json\/wp\/v2\/categories?post=319742"},{"taxonomy":"post_tag","embeddable":true,"href":"https:\/\/www.europesays.com\/fr\/wp-json\/wp\/v2\/tags?post=319742"}],"curies":[{"name":"wp","href":"https:\/\/api.w.org\/{rel}","templated":true}]}}