{"id":319744,"date":"2025-08-15T00:40:18","date_gmt":"2025-08-15T00:40:18","guid":{"rendered":"https:\/\/www.europesays.com\/fr\/319744\/"},"modified":"2025-08-15T00:40:18","modified_gmt":"2025-08-15T00:40:18","slug":"nathan-ngoy-et-arnaud-bodart-titulaires-avec-lille-deux-gros-coups-a-75-millions-qui-pourraient-tout-changer-tout-le-foot","status":"publish","type":"post","link":"https:\/\/www.europesays.com\/fr\/319744\/","title":{"rendered":"Nathan Ngoy et Arnaud Bodart titulaires avec Lille ? Deux gros coups \u00e0 75 millions qui pourraient tout changer &#8211; Tout le foot"},"content":{"rendered":"<p>Lille continue \u00e0 miser sur le march\u00e9 belge. Arnaud Bodart et Nathan Ngoy parviendront-ils \u00e0 se faire une place au soleil ?<\/p>\n<p>Avec Thomas Meunier, Vincent Burlet,\u00a0Ngal&rsquo;ayel Mukau et\u00a0Matias Fernandez-Pardo, Lille pouvait d\u00e9j\u00e0 se targuer de miser sur le made in Pro League. Cela s&rsquo;est encore confirm\u00e9 cet \u00e9t\u00e9 avec les arriv\u00e9es d&rsquo;Arnaud Bodart et Nathan Ngoy.<\/p>\n<p>Les deux anciens du <strong>Standard <\/strong>le savaient : une place de titulaire ne pouvait leur \u00eatre promise au sein d&rsquo;un effectif qui restait sur des victoires face au Real et \u00e0 l&rsquo;Atletico Madrid en Ligue des Champions. Mais le mercato a \u00e9galement confirm\u00e9 qu&rsquo;ils pourraient avoir une carte \u00e0 jouer.<\/p>\n<p>Se montrer avant la fin du mercato<\/p>\n<p>Pour Bodart, l&rsquo;horizon s&rsquo;est \u00e9clairci avec la vente de Lucas Chevalier pour 40 millions au PSG.\u00a0Il devrait ainsi d\u00e9fendre les buts du LOSC \u00e0 l&rsquo;occasion de la reprise de la <a href=\"https:\/\/www.walfoot.be\/frence\/ligue-1\" rel=\"nofollow noopener\" target=\"_blank\">Ligue 1<\/a> dimanche, du c\u00f4t\u00e9 de Brest, apr\u00e8s avoir rassur\u00e9 lors de la pr\u00e9paration.<\/p>\n<p><strong>Nathan Ngoy<\/strong> a lui aussi beaucoup jou\u00e9 durant la pr\u00e9paration en vue d&rsquo;\u00eatre apte \u00e0 jouer lors de la reprise. Il doit \u00e9galement profiter d&rsquo;un d\u00e9part retentissant, celui du d\u00e9fenseur\u00a0Bafode Diakit\u00e9 \u00e0 Bournemouth pour 35 millions.<\/p>\n<p>Les 75 millions r\u00e9colt\u00e9s seront sans doute r\u00e9investis dans d&rsquo;autres joueurs. Arnaud Bodart devrait ainsi voir le Turc Berke \u00d6zer venir le concurrencer dans les buts. Ngoy devrait \u00e9galement recevoir un nouveau concurrent pour une place de titulaire en compagnie de l&rsquo;international br\u00e9silien Alexsandro. Mais le d\u00e9but de saison appara\u00eet comme une belle occasion de montrer ce qu&rsquo;ils ont dans le ventre. Et de s&rsquo;installer dans l&rsquo;\u00e9quipe \u00e0 plus long terme ?<\/p>\n","protected":false},"excerpt":{"rendered":"Lille continue \u00e0 miser sur le march\u00e9 belge. Arnaud Bodart et Nathan Ngoy parviendront-ils \u00e0 se faire une&hellip;\n","protected":false},"author":2,"featured_media":319745,"comment_status":"","ping_status":"","sticky":false,"template":"","format":"standard","meta":{"footnotes":""},"categories":[2815],"tags":[1111,11,1777,674,1011,27,811,1307,12,25],"class_list":{"0":"post-319744","1":"post","2":"type-post","3":"status-publish","4":"format-standard","5":"has-post-thumbnail","7":"category-lille","8":"tag-actu","9":"tag-actualites","10":"tag-eu","11":"tag-europe","12":"tag-fr","13":"tag-france","14":"tag-hauts-de-france","15":"tag-lille","16":"tag-news","17":"tag-republique-francaise"},"share_on_mastodon":{"url":"https:\/\/pubeurope.com\/@fr\/115030001166477443","error":""},"_links":{"self":[{"href":"https:\/\/www.europesays.com\/fr\/wp-json\/wp\/v2\/posts\/319744","targetHints":{"allow":["GET"]}}],"collection":[{"href":"https:\/\/www.europesays.com\/fr\/wp-json\/wp\/v2\/posts"}],"about":[{"href":"https:\/\/www.europesays.com\/fr\/wp-json\/wp\/v2\/types\/post"}],"author":[{"embeddable":true,"href":"https:\/\/www.europesays.com\/fr\/wp-json\/wp\/v2\/users\/2"}],"replies":[{"embeddable":true,"href":"https:\/\/www.europesays.com\/fr\/wp-json\/wp\/v2\/comments?post=319744"}],"version-history":[{"count":0,"href":"https:\/\/www.europesays.com\/fr\/wp-json\/wp\/v2\/posts\/319744\/revisions"}],"wp:featuredmedia":[{"embeddable":true,"href":"https:\/\/www.europesays.com\/fr\/wp-json\/wp\/v2\/media\/319745"}],"wp:attachment":[{"href":"https:\/\/www.europesays.com\/fr\/wp-json\/wp\/v2\/media?parent=319744"}],"wp:term":[{"taxonomy":"category","embeddable":true,"href":"https:\/\/www.europesays.com\/fr\/wp-json\/wp\/v2\/categories?post=319744"},{"taxonomy":"post_tag","embeddable":true,"href":"https:\/\/www.europesays.com\/fr\/wp-json\/wp\/v2\/tags?post=319744"}],"curies":[{"name":"wp","href":"https:\/\/api.w.org\/{rel}","templated":true}]}}