{"id":319746,"date":"2025-08-15T00:41:17","date_gmt":"2025-08-15T00:41:17","guid":{"rendered":"https:\/\/www.europesays.com\/fr\/319746\/"},"modified":"2025-08-15T00:41:17","modified_gmt":"2025-08-15T00:41:17","slug":"un-appartement-mal-organise-et-dangereux-une-fillette-de-16-mois-gravement-blessee-apres-avoir-chute-de-7-metres-trois-personnes-placees-en-garde-a-vue","status":"publish","type":"post","link":"https:\/\/www.europesays.com\/fr\/319746\/","title":{"rendered":"\u00ab\u00a0Un appartement mal organis\u00e9 et dangereux\u00a0\u00bb\u00a0: une fillette de 16 mois gravement bless\u00e9e apr\u00e8s avoir chut\u00e9 de 7 m\u00e8tres, trois personnes plac\u00e9es en garde \u00e0 vue"},"content":{"rendered":"<p>\n                                                                Le pronostic de la fillette de 16 mois est engag\u00e9, elle a \u00e9t\u00e9 h\u00e9liport\u00e9e vers Marseille.\n                            <\/p>\n<p>Un nouveau drame s\u2019est produit ce jeudi 14\u00a0ao\u00fbt dans les Bouches-du-Rh\u00f4ne. Peu avant 8\u00a0heures, \u00e0 Arles, une fillette de 16 mois est tomb\u00e9e depuis la terrasse d\u2019un immeuble situ\u00e9 au troisi\u00e8me \u00e9tage.<\/p>\n<p>Sur place, sept pompiers ont rapidement \u00e9t\u00e9 d\u00e9p\u00each\u00e9s, accompagn\u00e9s d\u2019un h\u00e9licopt\u00e8re de la S\u00e9curit\u00e9 civile, rapporte <a href=\"https:\/\/www.laprovence.com\/article\/faits-divers-justice\/60077346912677\/une-enfant-de-16-mois-grievement-blessee-apres-une-chute-du-troisieme-etage-a-arles\" target=\"_self\" rel=\"nofollow noopener\">La Provence<\/a>. Selon le chef de groupe des pompiers,<strong> l\u2019enfant aurait chut\u00e9 d\u2019une hauteur de 6,40 m\u00e8tres.<\/strong> Son pronostic vital est engag\u00e9. Elle a \u00e9t\u00e9 h\u00e9liport\u00e9e vers l\u2019h\u00f4pital de la Timone, \u00e0 Marseille.<\/p>\n<p>Trois personnes plac\u00e9es en garde \u00e0 vue<\/p>\n<p data-end=\"1013\" data-start=\"803\">Pour l\u2019heure, les circonstances exactes de l\u2019accident restent inconnues. Une source \u00e9voque aupr\u00e8s de nos confr\u00e8res un appartement \u00ab\u00a0mal organis\u00e9 et dangereux, avec le lit de l\u2019enfant situ\u00e9 pr\u00e8s de la fen\u00eatre\u00a0\u00bb.<\/p>\n<p data-end=\"1230\" data-start=\"1015\">Une enqu\u00eate a \u00e9t\u00e9 ouverte afin de faire la lumi\u00e8re sur ce drame. Le commandant Maurin, de la police nationale \u00e0 Arles, pr\u00e9cise que \u00ab\u00a0les trois personnes pr\u00e9sentes dans l\u2019appartement ont \u00e9t\u00e9 plac\u00e9es en garde \u00e0 vue\u00a0\u00bb.<\/p>\n","protected":false},"excerpt":{"rendered":"Le pronostic de la fillette de 16 mois est engag\u00e9, elle a \u00e9t\u00e9 h\u00e9liport\u00e9e vers Marseille. Un nouveau&hellip;\n","protected":false},"author":2,"featured_media":319747,"comment_status":"","ping_status":"","sticky":false,"template":"","format":"standard","meta":{"footnotes":""},"categories":[2814],"tags":[1111,11,1777,674,1011,27,884,12,882,25],"class_list":{"0":"post-319746","1":"post","2":"type-post","3":"status-publish","4":"format-standard","5":"has-post-thumbnail","7":"category-marseille","8":"tag-actu","9":"tag-actualites","10":"tag-eu","11":"tag-europe","12":"tag-fr","13":"tag-france","14":"tag-marseille","15":"tag-news","16":"tag-provence-alpes-cote-dazur","17":"tag-republique-francaise"},"share_on_mastodon":{"url":"https:\/\/pubeurope.com\/@fr\/115030005175197104","error":""},"_links":{"self":[{"href":"https:\/\/www.europesays.com\/fr\/wp-json\/wp\/v2\/posts\/319746","targetHints":{"allow":["GET"]}}],"collection":[{"href":"https:\/\/www.europesays.com\/fr\/wp-json\/wp\/v2\/posts"}],"about":[{"href":"https:\/\/www.europesays.com\/fr\/wp-json\/wp\/v2\/types\/post"}],"author":[{"embeddable":true,"href":"https:\/\/www.europesays.com\/fr\/wp-json\/wp\/v2\/users\/2"}],"replies":[{"embeddable":true,"href":"https:\/\/www.europesays.com\/fr\/wp-json\/wp\/v2\/comments?post=319746"}],"version-history":[{"count":0,"href":"https:\/\/www.europesays.com\/fr\/wp-json\/wp\/v2\/posts\/319746\/revisions"}],"wp:featuredmedia":[{"embeddable":true,"href":"https:\/\/www.europesays.com\/fr\/wp-json\/wp\/v2\/media\/319747"}],"wp:attachment":[{"href":"https:\/\/www.europesays.com\/fr\/wp-json\/wp\/v2\/media?parent=319746"}],"wp:term":[{"taxonomy":"category","embeddable":true,"href":"https:\/\/www.europesays.com\/fr\/wp-json\/wp\/v2\/categories?post=319746"},{"taxonomy":"post_tag","embeddable":true,"href":"https:\/\/www.europesays.com\/fr\/wp-json\/wp\/v2\/tags?post=319746"}],"curies":[{"name":"wp","href":"https:\/\/api.w.org\/{rel}","templated":true}]}}