{"id":319748,"date":"2025-08-15T00:42:24","date_gmt":"2025-08-15T00:42:24","guid":{"rendered":"https:\/\/www.europesays.com\/fr\/319748\/"},"modified":"2025-08-15T00:42:24","modified_gmt":"2025-08-15T00:42:24","slug":"marseille-la-couronne-de-la-bonne-mere-joue-les-filles-de-lair","status":"publish","type":"post","link":"https:\/\/www.europesays.com\/fr\/319748\/","title":{"rendered":"Marseille. La couronne de la Bonne M\u00e8re joue les filles de l\u2019air"},"content":{"rendered":"<p>Cet \u00e9v\u00e9nement n\u2019\u00e9tait pas pr\u00e9vu dans l\u2019\u00e9ch\u00e9ancier des travaux. Jamais la couronne qui ceint la Vierge n\u2019avait quitt\u00e9 le sommet de la basilique depuis 1870. \u00a0Mais sa d\u00e9t\u00e9rioration \u00e9tait telle qu\u2019elle ne pouvait pas \u00eatre restaur\u00e9e sur place. La couronne sera visible dans la basilique jusqu\u2019au 18 ao\u00fbt. Reste \u00e0 trouver les 400 000 euros manquants pour tout terminer.<br \/>\n<img fetchpriority=\"high\" decoding=\"async\" class=\"size-large wp-image-109025\" src=\"https:\/\/www.europesays.com\/fr\/wp-content\/uploads\/2025\/08\/IMG-20250814-WA0006-1024x768.jpg\" alt=\"Destimed IMG 20250814 WA0006\" width=\"1024\" height=\"768\"  \/>Pour la premi\u00e8re fois depuis 1870 la couronne de la Bonne M\u00e8re a \u00e9t\u00e9 retir\u00e9e pour \u00eatre restaur\u00e9e \u00a9 Jo\u00ebl Barcy<\/p>\n<p>\u00a0<\/p>\n<p><img loading=\"lazy\" decoding=\"async\" class=\"size-large wp-image-109021\" src=\"https:\/\/www.europesays.com\/fr\/wp-content\/uploads\/2025\/08\/IMG-20250814-WA0001-1024x576.jpg\" alt=\"Destimed IMG 20250814 WA0001\" width=\"1024\" height=\"576\"  \/>Le retrait de la couronne de la Vierge \u00a9 Jo\u00ebl Barcy<br \/>\n\u00c9v\u00e9nement historique<br \/>\n<img loading=\"lazy\" decoding=\"async\" class=\"size-large wp-image-109029\" src=\"https:\/\/www.europesays.com\/fr\/wp-content\/uploads\/2025\/08\/IMG-20250814-WA0011-1024x576.jpg\" alt=\"Destimed IMG 20250814 WA0011\" width=\"1024\" height=\"576\"  \/>Une journ\u00e9e historique pour Marie Aubert, b\u00e9n\u00e9vole \u00e0 la basilique \u00a9 Jo\u00ebl Barcy<\/p>\n<p>Pour la premi\u00e8re fois dans l\u2019histoire (1870), la couronne a quitt\u00e9 la Vierge pour rejoindre l\u2019atelier d\u2019un chaudronnier. Elle sera auparavant visible quelques jours dans une chapelle de la basilique. Pour les touristes et les fid\u00e8les c\u2019est l\u2019occasion de la voir de pr\u00e8s; d\u2019admirer ses fleurons, sa forme l\u00e9g\u00e8rement ovo\u00efde, son 1,50 m de diam\u00e8tre et ses 150 kg de cuivre, dor\u00e9 \u00e0 l\u2019or fin. Marie Aubert, b\u00e9n\u00e9vole \u00e0 la basilique y d\u00e9c\u00e8le le plus beau moment de sa vie : \u00ab Pour moi c\u2019est une journ\u00e9e historique, de la voir sur ce socle puis la procession. Cela m\u2019a rem\u00e9mor\u00e9 tout ce que j\u2019ai appris, tout ce que j\u2019ai lu. Quand on a v\u00e9cu tout ce que je viens de vivre, on ne peut pas ne pas croire. C\u2019est quelque chose qu\u2019on ne reverra sans doute pas d\u2019ici 100 ans, c\u2019est une chance extraordinaire. \u00bb<\/p>\n<p>Pas au programme<br \/>\n<img loading=\"lazy\" decoding=\"async\" class=\"size-large wp-image-109019\" src=\"data:image\/svg+xml,%3Csvg%20xmlns=\" http:=\"\" alt=\"Destimed IMG 20250814 WA0004\" width=\"1024\" height=\"768\" data-lazy- data-lazy- data-lazy-src=\"https:\/\/www.europesays.com\/fr\/wp-content\/uploads\/2025\/08\/IMG-20250814-WA0004-1024x768.jpg\"\/>La couronne est tr\u00e8s d\u00e9t\u00e9rior\u00e9e \u00a9 Jo\u00ebl Barcy<\/p>\n<p>Cette descente de la couronne n\u2019\u00e9tait pas au programme. Habituellement on la restaurait via un hublot au sommet de la Vierge en passant par l\u2019escalier central. Mais l\u2019ajout de paratonnerre et de balisages a\u00e9riens ces derni\u00e8res d\u00e9cennies et un coup de tonnerre ont entra\u00een\u00e9 une trop s\u00e9rieuse d\u00e9t\u00e9rioration des fleurons. Impossible de r\u00e9aliser les travaux sur place. \u00ab Ces rajouts ont fait que les blessures, l\u2019eau qui s\u2019infiltre a fait exploser les fers \u00e0 l\u2019int\u00e9rieur, tout est rouill\u00e9, d\u00e9crypte Arthur Rafine, l\u2019architecte. Le travail va consister \u00e0 d\u00e9monter la couronne de cuivre, la restaurer, la reconstruire en reprenant tous les \u00e9l\u00e9ments un par un par un artisan chaudronnier. Ensuite il va la redorer enti\u00e8rement. \u00bb<\/p>\n<p>Surco\u00fbt<\/p>\n<p>Actuellement le co\u00fbt de cette restauration n\u2019est pas \u00e9valu\u00e9 mais elle se fera \u00ab quoi qu\u2019il en co\u00fbte \u00bb, selon \u00c9douard Detaille, responsable du m\u00e9c\u00e9nat. Ces travaux font partie des surprises du chantier. Au d\u00e9part, le co\u00fbt de l\u2019ensemble des travaux \u00e9tait estim\u00e9 \u00e0 2,8 millions d\u2019euros mais \u00ab on sera plut\u00f4t autour des 3,2 millions d\u2019euros. Il nous manque encore 400 000 euros \u00bb, confirme-t-il. \u00abOn a, poursuit-il,\u00a0 1,8 million de dons en caisse de 40 000 donateurs et un million attendu notamment via des subventions des collectivit\u00e9s. \u00bb Actuellement la majorit\u00e9 des dons provient de l\u2019achat de feuilles d\u2019or pour parer la vierge et de nombreuses petites sommes entre un et 20 euros. Chacun est bien s\u00fbr invit\u00e9 \u00e0 poursuivre son \u0153uvre pour les 400 000 euros esp\u00e9r\u00e9s.<\/p>\n<p>Remercier les donateurs<br \/>\n<img loading=\"lazy\" decoding=\"async\" class=\"size-large wp-image-109023\" src=\"data:image\/svg+xml,%3Csvg%20xmlns=\" http:=\"\" alt=\"Destimed IMG 20250814 WA0003\" width=\"1024\" height=\"576\" data-lazy- data-lazy- data-lazy-src=\"https:\/\/www.europesays.com\/fr\/wp-content\/uploads\/2025\/08\/IMG-20250814-WA0003-1024x576.jpg\"\/>Rendre visible la couronne quelques jours avant sa restauration est \u00ab une fa\u00e7on de remercier les donateurs, explique le p\u00e8re Olivier Spinosa, recteur de la basilique \u00a9Jo\u00ebl Barcy<\/p>\n<p>Rendre visible la couronne quelques jours avant sa restauration est \u00ab\u00a0une fa\u00e7on de remercier les donateurs, de toucher du doigt la Bonne M\u00e8re\u00bb, estime le p\u00e8re Olivier Spinosa, le recteur de la basilique. Tout en offrant un rappel de la Bible. \u00ab Le couronnement de la Vierge Marie dans l\u2019\u00c9glise symbolise Dieu qui couronne les humbles, qui couronne les simples, qui couronne les personnes ordinaires. C\u2019est un message.\u00a0\u00bb<\/p>\n<p>Retour le 7 octobre<br \/>\n<img loading=\"lazy\" decoding=\"async\" class=\"size-large wp-image-109026\" src=\"data:image\/svg+xml,%3Csvg%20xmlns=\" http:=\"\" alt=\"Destimed IMG 20250814 WA0007\" width=\"1024\" height=\"768\" data-lazy- data-lazy- data-lazy-src=\"https:\/\/www.europesays.com\/fr\/wp-content\/uploads\/2025\/08\/IMG-20250814-WA0007-1024x768.jpg\"\/>\u00a9 Jo\u00ebl Barcy<\/p>\n<p>Si le calendrier est respect\u00e9, la couronne reviendra ceindre la Vierge Marie le 7 octobre prochain. Pas de vulgaire ascenseur cette fois, elle devait emprunter la voie des airs et \u00eatre d\u00e9pos\u00e9e en h\u00e9licopt\u00e8re sur le sommet de la basilique. La date est choisie, l\u2019\u00c9glise c\u00e9l\u00e8bre Notre-Dame du Rosaire ce jour l\u00e0.<\/p>\n<\/p>\n<p><strong>Reportage Jo\u00ebl BARCY<\/strong><\/p>\n","protected":false},"excerpt":{"rendered":"Cet \u00e9v\u00e9nement n\u2019\u00e9tait pas pr\u00e9vu dans l\u2019\u00e9ch\u00e9ancier des travaux. Jamais la couronne qui ceint la Vierge n\u2019avait quitt\u00e9&hellip;\n","protected":false},"author":2,"featured_media":319749,"comment_status":"","ping_status":"","sticky":false,"template":"","format":"standard","meta":{"footnotes":""},"categories":[2814],"tags":[1111,11,1777,674,1011,27,884,12,882,25],"class_list":{"0":"post-319748","1":"post","2":"type-post","3":"status-publish","4":"format-standard","5":"has-post-thumbnail","7":"category-marseille","8":"tag-actu","9":"tag-actualites","10":"tag-eu","11":"tag-europe","12":"tag-fr","13":"tag-france","14":"tag-marseille","15":"tag-news","16":"tag-provence-alpes-cote-dazur","17":"tag-republique-francaise"},"share_on_mastodon":{"url":"https:\/\/pubeurope.com\/@fr\/115030009175121779","error":""},"_links":{"self":[{"href":"https:\/\/www.europesays.com\/fr\/wp-json\/wp\/v2\/posts\/319748","targetHints":{"allow":["GET"]}}],"collection":[{"href":"https:\/\/www.europesays.com\/fr\/wp-json\/wp\/v2\/posts"}],"about":[{"href":"https:\/\/www.europesays.com\/fr\/wp-json\/wp\/v2\/types\/post"}],"author":[{"embeddable":true,"href":"https:\/\/www.europesays.com\/fr\/wp-json\/wp\/v2\/users\/2"}],"replies":[{"embeddable":true,"href":"https:\/\/www.europesays.com\/fr\/wp-json\/wp\/v2\/comments?post=319748"}],"version-history":[{"count":0,"href":"https:\/\/www.europesays.com\/fr\/wp-json\/wp\/v2\/posts\/319748\/revisions"}],"wp:featuredmedia":[{"embeddable":true,"href":"https:\/\/www.europesays.com\/fr\/wp-json\/wp\/v2\/media\/319749"}],"wp:attachment":[{"href":"https:\/\/www.europesays.com\/fr\/wp-json\/wp\/v2\/media?parent=319748"}],"wp:term":[{"taxonomy":"category","embeddable":true,"href":"https:\/\/www.europesays.com\/fr\/wp-json\/wp\/v2\/categories?post=319748"},{"taxonomy":"post_tag","embeddable":true,"href":"https:\/\/www.europesays.com\/fr\/wp-json\/wp\/v2\/tags?post=319748"}],"curies":[{"name":"wp","href":"https:\/\/api.w.org\/{rel}","templated":true}]}}