{"id":319753,"date":"2025-08-15T00:46:12","date_gmt":"2025-08-15T00:46:12","guid":{"rendered":"https:\/\/www.europesays.com\/fr\/319753\/"},"modified":"2025-08-15T00:46:12","modified_gmt":"2025-08-15T00:46:12","slug":"des-cas-autochtones-de-fievre-west-nile-detectes-en-ile-de-france-du-jamais-vu-infirmiers-com-profession-ide","status":"publish","type":"post","link":"https:\/\/www.europesays.com\/fr\/319753\/","title":{"rendered":"Des cas autochtones de fi\u00e8vre \u00ab\u00a0West- Nile\u00a0\u00bb d\u00e9tect\u00e9s en \u00cele-de-France, du jamais vu | Infirmiers.com | Profession IDE"},"content":{"rendered":"<p>Pour la premi\u00e8re fois, des cas autochtones de fi\u00e8vre \u00ab\u00a0West Nile\u00a0\u00bb, transmise par les moustiques, ont \u00e9t\u00e9 observ\u00e9s en \u00cele-de-France, ont annonc\u00e9 les autorit\u00e9s sanitaires, mercredi 13 ao\u00fbt, tandis que <a href=\"https:\/\/www.infirmiers.com\/profession-ide\/actualite-sociale\/virus-du-chikungunya-72-cas-autochtones-recenses\" rel=\" noopener nofollow\" target=\"_blank\">des foyers de chikungunya se multiplient en m\u00e9tropole \u00e0 un niveau particuli\u00e8rement \u00e9lev\u00e9<\/a>. \u00ab\u00a0Deux cas autochtones d&rsquo;infection par le virus du Nil occidental &#8211; West Nile virus &#8211; ont \u00e9t\u00e9 d\u00e9tect\u00e9s chez des personnes r\u00e9sidant en Seine-Saint-Denis\u00a0\u00bb, r\u00e9sume l&rsquo;Agence r\u00e9gionale de sant\u00e9 (ARS) d&rsquo;\u00cele-de-France dans un communiqu\u00e9. \u00ab\u00a0Il s&rsquo;agit des premi\u00e8res identifications de transmission locale vectorielle du virus West Nile en \u00cele-de-France.\u00a0\u00bb<\/p>\n<p>Ce virus se transmet via des piq\u00fbres de moustiques. Mais, contrairement au chikungunya ou \u00e0 la dengue, <strong>ce n&rsquo;est pas le moustique tigre qui est en cause, mais le genre Culex, bien plus r\u00e9pandu en m\u00e9tropole.<\/strong> Autre diff\u00e9rence avec ces deux autres maladies, la fi\u00e8vre \u00ab\u00a0West Nile\u00a0\u00bb n&rsquo;est pas transmise depuis un humain \u00e0 l&rsquo;autre par le moustique, mais depuis un oiseau infect\u00e9. Dans 80 % des cas, l\u2019infection est asymptomatique. Lorsqu\u2019elle est symptomatique, elle se manifeste par un syndrome pseudo-grippal (fi\u00e8vre importante accompagn\u00e9e de maux de t\u00eate, douleurs musculaires ou abdominales, naus\u00e9es, diarrh\u00e9es). <strong>Dans moins de 1% des cas, de graves complications neurologiques (m\u00e9ningite, enc\u00e9phalite) peuvent appara\u00eetre<\/strong>, entra\u00eenant parfois la mort. \u00ab\u00a0G\u00e9n\u00e9ralement, le malade r\u00e9cup\u00e8re spontan\u00e9ment, parfois avec s\u00e9quelles. Mais l\u2019infection virale peut s\u2019av\u00e9rer mortelle principalement chez les personnes \u00e2g\u00e9es\u00a0\u00bb, pr\u00e9vient l\u2019ARS. Elle a \u00e9galement indiqu\u00e9 avoir mis en place un certain nombre de mesures, en collaboration avec d\u2019autres acteurs de la sant\u00e9, afin de limiter le risque sanitaire\u00a0: sensibilisation des \u00e9tablissements sanitaires susceptibles d\u2019accueillir des personnes contamin\u00e9es, enqu\u00eate \u00e9pid\u00e9miologique, mobilisation des acteurs de la sant\u00e9 animale pour renforcer la surveillance chez les oiseaux<\/p>\n<p>Des cas autochtones ont d\u00e9j\u00e0 \u00e9t\u00e9 signal\u00e9s en m\u00e9tropole les ann\u00e9es pr\u00e9c\u00e9dentes &#8211; une quarantaine en 2024 &#8211; mais jamais aussi au Nord. Cet \u00e9t\u00e9, \u00e0 part les deux cas franciliens, cinq autres cas autochtones ont \u00e9t\u00e9 enregistr\u00e9s dans le Sud, en Provence-Alpes-C\u00f4te-d&rsquo;Azur, a pr\u00e9cis\u00e9 l&rsquo;agence nationale Sant\u00e9 publique France dans un autre bilan, publi\u00e9 mercredi.<\/p>\n<p>Une surveillance renforc\u00e9e des autres arboviroses toujours en cours<\/p>\n<p>L\u2019agence sanitaire continue par ailleurs \u00e0 suivre chaque semaine l&rsquo;\u00e9volution des cas autochtones de chikungunya en m\u00e9tropole. Ils sont cet \u00e9t\u00e9 \u00e0 un niveau particuli\u00e8rement \u00e9lev\u00e9s, apr\u00e8s une \u00e9pid\u00e9mie \u00e0 La R\u00e9union qui a facilit\u00e9 l&rsquo;importation du virus. D\u00e9sormais, \u00ab\u00a023 \u00e9pisodes de chikungunya totalisant 115 cas (avec) 1 \u00e0 23 cas par \u00e9pisode\u00a0\u00bb ont \u00e9t\u00e9 comptabilis\u00e9s en m\u00e9tropole, selon Sant\u00e9 publique France, pr\u00e9cisant que six de ces \u00e9pisodes sont clos.<\/p>\n<p>Pour ce qui est de la dengue, six foyers ont \u00e9t\u00e9 recens\u00e9s pour un total d&rsquo;onze cas. La semaine pr\u00e9c\u00e9dente, le bilan se montait \u00e0 cinq foyers pour neuf cas. La transmission de la dengue et du chikungunya en m\u00e9tropole est une cons\u00e9quence de l&rsquo;implantation du moustique tigre. Celui-ci \u00e9tait encore absent de la m\u00e9tropole voici quelques d\u00e9cennies, mais il s&rsquo;y est d\u00e9sormais largement install\u00e9, sur fond de r\u00e9chauffement climatique.<\/p>\n","protected":false},"excerpt":{"rendered":"Pour la premi\u00e8re fois, des cas autochtones de fi\u00e8vre \u00ab\u00a0West Nile\u00a0\u00bb, transmise par les moustiques, ont \u00e9t\u00e9 observ\u00e9s&hellip;\n","protected":false},"author":2,"featured_media":319754,"comment_status":"","ping_status":"","sticky":false,"template":"","format":"standard","meta":{"footnotes":""},"categories":[1592],"tags":[1111,11,1777,674,1011,27,662,12,626,25],"class_list":{"0":"post-319753","1":"post","2":"type-post","3":"status-publish","4":"format-standard","5":"has-post-thumbnail","7":"category-ile-de-france","8":"tag-actu","9":"tag-actualites","10":"tag-eu","11":"tag-europe","12":"tag-fr","13":"tag-france","14":"tag-ile-de-france","15":"tag-news","16":"tag-paris","17":"tag-republique-francaise"},"share_on_mastodon":{"url":"https:\/\/pubeurope.com\/@fr\/115030024728710875","error":""},"_links":{"self":[{"href":"https:\/\/www.europesays.com\/fr\/wp-json\/wp\/v2\/posts\/319753","targetHints":{"allow":["GET"]}}],"collection":[{"href":"https:\/\/www.europesays.com\/fr\/wp-json\/wp\/v2\/posts"}],"about":[{"href":"https:\/\/www.europesays.com\/fr\/wp-json\/wp\/v2\/types\/post"}],"author":[{"embeddable":true,"href":"https:\/\/www.europesays.com\/fr\/wp-json\/wp\/v2\/users\/2"}],"replies":[{"embeddable":true,"href":"https:\/\/www.europesays.com\/fr\/wp-json\/wp\/v2\/comments?post=319753"}],"version-history":[{"count":0,"href":"https:\/\/www.europesays.com\/fr\/wp-json\/wp\/v2\/posts\/319753\/revisions"}],"wp:featuredmedia":[{"embeddable":true,"href":"https:\/\/www.europesays.com\/fr\/wp-json\/wp\/v2\/media\/319754"}],"wp:attachment":[{"href":"https:\/\/www.europesays.com\/fr\/wp-json\/wp\/v2\/media?parent=319753"}],"wp:term":[{"taxonomy":"category","embeddable":true,"href":"https:\/\/www.europesays.com\/fr\/wp-json\/wp\/v2\/categories?post=319753"},{"taxonomy":"post_tag","embeddable":true,"href":"https:\/\/www.europesays.com\/fr\/wp-json\/wp\/v2\/tags?post=319753"}],"curies":[{"name":"wp","href":"https:\/\/api.w.org\/{rel}","templated":true}]}}