{"id":319755,"date":"2025-08-15T00:47:15","date_gmt":"2025-08-15T00:47:15","guid":{"rendered":"https:\/\/www.europesays.com\/fr\/319755\/"},"modified":"2025-08-15T00:47:15","modified_gmt":"2025-08-15T00:47:15","slug":"la-temperature-grimpe-en-montagne-et-les-glaciers-fondent","status":"publish","type":"post","link":"https:\/\/www.europesays.com\/fr\/319755\/","title":{"rendered":"la temp\u00e9rature grimpe en montagne et les glaciers fondent."},"content":{"rendered":"<p>            lire plus tard<\/p>\n<p id=\"dialog__title\" class=\"dialog__title\">Pour sauvegarder cet article, connectez-vous ou cr\u00e9ez un compte franceinfo<\/p>\n<p class=\"dialog__description\">Sans paiement. Sans abonnement.<\/p>\n<p>        Fermer la fen\u00eatre d\u2019activation des notifications France Info<\/p>\n<p>            cr\u00e9er votre compte<\/p>\n<p>            se connecter<\/p>\n<p>        Fermer la fen\u00eatre de pr\u00e9sentation<\/p>\n<p>    Publi\u00e9 le 14\/08\/2025 22:31<\/p>\n<p>      Mis \u00e0 jour le 14\/08\/2025 23:41<\/p>\n<p>        Temps de lecture : 3min &#8211; vid\u00e9o : 2min<\/p>\n<p>    <img decoding=\"async\" class=\"francetv-player-wrapper__image\" alt=\"&quot;Un jour, peut-\u00eatre qu'il n'y en aura plus&quot; : la temp\u00e9rature grimpe en montagne et les glaciers fondent.\"  width=\"432\" height=\"243\" src=\"https:\/\/www.europesays.com\/fr\/wp-content\/uploads\/2025\/08\/un-jour-peut-etre-qu-il-n-y-en-aura-plus-la-temperature-grimpe-en-montagne-et-les-glaciers-fondent-6.jpeg\" fetchpriority=\"high\"\/><\/p>\n<p>              \u00ab\u00a0Un jour, peut-\u00eatre qu&rsquo;il n&rsquo;y en aura plus\u00a0\u00bb : la temp\u00e9rature grimpe en montagne et les glaciers fondent.<br \/>\n                    (France 2)<\/p>\n<p>      2min<\/p>\n<p>\n  Incendies, canicules, s\u00e9cheresse&#8230; Cet \u00e9t\u00e9, le r\u00e9chauffement climatique est partout. Impossible de d\u00e9tourner le regard, y compris lorsque l&rsquo;on l\u00e8ve les yeux vers les sommets. Dans les Alpes, le r\u00e9chauffement donne le vertige. La montagne change d\u00e9finitivement de visage.\n<\/p>\n<p><strong>Ce texte correspond \u00e0 une partie de la retranscription du reportage ci-dessus. Cliquez sur la vid\u00e9o pour le regarder en int\u00e9gralit\u00e9.<\/strong><\/p>\n<p>\u00c0 3400 m\u00e8tres d&rsquo;altitude, le Glacier de la Grande Motte est un haut lieu de l&rsquo;alpinisme, mais aussi une sentinelle du climat. Yann Grava est guide de haute montagne et chaque \u00e9t\u00e9, avec les fortes chaleurs, il observe un peu plus le <a href=\"https:\/\/www.franceinfo.fr\/environnement\/crise-climatique\/fonte-des-glaciers\/infographies-visualisez-l-ampleur-de-la-fonte-des-glaciers-et-ses-consequences-en-france-et-dans-le-monde_7011383.html\" rel=\"nofollow noopener\" target=\"_blank\">recul du glacier<\/a>. \u00ab\u00a0Il y a 4-5 ans, toute la zone rocheuse qui \u00e9tait ici \u00e9tait encore couverte par la glace, et tous les ans, on voit sortir les m\u00eames rocheuses. De plus en plus, quoi. Tout a fondu\u00a0\u00bb, d\u00e9plore le guide.<\/p>\n<p>Ce matin-l\u00e0, il accompagne un groupe de vacanciers venus s&rsquo;initier \u00e0 la randonn\u00e9e glaciaire, en cord\u00e9e. Les participants s&rsquo;attendaient \u00e0 beaucoup plus de fra\u00eecheur. Mais \u00e0 10 heures du matin, m\u00eame en haute montagne, les temp\u00e9ratures restent \u00e9lev\u00e9es. \u00ab\u00a0Il fait plus chaud que ce que je pensais, parce qu&rsquo;il fait quand m\u00eame d\u00e9j\u00e0 20 degr\u00e9s alors qu&rsquo;on est \u00e0 3400 m\u00e8tres\u00a0\u00bb, rel\u00e8ve une randonneuse. \u00ab\u00a0Je savais qu&rsquo;il faisait chaud, mais je ne m&rsquo;attendais pas \u00e0 ce qu&rsquo;il fasse aussi chaud. D&rsquo;ailleurs, j&rsquo;ai rang\u00e9 le blouson dans le sac\u00a0\u00bb, compl\u00e8te une seconde.<\/p>\n<p>La <a href=\"https:\/\/www.franceinfo.fr\/environnement\/crise-climatique\/avant-apres-erosion-du-littoral-fonte-des-glaciers-decouvrez-en-images-comment-le-rechauffement-climatique-bouleverse-le-paysage-francais_3000233.html\" rel=\"nofollow noopener\" target=\"_blank\">neige se fait rare<\/a>. Il y a 3 \u00e0 5 m\u00e8tres d&rsquo;\u00e9paisseur en moins par rapport \u00e0 l&rsquo;\u00e9t\u00e9 dernier. Avec la fonte du glacier, des lacs apparaissent d\u00e9sormais dans un paysage de plus en plus min\u00e9ral. \u00ab\u00a0J&rsquo;aime bien monter sur les glaciers. Un jour, peut-\u00eatre qu&rsquo;il n&rsquo;y en aura plus, donc ce serait triste de dire que ce ne sera que de la roche\u00a0\u00bb, craint un autre alpiniste .<\/p>\n<p>Avec ces \u00e9t\u00e9s de plus en plus chauds et par mesure de s\u00e9curit\u00e9, le guide a d\u00fb adapter ses itin\u00e9raires en cons\u00e9quence. \u00ab\u00a0Il y a des voies o\u00f9 on ne va plus. Elles ne sont plus praticables, car il y a des pentes enti\u00e8res de montagnes qui sont en train de s&rsquo;effondrer\u00a0\u00bb, explique le guide.<\/p>\n<p>En contrebas, la station de Tignes, \u00e0 2000 m\u00e8tres d&rsquo;altitude, enregistre une hausse de fr\u00e9quentation. 80 % d&rsquo;occupation en ce mois d&rsquo;ao\u00fbt, et la m\u00e9t\u00e9o n&rsquo;y est pas pour rien. \u00ab\u00a0On a pass\u00e9 une semaine dans un d\u00f4me dans le sud, o\u00f9 il faisait 36. Autour de 22 ici c&rsquo;est parfaitement soutenable.<\/p>\n<p>Des temp\u00e9ratures moins \u00e9touffantes, mais tout de m\u00eame pr\u00e9occupantes \u00e0 cette altitude. C&rsquo;est 5 degr\u00e9s au-dessus de la normale. Fr\u00e9d\u00e9ric Porte, directeur g\u00e9n\u00e9ral de Tignes D\u00e9veloppement s&rsquo;en inqui\u00e8te : \u00ab\u00a024, 25 degr\u00e9s, ce sont des temp\u00e9ratures qui sont \u00e9lev\u00e9es. On est contents quand on a le vent frais qui vient, ce n&rsquo;est pas nouveau. Mais on est forc\u00e9ment aussi pr\u00e9occup\u00e9s par le ph\u00e9nom\u00e8ne m\u00e9t\u00e9o\u00a0\u00bb. Il faut d\u00e9sormais monter toujours plus haut pour fuir les \u00e9pisodes de canicule. La montagne reste fragilis\u00e9e par ces vagues de chaleur de plus en plus longues en \u00e9t\u00e9.<\/p>\n","protected":false},"excerpt":{"rendered":"lire plus tard Pour sauvegarder cet article, connectez-vous ou cr\u00e9ez un compte franceinfo Sans paiement. Sans abonnement. Fermer&hellip;\n","protected":false},"author":2,"featured_media":319756,"comment_status":"","ping_status":"","sticky":false,"template":"","format":"standard","meta":{"footnotes":""},"categories":[1888],"tags":[1111,1928,11,1927,1777,674,1011,27,12,1926,626,1925,25],"class_list":{"0":"post-319755","1":"post","2":"type-post","3":"status-publish","4":"format-standard","5":"has-post-thumbnail","7":"category-paris","8":"tag-actu","9":"tag-actu-paris","10":"tag-actualites","11":"tag-actualites-paris","12":"tag-eu","13":"tag-europe","14":"tag-fr","15":"tag-france","16":"tag-news","17":"tag-news-paris","18":"tag-paris","19":"tag-paris-news","20":"tag-republique-francaise"},"share_on_mastodon":{"url":"https:\/\/pubeurope.com\/@fr\/115030028971126122","error":""},"_links":{"self":[{"href":"https:\/\/www.europesays.com\/fr\/wp-json\/wp\/v2\/posts\/319755","targetHints":{"allow":["GET"]}}],"collection":[{"href":"https:\/\/www.europesays.com\/fr\/wp-json\/wp\/v2\/posts"}],"about":[{"href":"https:\/\/www.europesays.com\/fr\/wp-json\/wp\/v2\/types\/post"}],"author":[{"embeddable":true,"href":"https:\/\/www.europesays.com\/fr\/wp-json\/wp\/v2\/users\/2"}],"replies":[{"embeddable":true,"href":"https:\/\/www.europesays.com\/fr\/wp-json\/wp\/v2\/comments?post=319755"}],"version-history":[{"count":0,"href":"https:\/\/www.europesays.com\/fr\/wp-json\/wp\/v2\/posts\/319755\/revisions"}],"wp:featuredmedia":[{"embeddable":true,"href":"https:\/\/www.europesays.com\/fr\/wp-json\/wp\/v2\/media\/319756"}],"wp:attachment":[{"href":"https:\/\/www.europesays.com\/fr\/wp-json\/wp\/v2\/media?parent=319755"}],"wp:term":[{"taxonomy":"category","embeddable":true,"href":"https:\/\/www.europesays.com\/fr\/wp-json\/wp\/v2\/categories?post=319755"},{"taxonomy":"post_tag","embeddable":true,"href":"https:\/\/www.europesays.com\/fr\/wp-json\/wp\/v2\/tags?post=319755"}],"curies":[{"name":"wp","href":"https:\/\/api.w.org\/{rel}","templated":true}]}}