{"id":319761,"date":"2025-08-15T00:50:23","date_gmt":"2025-08-15T00:50:23","guid":{"rendered":"https:\/\/www.europesays.com\/fr\/319761\/"},"modified":"2025-08-15T00:50:23","modified_gmt":"2025-08-15T00:50:23","slug":"la-bourse-de-paris-termine-dans-le-vert-profitant-dun-effet-de-change-favorable-14-08-2025-a-1821","status":"publish","type":"post","link":"https:\/\/www.europesays.com\/fr\/319761\/","title":{"rendered":"La Bourse de Paris termine dans le vert, profitant d&rsquo;un effet de change favorable &#8211; 14\/08\/2025 \u00e0 18:21"},"content":{"rendered":"<p>        <img fetchpriority=\"high\" decoding=\"async\" src=\"https:\/\/www.europesays.com\/fr\/wp-content\/uploads\/2025\/08\/e85fc9d492cc185a3b50a24a5bca9f6a-760x506.jpg\" alt=\"Photographie prise le 21 avril 2024 de l'ancien si\u00e8ge de la Bourse de Paris, le Palais Brongniart, \u00e0 Paris ( AFP \/ MIGUEL MEDINA )\" loading=\"eager\" width=\"760\" height=\"506\" style=\"max-width: 100%!important; height: auto;\"\/><\/p>\n<p class=\"c-image-news__legend\">Photographie prise le 21 avril 2024 de l&rsquo;ancien si\u00e8ge de la Bourse de Paris, le Palais Brongniart, \u00e0 Paris ( AFP \/ MIGUEL MEDINA )<\/p>\n<p>\n La Bourse de Paris a termin\u00e9 en hausse jeudi, profitant d&rsquo;un effet de change favorable avec la baisse de l&rsquo;euro face au dollar apr\u00e8s qu&rsquo;un indice sur l&rsquo;inflation c\u00f4t\u00e9 producteurs aux Etats-Unis a provoqu\u00e9 une r\u00e9vision des anticipations de la politique mon\u00e9taire de la R\u00e9serve f\u00e9d\u00e9rale (Fed).\n<\/p>\n<p>\n L&rsquo;indice phare de la Bourse de Paris a pris 0,85%, soit un gain de 65,37 points, pour s&rsquo;\u00e9tablir \u00e0 7.870,34 points. La veille, le CAC 40 avait termin\u00e9 en hausse de 0,66%.\n<\/p>\n<p>\n A l&rsquo;instar de ses homologues europ\u00e9ens, l&rsquo;indice vedette de la place de Paris a profit\u00e9 d&rsquo;un \u00ab\u00a0effet de devises\u00a0\u00bb, explique \u00e0 l&rsquo;AFP Florian Ielpo, responsable de la recherche macro\u00e9conomique pour Lombard Odier IM.\n<\/p>\n<p>\n Le dollar am\u00e9ricain a mont\u00e9 apr\u00e8s la publication des prix \u00e0 la production aux Etats-Unis jeudi, qui ont nettement plus augment\u00e9 qu&rsquo;escompt\u00e9 au mois de juillet, avec une hausse marqu\u00e9e dans les services.\n<\/p>\n<p>\n Sur un mois, l&rsquo;indice des prix \u00e0 la production (PPI) a progress\u00e9 de 0,9% apr\u00e8s \u00eatre rest\u00e9 stable en juin, une augmentation bien plus marqu\u00e9e que ne le pr\u00e9voyaient les analystes.\n<\/p>\n<p>\n \u00ab\u00a0Dans ce contexte, la R\u00e9serve f\u00e9d\u00e9rale am\u00e9ricaine n&rsquo;a gu\u00e8re de marge de man\u0153uvre et ne devrait pas changer de cap dans un avenir proche\u00a0\u00bb, estime Andreas Lipkow, analyste ind\u00e9pendant. \u00ab\u00a0Il faut d&rsquo;abord voir quel sera l&rsquo;impact final des droits de douane impos\u00e9s et comment l&rsquo;environnement \u00e9conomique \u00e9voluera.\u00a0\u00bb\n<\/p>\n<p>\n Selon l&rsquo;outil de veille de CME FedWatch, les investisseurs pr\u00e9voient d\u00e9sormais \u00e0 90,5% une baisse des taux d&rsquo;un quart de point lors de la prochaine r\u00e9union de la Fed, contre plus de 96% mercredi.\n<\/p>\n<p>\n Cette r\u00e9vision des attentes a renforc\u00e9 le dollar, et pes\u00e9 sur l&rsquo;euro, rendant les actifs libell\u00e9s en euro plus attractifs pour les investisseurs.\n<\/p>\n<p> Feu vert pour la d\u00e9fense<\/p>\n<p>\n Autre focus des march\u00e9s: la rencontre historique vendredi du pr\u00e9sident russe Vladimir Poutine et son homologue am\u00e9ricain Donald Trump, qui discuteront \u00ab\u00a0principalement\u00a0\u00bb en Alaska du r\u00e8glement du conflit arm\u00e9 en Ukraine, lors d&rsquo;une conversation \u00ab\u00a0en t\u00eate-\u00e0-t\u00eate\u00a0\u00bb, a annonc\u00e9 jeudi le Kremlin.\n<\/p>\n<p>\n L&rsquo;incertitude persistante autour du conflit a pouss\u00e9 les valeurs de la d\u00e9fense \u00e0 la hausse, d&rsquo;autant que Donald Trump a, \u00e0 plusieurs reprises, temp\u00e9r\u00e9 les attentes autour de la rencontre.\n<\/p>\n<p>\n Il a dit vouloir \u00ab\u00a0t\u00e2ter le terrain\u00a0\u00bb avec son homologue russe, et que si l&rsquo;entretien se passe bien, il d\u00e9bouchera \u00ab\u00a0presque imm\u00e9diatement\u00a0\u00bb sur une rencontre \u00e0 trois entre Vladimir Poutine, Volodymyr Zelensky et lui-m\u00eame. Mais si la r\u00e9union tourne mal, le pr\u00e9sident am\u00e9ricain a assur\u00e9 qu&rsquo;il n&rsquo;y aurait pas de \u00ab\u00a0seconde rencontre\u00a0\u00bb.\n<\/p>\n<p>\n Le groupe industriel fran\u00e7ais de d\u00e9fense Thales a termin\u00e9 en hausse de 2,55% \u00e0 237,50 euros, soit la plus forte hausse du CAC 40 jeudi, et Dassault Aviation a gagn\u00e9 1,40% \u00e0 275,80 euros.\n<\/p>\n<p>\n Euronext CAC40<\/p>\n","protected":false},"excerpt":{"rendered":"Photographie prise le 21 avril 2024 de l&rsquo;ancien si\u00e8ge de la Bourse de Paris, le Palais Brongniart, \u00e0&hellip;\n","protected":false},"author":2,"featured_media":319762,"comment_status":"","ping_status":"","sticky":false,"template":"","format":"standard","meta":{"footnotes":""},"categories":[1888],"tags":[400,11,398,408,405,1777,674,1011,27,403,402,399,404,12,626,25,401,406,407],"class_list":{"0":"post-319761","1":"post","2":"type-post","3":"status-publish","4":"format-standard","5":"has-post-thumbnail","7":"category-paris","8":"tag-action-cac-40","9":"tag-actualites","10":"tag-bourse-de-paris","11":"tag-boursorama","12":"tag-cotations","13":"tag-eu","14":"tag-europe","15":"tag-fr","16":"tag-france","17":"tag-indices-devises","18":"tag-investir","19":"tag-investissement","20":"tag-marche-boursier","21":"tag-news","22":"tag-paris","23":"tag-republique-francaise","24":"tag-sicav","25":"tag-trackers","26":"tag-warrants"},"share_on_mastodon":{"url":"https:\/\/pubeurope.com\/@fr\/115030040921948194","error":""},"_links":{"self":[{"href":"https:\/\/www.europesays.com\/fr\/wp-json\/wp\/v2\/posts\/319761","targetHints":{"allow":["GET"]}}],"collection":[{"href":"https:\/\/www.europesays.com\/fr\/wp-json\/wp\/v2\/posts"}],"about":[{"href":"https:\/\/www.europesays.com\/fr\/wp-json\/wp\/v2\/types\/post"}],"author":[{"embeddable":true,"href":"https:\/\/www.europesays.com\/fr\/wp-json\/wp\/v2\/users\/2"}],"replies":[{"embeddable":true,"href":"https:\/\/www.europesays.com\/fr\/wp-json\/wp\/v2\/comments?post=319761"}],"version-history":[{"count":0,"href":"https:\/\/www.europesays.com\/fr\/wp-json\/wp\/v2\/posts\/319761\/revisions"}],"wp:featuredmedia":[{"embeddable":true,"href":"https:\/\/www.europesays.com\/fr\/wp-json\/wp\/v2\/media\/319762"}],"wp:attachment":[{"href":"https:\/\/www.europesays.com\/fr\/wp-json\/wp\/v2\/media?parent=319761"}],"wp:term":[{"taxonomy":"category","embeddable":true,"href":"https:\/\/www.europesays.com\/fr\/wp-json\/wp\/v2\/categories?post=319761"},{"taxonomy":"post_tag","embeddable":true,"href":"https:\/\/www.europesays.com\/fr\/wp-json\/wp\/v2\/tags?post=319761"}],"curies":[{"name":"wp","href":"https:\/\/api.w.org\/{rel}","templated":true}]}}