{"id":319763,"date":"2025-08-15T00:51:14","date_gmt":"2025-08-15T00:51:14","guid":{"rendered":"https:\/\/www.europesays.com\/fr\/319763\/"},"modified":"2025-08-15T00:51:14","modified_gmt":"2025-08-15T00:51:14","slug":"teheran-affirme-travailler-avec-la-russie-et-la-chine-pour-empecher-des-sanctions-europeennes","status":"publish","type":"post","link":"https:\/\/www.europesays.com\/fr\/319763\/","title":{"rendered":"T\u00e9h\u00e9ran affirme travailler avec la Russie et la Chine pour emp\u00eacher des sanctions europ\u00e9ennes"},"content":{"rendered":"<p><strong>POURPARLERS &#8211; L\u2019Iran collabore avec la Chine et la Russie pour \u00e9viter le retour des sanctions en raison de son programme nucl\u00e9aire. Les Europ\u00e9ens d\u00e9noncent un stock d\u2019uranium largement au-dessus de la limite de\u00a02015<\/strong><\/p>\n<p>Le ministre <a href=\"https:\/\/www.20minutes.fr\/monde\/iran\/?at_medium=RSS%20feed&amp;at_campaign=ynews&amp;utm_source=yahoo&amp;utm_medium=rss&amp;utm_campaign=news_feed&amp;utm_content=in_article_link\" rel=\"nofollow noopener\" target=\"_blank\" data-ylk=\"slk:iranien;elm:context_link;itc:0;sec:content-canvas\" class=\"link \">iranien<\/a> des Affaires \u00e9trang\u00e8res, <a href=\"https:\/\/www.20minutes.fr\/monde\/4164724-20250722-nucleaire-iran-affirme-abandonnera-enrichissement-uranium?at_medium=RSS%20feed&amp;at_campaign=ynews&amp;utm_source=yahoo&amp;utm_medium=rss&amp;utm_campaign=news_feed&amp;utm_content=in_article_link\" rel=\"nofollow noopener\" target=\"_blank\" data-ylk=\"slk:Abbas Araghchi;elm:context_link;itc:0;sec:content-canvas\" class=\"link \">Abbas Araghchi<\/a>, a affirm\u00e9 jeudi que son pays travaillait en \u00e9troite coordination avec la <a href=\"https:\/\/www.20minutes.fr\/dossier\/chine?at_medium=RSS%20feed&amp;at_campaign=ynews&amp;utm_source=yahoo&amp;utm_medium=rss&amp;utm_campaign=news_feed&amp;utm_content=in_article_link\" rel=\"nofollow noopener\" target=\"_blank\" data-ylk=\"slk:Chine;elm:context_link;itc:0;sec:content-canvas\" class=\"link \">Chine<\/a> et la <a href=\"https:\/\/www.20minutes.fr\/monde\/russie\/?at_medium=RSS%20feed&amp;at_campaign=ynews&amp;utm_source=yahoo&amp;utm_medium=rss&amp;utm_campaign=news_feed&amp;utm_content=in_article_link\" rel=\"nofollow noopener\" target=\"_blank\" data-ylk=\"slk:Russie;elm:context_link;itc:0;sec:content-canvas\" class=\"link \">Russie<\/a> pour \u00e9viter l\u2019activation du m\u00e9canisme de \u00ab\u00a0snapback\u00a0\u00bb envisag\u00e9 par les <a href=\"https:\/\/www.20minutes.fr\/dossier\/europe?at_medium=RSS%20feed&amp;at_campaign=ynews&amp;utm_source=yahoo&amp;utm_medium=rss&amp;utm_campaign=news_feed&amp;utm_content=in_article_link\" rel=\"nofollow noopener\" target=\"_blank\" data-ylk=\"slk:Europ\u00e9ens;elm:context_link;itc:0;sec:content-canvas\" class=\"link \">Europ\u00e9ens<\/a>. Ce dispositif permettrait de r\u00e9tablir les sanctions internationales contre l\u2019Iran si aucun accord n\u2019est trouv\u00e9 d\u2019ici fin ao\u00fbt.<\/p>\n<p>Mardi, l\u2019<a href=\"https:\/\/www.20minutes.fr\/dossier\/allemagne?at_medium=RSS%20feed&amp;at_campaign=ynews&amp;utm_source=yahoo&amp;utm_medium=rss&amp;utm_campaign=news_feed&amp;utm_content=in_article_link\" rel=\"nofollow noopener\" target=\"_blank\" data-ylk=\"slk:Allemagne;elm:context_link;itc:0;sec:content-canvas\" class=\"link \">Allemagne<\/a>, le <a href=\"https:\/\/www.20minutes.fr\/monde\/royaume-uni\/?at_medium=RSS%20feed&amp;at_campaign=ynews&amp;utm_source=yahoo&amp;utm_medium=rss&amp;utm_campaign=news_feed&amp;utm_content=in_article_link\" rel=\"nofollow noopener\" target=\"_blank\" data-ylk=\"slk:Royaume-Uni;elm:context_link;itc:0;sec:content-canvas\" class=\"link \">Royaume-Uni<\/a> et la <a href=\"https:\/\/www.20minutes.fr\/france\/?at_medium=RSS%20feed&amp;at_campaign=ynews&amp;utm_source=yahoo&amp;utm_medium=rss&amp;utm_campaign=news_feed&amp;utm_content=in_article_link\" rel=\"nofollow noopener\" target=\"_blank\" data-ylk=\"slk:France;elm:context_link;itc:0;sec:content-canvas\" class=\"link \">France<\/a> \u2013 r\u00e9unis sous le nom de \u00ab\u00a0E3\u00a0\u00bb \u2013 ont adress\u00e9 une lettre au secr\u00e9taire g\u00e9n\u00e9ral de l\u2019<a href=\"https:\/\/www.20minutes.fr\/monde\/onu\/?at_medium=RSS%20feed&amp;at_campaign=ynews&amp;utm_source=yahoo&amp;utm_medium=rss&amp;utm_campaign=news_feed&amp;utm_content=in_article_link\" rel=\"nofollow noopener\" target=\"_blank\" data-ylk=\"slk:ONU;elm:context_link;itc:0;sec:content-canvas\" class=\"link \">ONU<\/a>, Antonio Guterres, d\u00e9non\u00e7ant une accumulation d\u2019<a href=\"https:\/\/www.20minutes.fr\/dossier\/uranium?at_medium=RSS%20feed&amp;at_campaign=ynews&amp;utm_source=yahoo&amp;utm_medium=rss&amp;utm_campaign=news_feed&amp;utm_content=in_article_link\" rel=\"nofollow noopener\" target=\"_blank\" data-ylk=\"slk:uranium;elm:context_link;itc:0;sec:content-canvas\" class=\"link \">uranium<\/a> enrichi \u00ab\u00a0plus de 40 fois\u00a0\u00bb sup\u00e9rieure \u00e0 la limite fix\u00e9e par l\u2019accord nucl\u00e9aire de\u00a02015. Les trois capitales europ\u00e9ennes pr\u00e9viennent qu\u2019en l\u2019absence de solution n\u00e9goci\u00e9e, elles enclencheront le processus menant au retour des <a href=\"https:\/\/www.20minutes.fr\/dossier\/sanction?at_medium=RSS%20feed&amp;at_campaign=ynews&amp;utm_source=yahoo&amp;utm_medium=rss&amp;utm_campaign=news_feed&amp;utm_content=in_article_link\" rel=\"nofollow noopener\" target=\"_blank\" data-ylk=\"slk:sanctions;elm:context_link;itc:0;sec:content-canvas\" class=\"link \">sanctions<\/a> en octobre.<\/p>\n<p>\u00ab\u00a0Nous avons des outils pour r\u00e9agir\u00a0\u00bb<\/p>\n<p>\u00ab\u00a0Si cela se produit, ce sera n\u00e9gatif [\u2026] Nous allons essayer de l\u2019emp\u00eacher [\u2026] Nous travaillons avec la Chine et la Russie pour emp\u00eacher la mise en \u0153uvre du snapback\u00a0\u00bb, a d\u00e9clar\u00e9 Abbas Araghchi \u00e0 la t\u00e9l\u00e9vision d\u2019Etat. Le chef de la diplomatie iranienne a \u00e9galement averti\u00a0: \u00ab\u00a0Si cela ne fonctionne pas et qu\u2019ils l\u2019appliquent, nous avons des outils pour r\u00e9agir.\u00a0\u00bb<\/p>\n<p><a href=\"https:\/\/www.20minutes.fr\/monde\/nucleaire_iranien\/\" rel=\"nofollow noopener\" target=\"_blank\" data-ylk=\"slk:Notre dossier sur le nucl\u00e9aire iranien;elm:context_link;itc:0;sec:content-canvas\" class=\"link \">Notre dossier sur le nucl\u00e9aire iranien<\/a><\/p>\n<p>L\u2019accord nucl\u00e9aire sign\u00e9 en\u00a02015, auquel participaient \u00e9galement les Etats-Unis, pr\u00e9voyait une limitation stricte des activit\u00e9s nucl\u00e9aires iraniennes en \u00e9change d\u2019une lev\u00e9e progressive des sanctions. Mais en\u00a02018, Washington s\u2019est retir\u00e9 unilat\u00e9ralement sous la pr\u00e9sidence de Donald Trump, pous(&#8230;)<\/p>\n<p><a href=\"https:\/\/www.20minutes.fr\/monde\/4168082-20250814-nucleaire-iranien-teheran-affirme-travailler-russie-chine-empecher-sanctions-europeennes?at_medium=RSS%20feed&amp;at_campaign=ynews&amp;utm_source=yahoo&amp;utm_medium=rss&amp;utm_campaign=news_feed&amp;utm_content=read_more_link&quot;\" rel=\"nofollow noopener\" target=\"_blank\" data-ylk=\"slk:Lire la suite sur 20minutes;elm:context_link;itc:0;sec:content-canvas\" class=\"link \">Lire la suite sur 20minutes<\/a><\/p>\n<p>\u00c0 lire aussi :<br \/><a href=\"https:\/\/www.20minutes.fr\/monde\/4161732-20250703-iran-france-conditionne-question-sanctions-liberation-deux-otages-francais?at_medium=RSS%20feed&amp;at_campaign=ynews&amp;utm_source=yahoo&amp;utm_medium=rss&amp;utm_campaign=news_feed&amp;utm_content=related_content_link\" rel=\"nofollow noopener\" target=\"_blank\" data-ylk=\"slk:Iran\u00a0: La France conditionne la question des sanctions \u00e0 la lib\u00e9ration des deux d\u00e9tenus fran\u00e7ais;elm:context_link;itc:0;sec:content-canvas\" class=\"link \">Iran\u00a0: La France conditionne la question des sanctions \u00e0 la lib\u00e9ration des deux d\u00e9tenus fran\u00e7ais<\/a><br \/><a href=\"https:\/\/www.20minutes.fr\/monde\/israel\/4166551-20250804-iran-teheran-cree-conseil-defense-renforcer-capacites-militaires?at_medium=RSS%20feed&amp;at_campaign=ynews&amp;utm_source=yahoo&amp;utm_medium=rss&amp;utm_campaign=news_feed&amp;utm_content=related_content_link\" rel=\"nofollow noopener\" target=\"_blank\" data-ylk=\"slk:Iran\u00a0: T\u00e9h\u00e9ran cr\u00e9e un conseil de d\u00e9fense pour renforcer ses capacit\u00e9s militaires;elm:context_link;itc:0;sec:content-canvas\" class=\"link \">Iran\u00a0: T\u00e9h\u00e9ran cr\u00e9e un conseil de d\u00e9fense pour renforcer ses capacit\u00e9s militaires<\/a><\/p>\n","protected":false},"excerpt":{"rendered":"POURPARLERS &#8211; L\u2019Iran collabore avec la Chine et la Russie pour \u00e9viter le retour des sanctions en raison&hellip;\n","protected":false},"author":2,"featured_media":319764,"comment_status":"","ping_status":"","sticky":false,"template":"","format":"standard","meta":{"footnotes":""},"categories":[1591],"tags":[10461,11,45792,309,11201,1887,12,3020,1885,1886,132,7185],"class_list":{"0":"post-319763","1":"post","2":"type-post","3":"status-publish","4":"format-standard","5":"has-post-thumbnail","7":"category-russie","8":"tag-abbas-araghchi","9":"tag-actualites","10":"tag-antonio-guterres","11":"tag-chine","12":"tag-europeens","13":"tag-federation-de-russie","14":"tag-news","15":"tag-nucleaire-iranien","16":"tag-russia","17":"tag-russian-federation","18":"tag-russie","19":"tag-sanctions"},"share_on_mastodon":{"url":"https:\/\/pubeurope.com\/@fr\/115030044396597930","error":""},"_links":{"self":[{"href":"https:\/\/www.europesays.com\/fr\/wp-json\/wp\/v2\/posts\/319763","targetHints":{"allow":["GET"]}}],"collection":[{"href":"https:\/\/www.europesays.com\/fr\/wp-json\/wp\/v2\/posts"}],"about":[{"href":"https:\/\/www.europesays.com\/fr\/wp-json\/wp\/v2\/types\/post"}],"author":[{"embeddable":true,"href":"https:\/\/www.europesays.com\/fr\/wp-json\/wp\/v2\/users\/2"}],"replies":[{"embeddable":true,"href":"https:\/\/www.europesays.com\/fr\/wp-json\/wp\/v2\/comments?post=319763"}],"version-history":[{"count":0,"href":"https:\/\/www.europesays.com\/fr\/wp-json\/wp\/v2\/posts\/319763\/revisions"}],"wp:featuredmedia":[{"embeddable":true,"href":"https:\/\/www.europesays.com\/fr\/wp-json\/wp\/v2\/media\/319764"}],"wp:attachment":[{"href":"https:\/\/www.europesays.com\/fr\/wp-json\/wp\/v2\/media?parent=319763"}],"wp:term":[{"taxonomy":"category","embeddable":true,"href":"https:\/\/www.europesays.com\/fr\/wp-json\/wp\/v2\/categories?post=319763"},{"taxonomy":"post_tag","embeddable":true,"href":"https:\/\/www.europesays.com\/fr\/wp-json\/wp\/v2\/tags?post=319763"}],"curies":[{"name":"wp","href":"https:\/\/api.w.org\/{rel}","templated":true}]}}