{"id":319770,"date":"2025-08-15T00:56:14","date_gmt":"2025-08-15T00:56:14","guid":{"rendered":"https:\/\/www.europesays.com\/fr\/319770\/"},"modified":"2025-08-15T00:56:14","modified_gmt":"2025-08-15T00:56:14","slug":"lallemagne-ne-veut-pas-la-fin-du-moteur-thermique-pourtant-elle-produit-un-nombre-impressionnant-de-voitures-rechargeables-en-2025","status":"publish","type":"post","link":"https:\/\/www.europesays.com\/fr\/319770\/","title":{"rendered":"L&rsquo;Allemagne ne veut pas la fin du moteur thermique, pourtant elle produit un nombre impressionnant de voitures rechargeables en 2025"},"content":{"rendered":"<p>En Allemagne, la voiture \u00e9lectrique commence \u00e0 prendre \u00e9norm\u00e9ment de place. M\u00eame si les Allemands militent fortement pour le report de la fin du thermique, leurs constructeurs produisent toujours plus de v\u00e9hicules \u00e9lectriques sur leur propre sol. A tel point que les chiffres montrent un niveau record sur la premi\u00e8re moiti\u00e9 de 2025.<\/p>\n<p>C&rsquo;est tout le paradoxe de <a title=\"l&#039;Allemagne : vouloir le maintien du moteur thermique\" href=\"https:\/\/www.automobile-magazine.fr\/voitures-electriques\/article\/48524-les-allemands-nen-veulent-pas-et-pourtant-la-voiture-electrique-leur-reussit-de-plus-en-plus\" target=\"_blank\" rel=\"noopener\">l&rsquo;Allemagne : vouloir le maintien du moteur thermique<\/a> tout en assurant une production de v\u00e9hicules \u00e9lectriques et hybrides rechargeable de plus en plus importante. <a href=\"https:\/\/www.automobile-magazine.fr\/toute-l-actualite\/article\/45977-les-allemands-contre-larret-du-moteur-thermique-cest-plus-complique\" target=\"_blank\" rel=\"noopener\">Les Allemands doivent-ils r\u00e9ellement craindre le \u00ab\u00a0mur\u00a0\u00bb de 2035 <\/a>? A en croire Mercedes ou encore BMW, le tout \u00e9lectrique d&rsquo;ici dix ans serait inatteignable. Ou plut\u00f4t, inenvisageable pour maintenir les volumes de ventes actuels, qui ont d\u00e9j\u00e0 bien baiss\u00e9 depuis l&rsquo;avant Covid. Sur les six premiers mois de l&rsquo;ann\u00e9e, les niveaux de production automobile en Allemagne restent 12 % inf\u00e9rieurs \u00e0 l&rsquo;ann\u00e9e 2019, malgr\u00e9 une production par rapport \u00e0 2024.<\/p>\n<p>Le VDA, l&rsquo;association de l&rsquo;industrie automobile en Allemagne, a d\u00e9voil\u00e9 les chiffres du premier semestre. Rep\u00e9r\u00e9 par nos confr\u00e8res des Echos, ils sont assez \u00e9vocateurs puisqu&rsquo;ils montrent une belle progression des mod\u00e8les dits \u00ab\u00a0rechargeables\u00a0\u00bb : hybrides, et pures \u00e9lectriques qui gagnent du terrain. <strong>Notamment sous l&rsquo;effet d&rsquo;une gamme ID chez Volkswagen qui a particuli\u00e8rement bien march\u00e9 ces derniers mois.<\/strong> L\u00e0 encore, un autre paradoxe puisque le constructeur allemand souhaite abandonner cette nomenclature.<\/p>\n<p>Une ann\u00e9e 2025 record pour les \u00e9lectriques ?<\/p>\n<p>Au premier semestre 2025, 864 000 v\u00e9hicules rechargeables ont \u00e9t\u00e9 produits en Allemagne dont 229 000 \u00e9lectriques et 635 000 hybrides rechargeables. \u00ab\u00a0La part de l&rsquo;\u00e9lectrique (PHEV + \u00e9lectriques) dans la production automobile nationale s&rsquo;\u00e9l\u00e8ve ainsi \u00e0 40 % au premier semestre (contre 30 % l&rsquo;an dernier \u00e0 la m\u00eame p\u00e9riode). <strong>La VDA continue de tabler sur une production totale d&rsquo;environ 1,7 million de v\u00e9hicules \u00e9lectriques en Allemagne cette ann\u00e9e<\/strong>\u00ab\u00a0, commente l&rsquo;organisme. Pas si mal, pour un pays qui fait le forcing aupr\u00e8s de l&rsquo;Europe afin de maintenir le moteur \u00e0 combustion apr\u00e8s 2035. Mais on comprend aussi pourquoi en lisant ces chiffres, puisque les hybrides rechargeables comptent encore \u00e9norm\u00e9ment pour les Allemands. Mercedes, BMW et Volkswagen Group ont mis\u00e9 gros dessus ces derni\u00e8res ann\u00e9es au point de d\u00e9cliner ces moteurs partout. Et les soci\u00e9t\u00e9s europ\u00e9ennes ont tendance \u00e0 les adorer.<\/p>\n<p>L&rsquo;Allemagne concurrente de la Chine ?<\/p>\n<p>Avec une progression aussi forte et constante, l&rsquo;Allemagne est d\u00e9j\u00e0 le deuxi\u00e8me pays producteur de voitures \u00e9lectriques au monde derri\u00e8re l&rsquo;ind\u00e9tr\u00f4nable Chine. Mais cette derni\u00e8re, en s&rsquo;internationalisant, devrait voir sa cadence baisser, d&rsquo;autant plus que la concurrence est si f\u00e9roce en Chine qu&rsquo;elle pourrait entrainer certaines marques vers la faillite. Une situation que l&rsquo;on ne devrait pas voir se produire si facilement en Europe.<\/p>\n<p>Sur la premi\u00e8re moiti\u00e9 de l&rsquo;ann\u00e9e, la voiture \u00e9lectrique a le vent en poupe en Allemagne. Contrairement \u00e0 la France o\u00f9 elle stagne, <strong>les ventes de pures \u00e9lectriques sur les sept premiers mois de l&rsquo;ann\u00e9e ont bondi de pr\u00e8s de 40 %, \u00e0 environ 300 000 unit\u00e9s.<\/strong><\/p>\n<p> <img decoding=\"async\" src=\"https:\/\/www.europesays.com\/fr\/wp-content\/uploads\/2025\/06\/audric-doche.webp.webp\" alt=\"Audric Doche\" width=\"120\" height=\"120\" class=\"visu-auteur\" loading=\"lazy\"\/><\/p>\n<p class=\"short-txt\"> Journaliste automobile (et un peu bicyclette aussi). Autant passionn\u00e9 par la nouveaut\u00e9 que l\u2019industrie ou l\u2019environnement, mais aussi tout ce qui fera avancer la mobilit\u00e9.<\/p>\n<p> Notez cet article<\/p>\n<p> 4\/5 ( 3 votes)<\/p>\n<p>  Publi\u00e9 le  14\/08\/2025 \u00e0 20:00  <\/p>\n","protected":false},"excerpt":{"rendered":"En Allemagne, la voiture \u00e9lectrique commence \u00e0 prendre \u00e9norm\u00e9ment de place. M\u00eame si les Allemands militent fortement pour&hellip;\n","protected":false},"author":2,"featured_media":319771,"comment_status":"","ping_status":"","sticky":false,"template":"","format":"standard","meta":{"footnotes":""},"categories":[1587],"tags":[11,672,1804,1805,1803,621,1777,674,1801,12,1802],"class_list":{"0":"post-319770","1":"post","2":"type-post","3":"status-publish","4":"format-standard","5":"has-post-thumbnail","7":"category-allemagne","8":"tag-actualites","9":"tag-allemagne","10":"tag-bundesrepublik-deutschland","11":"tag-de","12":"tag-deutschland","13":"tag-economie-politique","14":"tag-eu","15":"tag-europe","16":"tag-germany","17":"tag-news","18":"tag-republique-federale-dallemagne"},"share_on_mastodon":{"url":"https:\/\/pubeurope.com\/@fr\/115030064237046627","error":""},"_links":{"self":[{"href":"https:\/\/www.europesays.com\/fr\/wp-json\/wp\/v2\/posts\/319770","targetHints":{"allow":["GET"]}}],"collection":[{"href":"https:\/\/www.europesays.com\/fr\/wp-json\/wp\/v2\/posts"}],"about":[{"href":"https:\/\/www.europesays.com\/fr\/wp-json\/wp\/v2\/types\/post"}],"author":[{"embeddable":true,"href":"https:\/\/www.europesays.com\/fr\/wp-json\/wp\/v2\/users\/2"}],"replies":[{"embeddable":true,"href":"https:\/\/www.europesays.com\/fr\/wp-json\/wp\/v2\/comments?post=319770"}],"version-history":[{"count":0,"href":"https:\/\/www.europesays.com\/fr\/wp-json\/wp\/v2\/posts\/319770\/revisions"}],"wp:featuredmedia":[{"embeddable":true,"href":"https:\/\/www.europesays.com\/fr\/wp-json\/wp\/v2\/media\/319771"}],"wp:attachment":[{"href":"https:\/\/www.europesays.com\/fr\/wp-json\/wp\/v2\/media?parent=319770"}],"wp:term":[{"taxonomy":"category","embeddable":true,"href":"https:\/\/www.europesays.com\/fr\/wp-json\/wp\/v2\/categories?post=319770"},{"taxonomy":"post_tag","embeddable":true,"href":"https:\/\/www.europesays.com\/fr\/wp-json\/wp\/v2\/tags?post=319770"}],"curies":[{"name":"wp","href":"https:\/\/api.w.org\/{rel}","templated":true}]}}