{"id":319774,"date":"2025-08-15T00:58:13","date_gmt":"2025-08-15T00:58:13","guid":{"rendered":"https:\/\/www.europesays.com\/fr\/319774\/"},"modified":"2025-08-15T00:58:13","modified_gmt":"2025-08-15T00:58:13","slug":"multimedia-lunion-europeenne-exhorte-israel-a-abandonner-son-plan-de-construction-de-logements-en-cisjordanie-xinhua","status":"publish","type":"post","link":"https:\/\/www.europesays.com\/fr\/319774\/","title":{"rendered":"(Multim\u00e9dia) L&rsquo;Union europ\u00e9enne exhorte Isra\u00ebl \u00e0 abandonner son plan de construction de logements en Cisjordanie &#8211; Xinhua"},"content":{"rendered":"<p><img decoding=\"async\" controls=\"controls\" src=\"https:\/\/www.europesays.com\/fr\/wp-content\/uploads\/2025\/08\/20250815781ba94687ca47c4abced89d915184b5_XxjifrF007003_20250815_CBMFN0A001.JPG\"\/>Photo prise le 23 mai 2025 montrant des drapeaux de l&rsquo;Union europ\u00e9enne (UE) au si\u00e8ge de la Commission europ\u00e9enne \u00e0 Bruxelles, en Belgique. (Xinhua\/Zhao Dingzhe)<\/p>\n<p><strong>Kaja Kallas, la cheffe de la politique \u00e9trang\u00e8re de l&rsquo;Union europ\u00e9enne, a exhort\u00e9 jeudi Isra\u00ebl \u00e0 abandonner ses plans visant \u00e0 faire progresser la construction de colonies dans la zone E1 de la Cisjordanie occup\u00e9e, avertissant que cette d\u00e9cision constituerait une violation du droit international et porterait irr\u00e9m\u00e9diablement atteinte aux perspectives d&rsquo;une solution \u00e0 deux Etats.<\/strong><\/p>\n<p>BRUXELLES, 14 ao\u00fbt (Xinhua) &#8212; Kaja Kallas, la cheffe de la politique \u00e9trang\u00e8re de l&rsquo;Union europ\u00e9enne, a exhort\u00e9 jeudi Isra\u00ebl \u00e0 abandonner ses plans visant \u00e0 faire progresser la construction de colonies dans la zone E1 de la Cisjordanie occup\u00e9e, avertissant que cette d\u00e9cision constituerait une violation du droit international et porterait irr\u00e9m\u00e9diablement atteinte aux perspectives d&rsquo;une solution \u00e0 deux Etats.<\/p>\n<p>\u00ab\u00a0Si elle est mise en \u0153uvre, la construction de colonies dans cette zone coupera de fa\u00e7on permanente la contigu\u00eft\u00e9 g\u00e9ographique et territoriale entre J\u00e9rusalem-Est occup\u00e9e et la Cisjordanie, de m\u00eame que la connexion entre le nord et le sud de la Cisjordanie\u00a0\u00bb, a-t-elle d\u00e9clar\u00e9 dans un communiqu\u00e9.<\/p>\n<p>Selon Mme Kallas, la politique de colonisation d&rsquo;Isra\u00ebl, notamment les d\u00e9molitions, les transferts forc\u00e9s, les expulsions et les confiscations de logements, doit cesser, d&rsquo;autant plus que ces mesures, ainsi que la violence des colons et les op\u00e9rations militaires, alimentent les tensions et \u00e9rodent les possibilit\u00e9s de paix.<\/p>\n<p>En cons\u00e9quence, a-t-elle poursuivi, l&rsquo;Union europ\u00e9enne \u00ab\u00a0exhorte Isra\u00ebl \u00e0 s&rsquo;abstenir de poursuivre cette initiative, soulignant ses implications de grande envergure et la n\u00e9cessit\u00e9 de consid\u00e9rer une action susceptible de prot\u00e9ger la viabilit\u00e9 de la solution \u00e0 deux Etats\u00a0\u00bb.<\/p>\n<p>La zone E1, une \u00e9tendue de terres situ\u00e9e \u00e0 l&rsquo;est de J\u00e9rusalem entre la ville et la colonie de Ma&rsquo;ale Adumim, est consid\u00e9r\u00e9e comme particuli\u00e8rement controvers\u00e9e parce qu&rsquo;y construire des logements couperait concr\u00e8tement J\u00e9rusalem-Est du nord de la Cisjordanie. Les plans de construction dans cette r\u00e9gion \u00e9taient gel\u00e9s depuis des ann\u00e9es, en grande partie en raison de l&rsquo;opposition internationale.\u00a0<\/p>\n","protected":false},"excerpt":{"rendered":"Photo prise le 23 mai 2025 montrant des drapeaux de l&rsquo;Union europ\u00e9enne (UE) au si\u00e8ge de la Commission&hellip;\n","protected":false},"author":2,"featured_media":319775,"comment_status":"","ping_status":"","sticky":false,"template":"","format":"standard","meta":{"footnotes":""},"categories":[1586],"tags":[11,2486,1777,674,1779,1011,27,664,12,25,1778,364],"class_list":{"0":"post-319774","1":"post","2":"type-post","3":"status-publish","4":"format-standard","5":"has-post-thumbnail","7":"category-europe","8":"tag-actualites","9":"tag-cisjordanie","10":"tag-eu","11":"tag-europe","12":"tag-european-union","13":"tag-fr","14":"tag-france","15":"tag-israel","16":"tag-news","17":"tag-republique-francaise","18":"tag-ue","19":"tag-union-europeenne"},"share_on_mastodon":{"url":"https:\/\/pubeurope.com\/@fr\/115030072053913673","error":""},"_links":{"self":[{"href":"https:\/\/www.europesays.com\/fr\/wp-json\/wp\/v2\/posts\/319774","targetHints":{"allow":["GET"]}}],"collection":[{"href":"https:\/\/www.europesays.com\/fr\/wp-json\/wp\/v2\/posts"}],"about":[{"href":"https:\/\/www.europesays.com\/fr\/wp-json\/wp\/v2\/types\/post"}],"author":[{"embeddable":true,"href":"https:\/\/www.europesays.com\/fr\/wp-json\/wp\/v2\/users\/2"}],"replies":[{"embeddable":true,"href":"https:\/\/www.europesays.com\/fr\/wp-json\/wp\/v2\/comments?post=319774"}],"version-history":[{"count":0,"href":"https:\/\/www.europesays.com\/fr\/wp-json\/wp\/v2\/posts\/319774\/revisions"}],"wp:featuredmedia":[{"embeddable":true,"href":"https:\/\/www.europesays.com\/fr\/wp-json\/wp\/v2\/media\/319775"}],"wp:attachment":[{"href":"https:\/\/www.europesays.com\/fr\/wp-json\/wp\/v2\/media?parent=319774"}],"wp:term":[{"taxonomy":"category","embeddable":true,"href":"https:\/\/www.europesays.com\/fr\/wp-json\/wp\/v2\/categories?post=319774"},{"taxonomy":"post_tag","embeddable":true,"href":"https:\/\/www.europesays.com\/fr\/wp-json\/wp\/v2\/tags?post=319774"}],"curies":[{"name":"wp","href":"https:\/\/api.w.org\/{rel}","templated":true}]}}