{"id":319787,"date":"2025-08-15T01:07:14","date_gmt":"2025-08-15T01:07:14","guid":{"rendered":"https:\/\/www.europesays.com\/fr\/319787\/"},"modified":"2025-08-15T01:07:14","modified_gmt":"2025-08-15T01:07:14","slug":"lattente-cote-yamaha-pour-2026-fait-grincer-des-dents","status":"publish","type":"post","link":"https:\/\/www.europesays.com\/fr\/319787\/","title":{"rendered":"l&rsquo;attente c\u00f4t\u00e9 Yamaha pour 2026 fait grincer des dents"},"content":{"rendered":"<p>\ud83d\udd0d Une incertitude persistante chez <a href=\"https:\/\/www.yamaha-motor.eu\/fr\/fr\/experiences\/motogp\/\" target=\"_blank\" rel=\"noopener\">Pramac Yamaha<\/a><img decoding=\"async\" src=\"https:\/\/www.europesays.com\/fr\/wp-content\/uploads\/2025\/08\/689deb9f8b5f0cc23edc4152_GnG_1247042_HiRes.jpeg\" alt=\"Jack Miller inquiet alors que les portes se ferment et que Yamaha retarde l'annonce pour 2026\"\/><\/p>\n<p> La saison MotoGP 2026 se profile d\u00e9j\u00e0 \u00e0 l\u2019horizon, et pour Jack Miller, la patience commence \u00e0 manquer. Le pilote australien, actuellement chez Pramac Yamaha, vit une situation tendue alors que la d\u00e9cision concernant la composition de l\u2019\u00e9quipe 2026 tarde \u00e0 tomber. Malgr\u00e9 sa belle prestation lors des 8 Heures de Suzuka avec Yamaha et sa d\u00e9termination affich\u00e9e, les discussions autour de sa place aux c\u00f4t\u00e9s du talentueux Toprak Razgatlioglu restent au point mort. La concurrence se fait rude et les portes se ferment progressivement, laissant planer le doute sur l\u2019avenir du pilote australien.<\/p>\n<p>Face \u00e0 la possibilit\u00e9 de voir Razgatlioglu associ\u00e9 \u00e0 un jeune espoir comme Diogo Moreira en provenance du Moto2, les interrogations grandissent dans le paddock. Alors que la plupart pensaient qu&rsquo;une annonce serait faite durant la tr\u00eave estivale, Jack Miller et son coll\u00e8gue Miguel Oliveira affirment ne toujours pas avoir eu de retour concret de la part de Yamaha. Les sp\u00e9culations vont bon train, mais une seule chose reste s\u00fbre : cette situation est loin d\u2019\u00eatre id\u00e9ale pour ceux qui souhaitent se s\u00e9curiser une place de choix pour 2026.<\/p>\n<p>\u23f3 L\u2019impact du mercato sur les pilotes et leur avenir<\/p>\n<p>Dans un championnat aussi comp\u00e9titif que le MotoGP, l\u2019incertitude quant \u00e0 l\u2019avenir peut impacter profond\u00e9ment la performance, la motivation et la pr\u00e9paration psychologique des pilotes. Miller confie son d\u00e9sarroi \u00e0 devoir sans cesse attendre une d\u00e9cision qui est repouss\u00e9e : \u00ab D&rsquo;abord, on nous dit avant la pause estivale, puis apr\u00e8s, et maintenant rien ne se passe\u2026 \u00bb. Cette attente rend la planification difficile, non seulement pour Miller, mais pour tous les acteurs de son entourage.<\/p>\n<p>Le march\u00e9 des transferts s\u2019agite encore davantage depuis la rumeur de l\u2019arriv\u00e9e d\u2019un autre pilote prometteur chez Pramac, accentuant la concurrence et r\u00e9duisant d\u2019autant plus les chances de Miller de consolider sa position. Les opportunit\u00e9s se font rares, notamment du c\u00f4t\u00e9 des autres \u00e9curies MotoGP et m\u00eame en World Superbike, o\u00f9 certaines places strat\u00e9giques, telles que le si\u00e8ge laiss\u00e9 vacant par Razgatlioglu chez <a href=\"https:\/\/www.bmw-motorrad.fr\/fr\/experience\/stories\/motorsport.html\" target=\"_blank\" rel=\"noopener\">BMW Motorrad<\/a>, se sont remplies rapidement.<\/p>\n<p>D\u2019autres sc\u00e9narios sont \u00e9voqu\u00e9s, comme une \u00e9ventuelle opportunit\u00e9 chez Honda, o\u00f9 un pilote d\u2019exp\u00e9rience serait recherch\u00e9 pour \u00e9pauler une \u00e9quipe en perte de vitesse. Ces discussions montrent \u00e0 quel point chaque d\u00e9cision au sein d\u2019une \u00e9quipe a des r\u00e9percussions en cha\u00eene sur l\u2019ensemble du plateau MotoGP, et souligne l\u2019importance de la stabilit\u00e9 pour performer au plus haut niveau.<\/p>\n<p>\ud83e\udd1c\ud83e\udd1b L\u2019esprit d\u2019\u00e9quipe face \u00e0 la pression<\/p>\n<p>Travailler dans l\u2019incertitude demande un moral d\u2019acier, et Jack Miller ne cache pas son attachement fort \u00e0 Yamaha et \u00e0 son \u00e9quipe technique : \u00ab J\u2019adore ce projet, j\u2019aime travailler avec Yamaha, l\u2019ambiance est excellente et je me sens pr\u00eat \u00e0 \u00e9voluer encore. J\u2019ai signal\u00e9 ma disponibilit\u00e9, je veux simplement faire plus, progresser. \u00bb Un discours empreint de passion, mais aussi de vuln\u00e9rabilit\u00e9 face \u00e0 des d\u00e9cisions qui ne d\u00e9pendent pas toujours du sportif.<\/p>\n<p>Miguel Oliveira, lui aussi concern\u00e9 par la d\u00e9cision, adopte une approche pragmatique et refuse de se laisser perturber par les incertitudes de l\u2019avenir. Son objectif reste de travailler sur ses points faibles, particuli\u00e8rement lors des phases de freinage, domaine o\u00f9 il estime avoir fait d&rsquo;\u00e9normes progr\u00e8s malgr\u00e9 quelques difficult\u00e9s rencontr\u00e9es sur des circuits d\u00e9licats comme Sachsenring ou Brno. Le pilote portugais souligne : \u00ab Les r\u00e9sultats viendront naturellement si je continue \u00e0 progresser sur mes points faibles. \u00bb<\/p>\n<p>Cette philosophie montre que, malgr\u00e9 l\u2019impatience, l\u2019ambiance d\u2019\u00e9quipe et le travail collectif restent vitaux pour affronter une saison en proie \u00e0 tant d\u2019inconnues.<\/p>\n<p>\ud83d\udee3\ufe0f Les d\u00e9fis techniques et humains de la saison MotoGP 2026<\/p>\n<p>Au-del\u00e0 de la strat\u00e9gie des \u00e9quipes et du mercato, la pr\u00e9paration technique demeure un pilier fondamental de la r\u00e9ussite. Miller, tout comme Oliveira, revient sur l\u2019importance de comprendre sa machine et de s\u2019adapter aux diff\u00e9rents circuits. La MotoGP exige une lecture fine de chaque d\u00e9tail : les freinages, les r\u00e9glages ch\u00e2ssis, la gestion des pneumatiques, mais surtout la capacit\u00e9 \u00e0 communiquer et \u00e0 collaborer avec les ing\u00e9nieurs pour tirer la quintessence de la moto.<\/p>\n<p><img decoding=\"async\" src=\"https:\/\/www.europesays.com\/fr\/wp-content\/uploads\/2025\/08\/689deba08b5f0cc23edc418c_GnG_1246579_HiRes.jpeg\" alt=\"Jack Miller inquiet alors que les portes se ferment et que Yamaha retarde l'annonce pour 2026\"\/><\/p>\n<p>Les r\u00e9sultats de ces derni\u00e8res saisons l\u2019ont prouv\u00e9 : l\u2019alchimie entre le pilote et l\u2019\u00e9quipe peut transformer une bonne saison en un parcours exceptionnel. La capacit\u00e9 d\u2019adaptation \u00e0 la concurrence, l\u2019analyse des donn\u00e9es et la pr\u00e9paration physique de haut niveau sont plus que jamais des facteurs d\u00e9terminants. C\u2019est dans ces moments de doute, d\u2019attente, que se forgent les plus beaux succ\u00e8s, comme le r\u00e9p\u00e8tent souvent les champions du paddock.<\/p>\n<p>Pour Miller, le d\u00e9fi est donc double : p\u00e9renniser sa place chez Yamaha tout en progressant techniquement, et rester un \u00e9l\u00e9ment cl\u00e9 alors que la pression monte et que le rideau pourrait bient\u00f4t tomber sur certaines opportunit\u00e9s.<\/p>\n<p>\ud83c\udf1f Patience, pers\u00e9v\u00e9rance et passion : la cl\u00e9 du succ\u00e8s<\/p>\n<p>En conclusion, l\u2019attente d\u2019une d\u00e9cision concernant la saison 2026, aussi pesante soit-elle, ne doit pas faire oublier les qualit\u00e9s humaines et sportives qui ont fait la renomm\u00e9e de Jack Miller au fil des ann\u00e9es. Le MotoGP est un univers impitoyable o\u00f9 la rapidit\u00e9 de d\u00e9cision, la capacit\u00e9 \u00e0 s\u2019adapter et \u00e0 rester motiv\u00e9 font toute la diff\u00e9rence. Les pilotes sont soumis \u00e0 une pression constante, mais c\u2019est justement dans ces moments de doute et d\u2019incertitude que se r\u00e9v\u00e8lent les v\u00e9ritables champions.<\/p>\n<p> Alors que le rideau n\u2019est pas encore tomb\u00e9 sur la composition finale de Pramac Yamaha pour 2026, Jack Miller prouve une fois de plus que la passion du pilotage, la force mentale et le respect du collectif constituent le moteur principal de sa motivation. Peu importe le verdict \u00e0 venir, l\u2019exemple de Miller et d\u2019Oliveira inspirera sans doute de nombreux jeunes pilotes \u00e0 pers\u00e9v\u00e9rer, \u00e0 croire en eux et \u00e0 tout donner pour \u00eatre pr\u00eat le jour o\u00f9 la bonne opportunit\u00e9 se pr\u00e9sentera.<\/p>\n<p>Ainsi va la vie en MotoGP : tout est une question de timing, de travail d\u2019\u00e9quipe et de foi en sa propre destin\u00e9e. Un enseignement universel qui d\u00e9passe les paddocks pour inspirer chacun d\u2019entre nous \u00e0 ne jamais abandonner ses r\u00eaves, m\u00eame lorsque l\u2019horizon semble bouch\u00e9. \ud83d\ude80<\/p>\n<p>\u00c0 l\u2019image de Jack Miller, qui ne cesse de r\u00eaver d\u2019adr\u00e9naline, qui n\u2019a jamais souhait\u00e9 prendre le volant d\u2019une <a href=\"https:\/\/www.bmw.fr\/fr\/tous-les-modeles\/m-serie\/m3.html\" target=\"_blank\" rel=\"noopener\">BMW M3<\/a> et se perdre sur la route de ses ambitions\u202f? Pour vivre ce r\u00eave en toute confiance, les solutions de <a href=\"https:\/\/www.joinsteer.com\" target=\"_blank\" rel=\"noopener\">leasing auto avec Joinsteer<\/a> allient performance, flexibilit\u00e9 et garanties sur-mesure, sans fausse note sur le circuit de la vie.<\/p>\n","protected":false},"excerpt":{"rendered":"\ud83d\udd0d Une incertitude persistante chez Pramac Yamaha La saison MotoGP 2026 se profile d\u00e9j\u00e0 \u00e0 l\u2019horizon, et pour&hellip;\n","protected":false},"author":2,"featured_media":319788,"comment_status":"","ping_status":"","sticky":false,"template":"","format":"standard","meta":{"footnotes":""},"categories":[1413],"tags":[1011,27,1457,1456,60],"class_list":{"0":"post-319787","1":"post","2":"type-post","3":"status-publish","4":"format-standard","5":"has-post-thumbnail","7":"category-moto","8":"tag-fr","9":"tag-france","10":"tag-moto","11":"tag-motocycle","12":"tag-sports"},"share_on_mastodon":{"url":"https:\/\/pubeurope.com\/@fr\/115030107741537718","error":""},"_links":{"self":[{"href":"https:\/\/www.europesays.com\/fr\/wp-json\/wp\/v2\/posts\/319787","targetHints":{"allow":["GET"]}}],"collection":[{"href":"https:\/\/www.europesays.com\/fr\/wp-json\/wp\/v2\/posts"}],"about":[{"href":"https:\/\/www.europesays.com\/fr\/wp-json\/wp\/v2\/types\/post"}],"author":[{"embeddable":true,"href":"https:\/\/www.europesays.com\/fr\/wp-json\/wp\/v2\/users\/2"}],"replies":[{"embeddable":true,"href":"https:\/\/www.europesays.com\/fr\/wp-json\/wp\/v2\/comments?post=319787"}],"version-history":[{"count":0,"href":"https:\/\/www.europesays.com\/fr\/wp-json\/wp\/v2\/posts\/319787\/revisions"}],"wp:featuredmedia":[{"embeddable":true,"href":"https:\/\/www.europesays.com\/fr\/wp-json\/wp\/v2\/media\/319788"}],"wp:attachment":[{"href":"https:\/\/www.europesays.com\/fr\/wp-json\/wp\/v2\/media?parent=319787"}],"wp:term":[{"taxonomy":"category","embeddable":true,"href":"https:\/\/www.europesays.com\/fr\/wp-json\/wp\/v2\/categories?post=319787"},{"taxonomy":"post_tag","embeddable":true,"href":"https:\/\/www.europesays.com\/fr\/wp-json\/wp\/v2\/tags?post=319787"}],"curies":[{"name":"wp","href":"https:\/\/api.w.org\/{rel}","templated":true}]}}