{"id":319789,"date":"2025-08-15T01:08:15","date_gmt":"2025-08-15T01:08:15","guid":{"rendered":"https:\/\/www.europesays.com\/fr\/319789\/"},"modified":"2025-08-15T01:08:15","modified_gmt":"2025-08-15T01:08:15","slug":"piero-ferrari-fixe-la-strategie-pour-relancer-la-scuderia","status":"publish","type":"post","link":"https:\/\/www.europesays.com\/fr\/319789\/","title":{"rendered":"Piero Ferrari fixe la strat\u00e9gie pour relancer la Scuderia"},"content":{"rendered":"<p>En pleine p\u00e9riode compliqu\u00e9e pour Ferrari, Piero Ferrari rappelle que l\u2019histoire de la Formule 1 est faite de cycles. Un constat qui traduit \u00e0 la fois la lucidit\u00e9 et la r\u00e9silience de la marque italienne.<\/p>\n<blockquote>\n<p>\u201cJe pense que c\u2019est une question de cycles. La <a href=\"https:\/\/www.autohebdo.fr\/actualites\/f1\" target=\"_blank\" rel=\"noopener\">F1<\/a> a toujours fonctionn\u00e9 comme cela, et quand on entame une p\u00e9riode n\u00e9gative, on ne sait pas quand on va toucher le fond. Aujourd\u2019hui, c\u2019est tr\u00e8s compliqu\u00e9, car on ne peut pas d\u00e9penser plus d\u2019argent pour combler les lacunes, compte tenu des limites du plafond budg\u00e9taire. Il faut encha\u00eener les aspects positifs pour changer de cap. L\u2019esprit est le m\u00eame (qu\u2019\u00e0 l\u2019\u00e9poque de la cr\u00e9ation ainsi que de l\u2019\u00e2ge d\u2019or de Ferrari. Ndlr), il suffit de regarder les employ\u00e9s : il y a un fort sentiment d\u2019appartenance, se r\u00e9jouissait Piero Ferrari. \u00c0 Maranello, on les voit apr\u00e8s le travail, toujours en uniforme, car faire partie de Ferrari, pour ceux qui y travaillent, repr\u00e9sente une valeur.\u201d D\u00e9clare Piero Ferrari, source : <a href=\"http:\/\/autohebdo.fr\" target=\"_blank\" rel=\"noopener\">autohebdo.fr<\/a>\u00a0<\/p>\n<\/blockquote>\n<p><b>Stabilit\u00e9 et continuit\u00e9 comme armes principales<\/b><\/p>\n<p>Contrairement aux \u00e9poques o\u00f9 Ferrari changeait r\u00e9guli\u00e8rement de direction apr\u00e8s quelques r\u00e9sultats d\u00e9cevants, Piero Ferrari insiste sur l\u2019importance de la stabilit\u00e9. Le maintien de Fr\u00e9d\u00e9ric Vasseur \u00e0 la t\u00eate de l\u2019\u00e9quipe illustre cette volont\u00e9 de b\u00e2tir sur le long terme, plut\u00f4t que de r\u00e9agir dans la pr\u00e9cipitation.<\/p>\n<p>Malgr\u00e9 les difficult\u00e9s, Piero Ferrari rappelle que la passion et l\u2019identit\u00e9 unique de l\u2019\u00e9quipe demeurent intactes. Mais pour viser \u00e0 nouveau les sommets, il estime qu\u2019il faut conjuguer cet esprit avec de la rigueur, de la constance et un encha\u00eenement de bons r\u00e9sultats : seule cette combinaison permettra \u00e0 Ferrari de retrouver toute sa gloire.<\/p>\n<p>    Partagez cette info avec vos amis et vos proches en cliquant ici  <\/p>\n<p> Podcasts \u00e0 la une MEN LIFE <\/p>\n<p>    F1 : Piero Ferrari appelle \u00e0 la patience et \u00e0 la stabilit\u00e9 pour relancer la Scuderia<\/p>\n<p>Piero Ferrari, vice-pr\u00e9sident et fils du fondateur de la marque, estime que les difficult\u00e9s actuelles de Ferrari s\u2019inscrivent dans un cycle naturel de la F1. Il pr\u00f4ne la stabilit\u00e9, la continuit\u00e9 et un encha\u00eenement de bons r\u00e9sultats pour remettre l\u2019\u00e9curie sur le chemin de la victoire.<\/p>\n<p>R\u00e9dacteur<\/p>\n<p><img decoding=\"async\" width=\"76\" height=\"76\" loading=\"lazy\" src=\"https:\/\/www.europesays.com\/fr\/wp-content\/uploads\/2025\/04\/avatar-sport-am.png\" alt=\"Victor Teyssier\"\/><\/p>\n","protected":false},"excerpt":{"rendered":"En pleine p\u00e9riode compliqu\u00e9e pour Ferrari, Piero Ferrari rappelle que l\u2019histoire de la Formule 1 est faite de&hellip;\n","protected":false},"author":2,"featured_media":319790,"comment_status":"","ping_status":"","sticky":false,"template":"","format":"standard","meta":{"footnotes":""},"categories":[1412],"tags":[1451,1452,1453,1454,1455,1011,27,60],"class_list":{"0":"post-319789","1":"post","2":"type-post","3":"status-publish","4":"format-standard","5":"has-post-thumbnail","7":"category-f1","8":"tag-f1","9":"tag-formula-1","10":"tag-formula1","11":"tag-formule-1","12":"tag-formule1","13":"tag-fr","14":"tag-france","15":"tag-sports"},"share_on_mastodon":{"url":"https:\/\/pubeurope.com\/@fr\/115030111452894119","error":""},"_links":{"self":[{"href":"https:\/\/www.europesays.com\/fr\/wp-json\/wp\/v2\/posts\/319789","targetHints":{"allow":["GET"]}}],"collection":[{"href":"https:\/\/www.europesays.com\/fr\/wp-json\/wp\/v2\/posts"}],"about":[{"href":"https:\/\/www.europesays.com\/fr\/wp-json\/wp\/v2\/types\/post"}],"author":[{"embeddable":true,"href":"https:\/\/www.europesays.com\/fr\/wp-json\/wp\/v2\/users\/2"}],"replies":[{"embeddable":true,"href":"https:\/\/www.europesays.com\/fr\/wp-json\/wp\/v2\/comments?post=319789"}],"version-history":[{"count":0,"href":"https:\/\/www.europesays.com\/fr\/wp-json\/wp\/v2\/posts\/319789\/revisions"}],"wp:featuredmedia":[{"embeddable":true,"href":"https:\/\/www.europesays.com\/fr\/wp-json\/wp\/v2\/media\/319790"}],"wp:attachment":[{"href":"https:\/\/www.europesays.com\/fr\/wp-json\/wp\/v2\/media?parent=319789"}],"wp:term":[{"taxonomy":"category","embeddable":true,"href":"https:\/\/www.europesays.com\/fr\/wp-json\/wp\/v2\/categories?post=319789"},{"taxonomy":"post_tag","embeddable":true,"href":"https:\/\/www.europesays.com\/fr\/wp-json\/wp\/v2\/tags?post=319789"}],"curies":[{"name":"wp","href":"https:\/\/api.w.org\/{rel}","templated":true}]}}