{"id":319791,"date":"2025-08-15T01:09:15","date_gmt":"2025-08-15T01:09:15","guid":{"rendered":"https:\/\/www.europesays.com\/fr\/319791\/"},"modified":"2025-08-15T01:09:15","modified_gmt":"2025-08-15T01:09:15","slug":"la-selection-de-guadeloupe-prete-pour-ce-nouveau-defi","status":"publish","type":"post","link":"https:\/\/www.europesays.com\/fr\/319791\/","title":{"rendered":"la s\u00e9lection de Guadeloupe pr\u00eate pour ce nouveau d\u00e9fi"},"content":{"rendered":"<p>Moins d\u2019une semaine apr\u00e8s le Tour international cycliste de la Guadeloupe, le grand d\u00e9part du Tour de Guyane s\u2019appr\u00eate \u00e0 \u00eatre donn\u00e9 samedi. La d\u00e9l\u00e9gation guadeloup\u00e9enne s\u2019est envol\u00e9e, repos\u00e9e, ce jeudi matin pour Cayenne. Une \u00e9quipe au profil de rouleurs-sprinteurs avec pour ambition de revenir avec la victoire.<\/p>\n<p>Cayenne s\u2019appr\u00eate \u00e0 recevoir la d\u00e9l\u00e9gation cycliste guadeloup\u00e9enne, men\u00e9e par le nouveau s\u00e9lectionneur Frank Duro. Les six engag\u00e9s, qui se sont envol\u00e9s ce jeudi 14 ao\u00fbt au matin, pour repr\u00e9senter l&rsquo;archipel, encha\u00eenent une nouvelle \u00e9preuve, moins d\u2019une semaine apr\u00e8s la fin du Tour international cycliste de Guadeloupe.<\/p>\n<p>                                    <img class=\"a-article__image lazy libre\" width=\"800\" height=\"450\" data-src=\"https:\/\/www.europesays.com\/fr\/wp-content\/uploads\/2025\/08\/img-e4521-frame-6-689e3bd5c5161295901073.jpg\" style=\"--img-placeholder: url('\/assets\/img\/placeholders\/article-800-450.svg');\" alt=\"\" aria-hidden=\"true\"\/><\/p>\n<p>                La s\u00e9lection cycliste de la Guadeloupe s&rsquo;est envol\u00e9e pour Cayenne ce jeudi matin &#8211; 14\/08\/2025.<br \/>\n                     \u2022<br \/>\n                            \u00a9Christian Danquin <\/p>\n<p>\u00ab\u00a0Pendant trois jours, nous avons pu r\u00e9cup\u00e9rer activement\u00a0\u00bb, affirme Kendric Clavier, juste avant de monter dans l\u2019avion, \u00ab\u00a0la forme y est\u00a0\u00bb. Car il faudra de bonnes jambes pour tenter de remporter l\u2019\u00e9preuve. L\u2019objectif affich\u00e9 par l\u2019\u00e9quipe : \u201cOn ne va pas se cacher, on veut aller gagner et on fera tout notre possible pour\u201d, affirme le s\u00e9lectionneur. \u201cLe terrain guyanais c&rsquo;est un terrain qui est plat, mais c&rsquo;est un terrain tr\u00e8s usant, tr\u00e8s roulant et tr\u00e8s difficile\u201d, glisse-t-il tout de m\u00eame avec pr\u00e9caution.<\/p>\n<p>Pour venir \u00e0 bout du parcours du Tour de Guyane 2025, Franck Duro, en strat\u00e8ge, a fait le choix d\u2019appeler des rouleurs et des sprinteurs. \u201cNotre choix est un choix bien d\u00e9terminant, ce sont des gar\u00e7ons qui sont aptes \u00e0 d\u00e9fendre les couleurs de la Guadeloupe pendant ces huit jours de course\u201d.<\/p>\n<p>Confiante sur ses capacit\u00e9s, l\u2019\u00e9quipe doit tout de m\u00eame composer avec \u201cdes adversaires dangereux\u201d, de l\u2019aveu m\u00eame du chef de file. Mais \u201con n\u2019a pas \u00e0 avoir peur\u00a0\u00bb, explique Kendric Clavier, \u00ab\u00a0il faudra \u00eatre soud\u00e9 et je fais confiance \u00e0 Franck pour mettre la bonne strat\u00e9gie en place pour ramener la victoire pour la Guadeloupe\u201d.<\/p>\n<p>                                    <img class=\"a-article__image lazy libre\" width=\"800\" height=\"450\" data-src=\"https:\/\/www.europesays.com\/fr\/wp-content\/uploads\/2025\/08\/img-e4525-frame-785-689e3c103d5c8072267026.jpg\" style=\"--img-placeholder: url('\/assets\/img\/placeholders\/article-800-450.svg');\" alt=\"\" aria-hidden=\"true\"\/><\/p>\n<p>                Kendric Clavier, coureur cycliste, membre de la s\u00e9lection de Guadeloupe pour le Tour de Guyane 2025.<br \/>\n                     \u2022<br \/>\n                            \u00a9Christian Danquin <\/p>\n<p>Le nouveau s\u00e9lectionneur apprend encore \u00e0 conna\u00eetre ses coureurs, mais <a target=\"_blank\" rel=\"noopener noreferrer nofollow\" href=\"https:\/\/la1ere.franceinfo.fr\/guadeloupe\/tour-cycliste-de-guyane-2025-la-selection-guadeloupeenne-prete-a-relever-le-defi-cinq-jours-apres-le-tour-de-guadeloupe-1612845.html\">un premier choix tranch\u00e9 a \u00e9t\u00e9 fait en les s\u00e9lectionnant<\/a>. Une \u00e9quipe \u201cbien homog\u00e8ne\u201d, selon Franck Duro, qui devra montrer son meilleur visage si elle veut remporter le Tour de Guyane, comme <a target=\"_blank\" rel=\"noopener noreferrer nofollow\" href=\"https:\/\/la1ere.franceinfo.fr\/guyane\/le-tour-de-guyane-2023-remporte-par-meving-gene-de-la-guadeloupe-1423973.html\">il y a deux ans, avec la victoire de Meving G\u00e8ne<\/a>. Auront-ils assez r\u00e9cup\u00e9r\u00e9 pour briller ? R\u00e9ponse \u00e0 partir de ce samedi 16 ao\u00fbt.<\/p>\n","protected":false},"excerpt":{"rendered":"Moins d\u2019une semaine apr\u00e8s le Tour international cycliste de la Guadeloupe, le grand d\u00e9part du Tour de Guyane&hellip;\n","protected":false},"author":2,"featured_media":319792,"comment_status":"","ping_status":"","sticky":false,"template":"","format":"standard","meta":{"footnotes":""},"categories":[1411],"tags":[1154,207,1011,27,60],"class_list":{"0":"post-319791","1":"post","2":"type-post","3":"status-publish","4":"format-standard","5":"has-post-thumbnail","7":"category-cyclisme","8":"tag-cycling","9":"tag-cyclisme","10":"tag-fr","11":"tag-france","12":"tag-sports"},"share_on_mastodon":{"url":"https:\/\/pubeurope.com\/@fr\/115030115185698397","error":""},"_links":{"self":[{"href":"https:\/\/www.europesays.com\/fr\/wp-json\/wp\/v2\/posts\/319791","targetHints":{"allow":["GET"]}}],"collection":[{"href":"https:\/\/www.europesays.com\/fr\/wp-json\/wp\/v2\/posts"}],"about":[{"href":"https:\/\/www.europesays.com\/fr\/wp-json\/wp\/v2\/types\/post"}],"author":[{"embeddable":true,"href":"https:\/\/www.europesays.com\/fr\/wp-json\/wp\/v2\/users\/2"}],"replies":[{"embeddable":true,"href":"https:\/\/www.europesays.com\/fr\/wp-json\/wp\/v2\/comments?post=319791"}],"version-history":[{"count":0,"href":"https:\/\/www.europesays.com\/fr\/wp-json\/wp\/v2\/posts\/319791\/revisions"}],"wp:featuredmedia":[{"embeddable":true,"href":"https:\/\/www.europesays.com\/fr\/wp-json\/wp\/v2\/media\/319792"}],"wp:attachment":[{"href":"https:\/\/www.europesays.com\/fr\/wp-json\/wp\/v2\/media?parent=319791"}],"wp:term":[{"taxonomy":"category","embeddable":true,"href":"https:\/\/www.europesays.com\/fr\/wp-json\/wp\/v2\/categories?post=319791"},{"taxonomy":"post_tag","embeddable":true,"href":"https:\/\/www.europesays.com\/fr\/wp-json\/wp\/v2\/tags?post=319791"}],"curies":[{"name":"wp","href":"https:\/\/api.w.org\/{rel}","templated":true}]}}