{"id":319797,"date":"2025-08-15T01:12:16","date_gmt":"2025-08-15T01:12:16","guid":{"rendered":"https:\/\/www.europesays.com\/fr\/319797\/"},"modified":"2025-08-15T01:12:16","modified_gmt":"2025-08-15T01:12:16","slug":"eisa-maestro-2025-les-1er-prix-pour-les-photographes-marcin-zajda-et-otto-louter","status":"publish","type":"post","link":"https:\/\/www.europesays.com\/fr\/319797\/","title":{"rendered":"EISA Maestro 2025 : les 1er prix pour les photographes Marcin Zajda et Otto Louter"},"content":{"rendered":"<p class=\"ed__a-p ed__bdy__l\">Cette ann\u00e9e et pour la premi\u00e8re fois, les Maestros se sont d\u00e9roul\u00e9s en deux manches avec la possibilit\u00e9 de proposer une photo ou une s\u00e9rie de photos. Voici le palmar\u00e8s dans les deux cat\u00e9gories avec comme sujet, la rue.<\/p>\n<p>\n                                                                Article recommand\u00e9\u00a0:\u00a0\n    <\/p>\n<p>Cat\u00e9gorie single (une seule image)1 Poland, Marcin Zajda<\/p>\n<p class=\"ed__a-p ed__bdy__l\"><img loading=\"lazy\" decoding=\"async\" src=\"data:image\/svg+xml,%3Csvg xmlns='http:\/\/www.w3.org\/2000\/svg'%3E%3C\/svg%3E\" draggable=\"false\" width=\"2000\" height=\"1332\" class=\"ed__title-xxs\" alt=\"EISA Maestro 2025 1er prix single\" style=\"background-color: #f2f2f2; aspect-ratio:2000\/1332;\"\/><\/p>\n<p>Prise le 15 juillet 2023, \u00e0 D\u0142ugi Targ \u00e0 Gda\u0144sk avec un Canon EOS 500D, un objectif Sigma 17-70mm et un filtre NDx4. La sc\u00e8ne, une femme \u00e2g\u00e9e en fauteuil roulant au milieu d&rsquo;une foule floue, a \u00e9t\u00e9 captur\u00e9e sur un coup de t\u00eate. J&rsquo;ai rapidement appliqu\u00e9 le filtre pour mettre en \u00e9vidence son immobilit\u00e9, contrastant avec le mouvement indiff\u00e9rent qui l&rsquo;entoure.<\/p>\n<p>\u00a9 Marcin Zajda<\/p>\n<\/p>\n<p class=\"ed__a-p ed__bdy__l\"><strong>Qui est Marcin Zajda<\/strong> : Mon parcours photographique a commenc\u00e9 il y a 18 ans avec mon premier appareil photo num\u00e9rique et, depuis, je n&rsquo;ai cess\u00e9 d&rsquo;explorer et d&rsquo;affiner mes comp\u00e9tences. J&rsquo;aime exp\u00e9rimenter, qu&rsquo;il s&rsquo;agisse de paysages, de longues expositions, de photographies de rue ou de la vie sauvage. Le noir et blanc reste mon pr\u00e9f\u00e9r\u00e9.<\/p>\n<p>2 UK, Rebecca Elliott<\/p>\n<p class=\"ed__a-p ed__bdy__l\"><img loading=\"lazy\" decoding=\"async\" src=\"data:image\/svg+xml,%3Csvg xmlns='http:\/\/www.w3.org\/2000\/svg'%3E%3C\/svg%3E\" draggable=\"false\" width=\"2000\" height=\"1500\" class=\"ed__title-xxs\" alt=\"EISA Maestro 2025 2e prix single\" style=\"background-color: #f2f2f2; aspect-ratio:2000\/1500;\"\/><\/p>\n<p class=\"ed__a-p ed__bdy__l\"><strong>A propos de la photo<\/strong> : Lors d&rsquo;une rare visite \u00e0 Londres, j&rsquo;ai d\u00e9cid\u00e9 de me rendre au Leadenhall Market, o\u00f9 je n&rsquo;\u00e9tais jamais all\u00e9 auparavant, pour essayer de faire de la photographie de rue. Il \u00e9tait midi et les travailleurs de la ville \u00e9taient en train de prendre un \u00ab d\u00e9jeuner liquide \u00bb. Les magnifiques rouge et or cr\u00e9aient un cadre atmosph\u00e9rique, mais j&rsquo;ai \u00e9galement \u00e9t\u00e9 attir\u00e9 par la juxtaposition du cireur de chaussures et des chaussures brillantes et bien cir\u00e9es des deux hommes engag\u00e9s dans une conversation. J&rsquo;ai aim\u00e9 l&rsquo;apparente nature victorienne de la sc\u00e8ne, ponctu\u00e9e de signes \u00e9vidents de modernit\u00e9. C&rsquo;est une image qui n&rsquo;aurait pu \u00eatre prise qu&rsquo;\u00e0 Londres et c&rsquo;est l&rsquo;une des raisons pour lesquelles j&rsquo;aime photographier dans cette ville. Il y a tellement de couches d&rsquo;histoire, et j&rsquo;aime quand je peux capturer un sens de cela dans une image.<br \/>J&rsquo;ai pass\u00e9 un certain temps \u00e0 prendre des photos sous diff\u00e9rents angles, mais je voulais vraiment capturer le cireur de chaussures avec la fen\u00eatre magnifiquement \u00e9clair\u00e9e par la lumi\u00e8re dor\u00e9e derri\u00e8re lui. J&rsquo;ai d\u00fb attendre pour obtenir un clich\u00e9 clair, mais ce n&rsquo;est qu&rsquo;au moment de l&rsquo;\u00e9dition que j&rsquo;ai remarqu\u00e9 la silhouette ombrag\u00e9e dans la fen\u00eatre, avec sa main tendue.<\/p>\n<p>En raison de la faible luminosit\u00e9 du Leadenhall Market, j&rsquo;ai utilis\u00e9 une grande ouverture et une vitesse d&rsquo;obturation plus lente que celle que j&rsquo;utiliserais normalement pour la photographie de rue. Bien que mon Nikon Z8 soit capable de prendre des photos \u00e0 des ISO \u00e9lev\u00e9s, je pr\u00e9f\u00e8re me limiter \u00e0 un maximum de 3200. J&rsquo;ai pris cette photo avec mon objectif Z 24-120 mm f4, que j&rsquo;avais choisi pour ma journ\u00e9e \u00e0 Londres comme objectif polyvalent, mais c&rsquo;est une configuration assez lourde pour la photographie de rue. J&rsquo;esp\u00e8re pouvoir m&rsquo;offrir un jour un \u00e9quipement beaucoup plus l\u00e9ger !<\/p>\n<p>3 Greece, Nikolaos Karampetakis<\/p>\n<p class=\"ed__a-p ed__bdy__l\"><img loading=\"lazy\" decoding=\"async\" src=\"data:image\/svg+xml,%3Csvg xmlns='http:\/\/www.w3.org\/2000\/svg'%3E%3C\/svg%3E\" draggable=\"false\" width=\"2000\" height=\"1331\" class=\"ed__title-xxs\" alt=\"Eisa Maestro 2025 3e prix Single\" style=\"background-color: #f2f2f2; aspect-ratio:2000\/1331;\"\/><\/p>\n<p>Traveling through a book<\/p>\n<p>\u00a9 Nikos Karampetakis<\/p>\n<\/p>\n<p class=\"ed__a-p ed__bdy__l\"><strong>A propos de l&rsquo;image<\/strong> : \u00ab\u00a0Pour moi, cette image t\u00e9moigne de la capacit\u00e9 de l&rsquo;esprit humain \u00e0 cr\u00e9er de la chaleur, des objectifs et m\u00eame des moments de r\u00e9confort personnel &#8211; comme en t\u00e9moigne le personnage plong\u00e9 dans un livre &#8211; dans les environnements publics les plus inattendus et les plus difficiles. Elle \u00e9voque la volont\u00e9 universelle de cr\u00e9er des liens, de fournir et de trouver un sens, m\u00eame lorsqu&rsquo;on est entour\u00e9 de solitude. Cette sc\u00e8ne, \u00e0 la fois aust\u00e8re et profond\u00e9ment humaine, r\u00e9sume le pouvoir durable de la r\u00e9silience et la beaut\u00e9 inattendue des actes quotidiens de pers\u00e9v\u00e9rance qui d\u00e9finissent la \u00ab vie dans la rue \u00bb sous toutes ses formes.<br \/>D\u00e9tails techniques : Nikon Z6, Nikkor Z 24-70mm f\/4 S, ISO-280, F-Stop : f11, Temps d&rsquo;exposition : 1\/320 sec, Longueur focale 34mm, Date : 3 janvier 2025<\/p>\n<p class=\"ed__a-p ed__bdy__l\"><strong>Qui est Nikolaos Karampetakis ?<\/strong>  \u00ab\u00a0Mon implication dans la photographie a commenc\u00e9 comme un passe-temps en 2016 et continue d&rsquo;\u00eatre un passe-temps &#8211; une douce \u00e9vasion de mon travail en tant que professeur au d\u00e9partement de math\u00e9matiques de l&rsquo;Universit\u00e9 Aristote de Thessalonique (AUTH), un r\u00f4le que j&rsquo;aime aussi profond\u00e9ment.<br \/>Mon voyage dans le monde de la photographie a \u00e9t\u00e9 soutenu par le Centre photographique de Thessalonique (FKTh), le groupe Phototopos de l&rsquo;AUTH et le groupe Efodos bas\u00e9 dans ma ville natale, Drama.<br \/>J&rsquo;ai particip\u00e9 \u00e0 des expositions et \u00e0 des concours de photographie, o\u00f9 j&rsquo;ai re\u00e7u plusieurs distinctions. Mon travail a \u00e9galement \u00e9t\u00e9 publi\u00e9 dans plusieurs \u00e9ditions de la section \u00ab Readers&rsquo; Gallery \u00bb du magazine Photographer, ainsi que dans des publications locales \u00e0 Drama, en Gr\u00e8ce.\u00a0\u00bb<\/p>\n<p>Cat\u00e9gorie s\u00e9rie1 Netherlands, Otto Louter<\/p>\n<ul data-gt-img-container=\"\">\n<li class=\"is--current has--lightbox\" data-gt-lightbox-id=\"17585\" data-gt-index=\"0\" data-gt-img-item=\"\">\n<p>            <img loading=\"lazy\" decoding=\"async\" src=\"https:\/\/www.europesays.com\/fr\/wp-content\/uploads\/2025\/08\/2640b68f-eisa-maestro-2025-1er-prix-otto-louter__452_254.jpg\" draggable=\"false\" width=\"452\" height=\"254\" class=\"ed__title-xxs\" data-img-src-defaultstyle=\"background-color: #f2f2f2; aspect-ratio:452\/254;&#10;                 user-select: none;\"\/><\/p>\n<\/li>\n<\/ul>\n<p>8\u00a0images<\/p>\n<p class=\"ed__a-fgr-gllr__l\">EISA Maestro 2025 \/ 1er prix : Otto Louter<\/p>\n<p class=\"ed__a-p ed__bdy__l\"><strong>A propos de la s\u00e9rie<\/strong> : Me perdre dans la ville, c&rsquo;est quelque chose que j&rsquo;aime faire. Cela me permet d&rsquo;observer la vie dans les rues, avec mon appareil photo toujours \u00e0 port\u00e9e de main pour la capturer.<br \/>Pour cette s\u00e9rie Street Life intitul\u00e9e \u00ab On the Road \u00bb, je suis parti \u00e0 la recherche de personnes qui trouvent et suivent leur chemin dans le vaste paysage urbain de b\u00e9ton, de pierre, de verre et de m\u00e9tal. Des gens, captur\u00e9s dans la lumi\u00e8re et l&rsquo;obscurit\u00e9, dans l&rsquo;ombre et la forme, dans la couleur et le contraste, leur destination \u00e9tant g\u00e9n\u00e9ralement inconnue de ceux qui les entourent.<br \/>Ouvrez les yeux, utilisez votre imagination et laissez-vous emporter dans un voyage vers une belle destination, cela ne co\u00fbte rien !<\/p>\n<p class=\"ed__a-p ed__bdy__l\"><strong>Qui est Otto Louter ?<\/strong> \u00ab\u00a0Je suis un photographe n\u00e9erlandais passionn\u00e9 par les gens et la photographie de rue. En tant que photographe, je me concentre sur la rue, constamment \u00e0 la recherche de la magie.<br \/>Mon parcours dans la photographie a commenc\u00e9 comme un passe-temps occasionnel pendant les vacances. L&rsquo;amour de la photographie (de rue) s&rsquo;est consid\u00e9rablement d\u00e9velopp\u00e9 ces derni\u00e8res ann\u00e9es. Sortir en ville avec mon appareil photo est l&rsquo;une de mes activit\u00e9s pr\u00e9f\u00e9r\u00e9es. Faire de bonnes recherches \u00e0 l&rsquo;avance et avoir un plan m&rsquo;aide \u00e0 travailler de mani\u00e8re cibl\u00e9e. Cependant, il arrive parfois que les sorties sans plan donnent des r\u00e9sultats inattendus.\u00a0\u00bb<\/p>\n<p>2 India, Guru Raju<\/p>\n<ul data-gt-img-container=\"\">\n<li class=\"is--current has--lightbox\" data-gt-lightbox-id=\"17586\" data-gt-index=\"0\" data-gt-img-item=\"\">\n<p>            <img loading=\"lazy\" decoding=\"async\" src=\"https:\/\/www.europesays.com\/fr\/wp-content\/uploads\/2025\/08\/943b2226-eisa-maestro-2025-2e-prix-guru-raju__452_254.jpg\" draggable=\"false\" width=\"452\" height=\"254\" class=\"ed__title-xxs\" data-img-src-defaultstyle=\"background-color: #f2f2f2; aspect-ratio:452\/254;&#10;                 user-select: none;\"\/><\/p>\n<\/li>\n<\/ul>\n<p>6\u00a0images<\/p>\n<p class=\"ed__a-fgr-gllr__l\">EISA Maestro 2025 \/ 2e prix : Guru Raju<\/p>\n<p class=\"ed__a-p ed__bdy__l\"><strong>A propose de la s\u00e9rie<\/strong> : \u00ab\u00a0En naviguant dans le march\u00e9 aux poissons anim\u00e9, mon objectif a cherch\u00e9 des histoires cach\u00e9es dans la poussi\u00e8re &#8211; l\u00e0 o\u00f9 la monnaie se m\u00eale \u00e0 la prise, et o\u00f9 la survie se paye au kilo. Les billets froiss\u00e9s au milieu des poissons parlent de moyens de subsistance durement gagn\u00e9s, tandis que les visages us\u00e9s des commer\u00e7ants refl\u00e8tent une r\u00e9silience fa\u00e7onn\u00e9e par les mar\u00e9es de la fortune et du travail.<br \/>Au milieu des \u00e9paves rouill\u00e9es, j&rsquo;ai trouv\u00e9 un jeune regard qui scrutait la d\u00e9composition &#8211; un symbole de d\u00e9fi et de r\u00eaves au milieu de la ruine. Chaque image que je capturais r\u00e9v\u00e9lait les contrastes de la vie : d\u00e9cr\u00e9pitude et fiert\u00e9, lutte et gr\u00e2ce, le tout coexistant dans le chaos de la rue. Mon appareil photo est devenu un observateur silencieux de ces v\u00e9rit\u00e9s brutes et non \u00e9crites.\u00a0\u00bb<\/p>\n<p class=\"ed__a-p ed__bdy__l\"><strong>Qui est Guru Raju ?<\/strong> \u00ab\u00a0Je suis Guru Raj, un photographe professionnel et passionn\u00e9 bas\u00e9 \u00e0 Hyderabad. Avec un int\u00e9r\u00eat profond\u00e9ment ancr\u00e9 dans la narration visuelle, je me sp\u00e9cialise dans divers th\u00e8mes, y compris la photographie de la vie sauvage, de la rue et de l&rsquo;abstraction, chacun offrant un objectif unique pour capturer le monde qui nous entoure.\u00a0\u00bb<\/p>\n<p>3 UK, A. Ramjean<\/p>\n<ul data-gt-img-container=\"\">\n<li class=\"is--current has--lightbox\" data-gt-lightbox-id=\"17587\" data-gt-index=\"0\" data-gt-img-item=\"\">\n<p>            <img loading=\"lazy\" decoding=\"async\" src=\"https:\/\/www.europesays.com\/fr\/wp-content\/uploads\/2025\/08\/69ea29ce-eisa-maestro-2025-3e-prix-a-ramjean__452_254.jpg\" draggable=\"false\" width=\"452\" height=\"254\" class=\"ed__title-xxs\" data-img-src-defaultstyle=\"background-color: #f2f2f2; aspect-ratio:452\/254;&#10;                 user-select: none;\"\/><\/p>\n<\/li>\n<\/ul>\n<p>8\u00a0images<\/p>\n<p class=\"ed__a-fgr-gllr__l\">EISA Maestro 2025 \/ 3e prix : A. Ramjean<\/p>\n<p class=\"ed__a-p ed__bdy__l\"><strong>A propos de la s\u00e9rie<\/strong> : \u00ab\u00a0Le carnaval de Notting Hill est sans doute le plus grand \u00e9v\u00e9nement de rue de l&rsquo;ann\u00e9e et l&rsquo;un de ceux auxquels j&rsquo;ai assist\u00e9 le plus souvent, avant m\u00eame de me mettre s\u00e9rieusement \u00e0 la photographie. J&rsquo;ai toujours aim\u00e9 le carnaval et j&rsquo;avais l&rsquo;intention de le documenter de mon point de vue, non pas sur le d\u00e9fil\u00e9 lui-m\u00eame, mais sur ce qui se passe dans les rues secondaires et aux alentours. J&rsquo;ai utilis\u00e9 deux appareils photo : un Fujifilm X100F et un Ricoh GR III. Je commen\u00e7ais g\u00e9n\u00e9ralement la journ\u00e9e avec le X100F, en utilisant le viseur pour me ralentir et me concentrer davantage sur la composition, mais au fur et \u00e0 mesure que la journ\u00e9e avan\u00e7ait et que les rues se remplissaient, le Ricoh GR III, l\u00e9g\u00e8rement plus large, prenait toute sa place.\u00a0\u00bb<\/p>\n<p class=\"ed__a-p ed__bdy__l\">Envie de faire encore plus d&rsquo;\u00e9conomies ? D\u00e9couvrez <a href=\"https:\/\/www.lesnumeriques.com\/codes-promo.html\" target=\"_blank\" rel=\"noopener\">nos codes promo<\/a> s\u00e9lectionn\u00e9s pour vous.<\/p>\n","protected":false},"excerpt":{"rendered":"Cette ann\u00e9e et pour la premi\u00e8re fois, les Maestros se sont d\u00e9roul\u00e9s en deux manches avec la possibilit\u00e9&hellip;\n","protected":false},"author":2,"featured_media":319798,"comment_status":"","ping_status":"","sticky":false,"template":"","format":"standard","meta":{"footnotes":""},"categories":[1358],"tags":[1348,1384,1385,1386,58,59,1011,27],"class_list":{"0":"post-319797","1":"post","2":"type-post","3":"status-publish","4":"format-standard","5":"has-post-thumbnail","7":"category-arts-et-design","8":"tag-arts","9":"tag-arts-and-design","10":"tag-arts-et-design","11":"tag-design","12":"tag-divertissement","13":"tag-entertainment","14":"tag-fr","15":"tag-france"},"share_on_mastodon":{"url":"https:\/\/pubeurope.com\/@fr\/115030127102738335","error":""},"_links":{"self":[{"href":"https:\/\/www.europesays.com\/fr\/wp-json\/wp\/v2\/posts\/319797","targetHints":{"allow":["GET"]}}],"collection":[{"href":"https:\/\/www.europesays.com\/fr\/wp-json\/wp\/v2\/posts"}],"about":[{"href":"https:\/\/www.europesays.com\/fr\/wp-json\/wp\/v2\/types\/post"}],"author":[{"embeddable":true,"href":"https:\/\/www.europesays.com\/fr\/wp-json\/wp\/v2\/users\/2"}],"replies":[{"embeddable":true,"href":"https:\/\/www.europesays.com\/fr\/wp-json\/wp\/v2\/comments?post=319797"}],"version-history":[{"count":0,"href":"https:\/\/www.europesays.com\/fr\/wp-json\/wp\/v2\/posts\/319797\/revisions"}],"wp:featuredmedia":[{"embeddable":true,"href":"https:\/\/www.europesays.com\/fr\/wp-json\/wp\/v2\/media\/319798"}],"wp:attachment":[{"href":"https:\/\/www.europesays.com\/fr\/wp-json\/wp\/v2\/media?parent=319797"}],"wp:term":[{"taxonomy":"category","embeddable":true,"href":"https:\/\/www.europesays.com\/fr\/wp-json\/wp\/v2\/categories?post=319797"},{"taxonomy":"post_tag","embeddable":true,"href":"https:\/\/www.europesays.com\/fr\/wp-json\/wp\/v2\/tags?post=319797"}],"curies":[{"name":"wp","href":"https:\/\/api.w.org\/{rel}","templated":true}]}}