{"id":319799,"date":"2025-08-15T01:13:30","date_gmt":"2025-08-15T01:13:30","guid":{"rendered":"https:\/\/www.europesays.com\/fr\/319799\/"},"modified":"2025-08-15T01:13:30","modified_gmt":"2025-08-15T01:13:30","slug":"une-librairie-parisienne-feministe-dans-la-tourmente-apres-avoir-mis-en-vitrine-un-livre-sur-la-palestine","status":"publish","type":"post","link":"https:\/\/www.europesays.com\/fr\/319799\/","title":{"rendered":"Une librairie parisienne f\u00e9ministe dans la tourmente apr\u00e8s avoir mis en vitrine un livre sur la Palestine"},"content":{"rendered":"<p>La librairie Violette and Co a \u00e9t\u00e9 tagu\u00e9e en raison de l\u2019exposition d\u2019un livre de coloriage sur la Palestine. L\u2019\u00e9tablissement, situ\u00e9 dans le XIe arrondissement \u00e0 Paris, est depuis victime d\u2019une \u00ab\u00a0campagne d\u2019intimidation\u00a0\u00bb.<\/p>\n<p class=\"fig-paragraph\">La librairie Violette and Co, situ\u00e9e dans le XIe arrondissement\u00a0<a href=\"http:\/\/www.lefigaro.fr\/conso\/j-ai-vu-qu-il-allait-faire-presque-40-degres-a-paris-je-n-ai-pas-hesite-a-partir-les-francais-de-plus-en-plus-adeptes-de-vacances-a-la-derniere-minute-20250813\" target=\"_blank\" data-fig-type=\"Article\" rel=\"noopener\" data-gtm-custom-categorie=\"navigation\" data-gtm-custom-action=\"crossclick\" data-gtm-custom-label=\"Contextuel\" data-gtm-event=\"customEventSPE\" data-fig-domain=\"LEFIGARO\">de Paris<\/a>, victime \u00ab\u00a0d\u2019une campagne d\u2019intimidation, de d\u00e9gradations et de menaces\u00a0\u00bb depuis le d\u00e9but de l\u2019\u00e9t\u00e9. L\u2019\u00e9tablissement sp\u00e9cialis\u00e9 dans la litt\u00e9rature f\u00e9ministe, lesbienne et\u00a0<a href=\"http:\/\/www.lefigaro.fr\/flash-actu\/malaisie-l-interdiction-de-trois-livres-lgbtq-denoncee-par-des-militants-20230216\" target=\"_blank\" data-fig-type=\"NewsFlash\" rel=\"noopener\" data-gtm-custom-categorie=\"navigation\" data-gtm-custom-action=\"crossclick\" data-gtm-custom-label=\"Contextuel\" data-gtm-event=\"customEventSPE\" data-fig-domain=\"LEFIGARO\">LGBTQ+\u00a0<\/a>r\u00e9v\u00e8le dans un communiqu\u00e9 publi\u00e9 sur les r\u00e9seaux sociaux le 11 ao\u00fbt, avoir \u00e9t\u00e9 prise comme cible en raison des choix des livres expos\u00e9s pour leur vitrine estivale. On y retrouve des \u0153uvres sur \u00ab\u00a0l\u2019extr\u00eame droite, le racisme, le colonialisme,<a href=\"http:\/\/www.lefigaro.fr\/flash-actu\/un-controleur-de-l-aeroport-de-roissy-suspendu-apres-avoir-dit-free-palestine-a-l-equipage-d-une-compagnie-israelienne-20250812\" target=\"_blank\" data-fig-type=\"NewsFlash\" rel=\"noopener\" data-gtm-custom-categorie=\"navigation\" data-gtm-custom-action=\"crossclick\" data-gtm-custom-label=\"Contextuel\" data-gtm-event=\"customEventSPE\" data-fig-domain=\"LEFIGARO\">\u00a0la Palestine<\/a> , et des romans d\u2019auteur\u00b7ices queers et f\u00e9ministes arabes\u00a0\u00bb.\u00a0<\/p>\n<p class=\"fig-paragraph\">Parmi les titres\u00a0:\u00a0Extr\u00eame droite: la r\u00e9sistible ascension de Cl\u00e9mence Guett\u00e9, Le p\u00e9ril Bollor\u00e9 de Marie B\u00e9nilde, Rendre impossible un \u00c9tat palestinien: l\u2019objectif d\u2019Isra\u00ebl depuis sa cr\u00e9ation de Monique Chemillier-Gendreau, Le nettoyage ethnique de la Palestine d\u2019Ilan Papp\u00e9, France, terre d\u2019\u00e9cueils: Au c\u0153ur de la maltraitance administrative des \u00e9trangers de Marianne Leloup-Dassonville ou encore From the river to the sea de Nathi Ngubane et Azad Essa, un livre de coloriage sur la Palestine. La devanture a \u00e9t\u00e9 pens\u00e9e en r\u00e9action aux \u00ab\u00a0discours homonationalistes (d\u00e9noncer l\u2019instrumentalisation des droits LGBT+ par des gouvernements nationalistes) et f\u00e9monationalistes (l\u2019instrumentalisation d\u2019un discours f\u00e9ministe \u00e0 des fins \u201cracistes, islamophobes et x\u00e9nophobes\u201d)\u00a0\u00bb, explique la librairie sur les r\u00e9seaux sociaux.<\/p>\n<p>                                    <a class=\"fig-a11y-skip a11y-hidden\" href=\"#fig-a11y-skip-main-inarticle\"><br \/>\n        Passer la publicit\u00e9<br \/>\n    <\/a><\/p>\n<p class=\"fig-paragraph\">Cette s\u00e9lection -et notamment la pr\u00e9sence du livre de coloriage From the River to the Sea- suscite de violentes r\u00e9actions. D\u00e9but juillet, en arrivant sur leur lieu de travail, les libraires d\u00e9couvrent l\u2019\u00e9tablissement tagu\u00e9 des inscriptions \u00ab\u00a0Islamo Complice\u00a0\u00bb et \u00ab\u00a0Hamas violeur\u00a0\u00bb. Le personnel de l\u2019\u00e9tablissement d\u00e9cide alors de porter plainte aupr\u00e8s du procureur de la R\u00e9publique. Le livre est \u00e9galement retir\u00e9 de la devanture \u00ab\u00a0parce qu\u2019on a peur\u00a0\u00bb, r\u00e9v\u00e8le Lo\u00efse, cog\u00e9rante de Violette and Co dans les colonnes de\u00a0<a href=\"https:\/\/www.mediapart.fr\/journal\/france\/130825\/paris-une-librairie-lgbt-harcelee-pour-un-livre-de-coloriages-propalestinien\" target=\"_blank\" rel=\"sponsored noopener\" data-gtm-custom-categorie=\"navigation\" data-gtm-custom-action=\"crossclick\" data-gtm-custom-label=\"Contextuel\" data-gtm-event=\"customEventSPE\">Mediapart<\/a> . Les intimidations recommencent quelques semaines plus tard. Les libraires racontent avoir \u00e9t\u00e9 confront\u00e9s le 6 ao\u00fbt \u00e0 un groupe de cinq femmes qui se demandait pourquoi un \u00ab\u00a0livre de coloriage sur la Palestine \u00e9tait affich\u00e9 en vitrine\u00a0\u00bb. Les clientes affirment en \u00ab\u00a0haussant le ton\u00a0\u00bb\u00a0:\u00a0\u00ab\u00a0la Palestine n\u2019existe pas\u00a0\u00bb et \u00ab\u00a0il n\u2019y a pas de g\u00e9nocide\u00a0\u00bb.<\/p>\n<p>Bollor\u00e9 et des d\u00e9put\u00e9s R\u00e9publicains \u00e9pingl\u00e9s<\/p>\n<p class=\"fig-paragraph\">C\u2019est le d\u00e9but d\u2019une campagne \u00ab\u00a0de cyberharc\u00e8lement\u00a0\u00bb. Le lendemain, le 7 ao\u00fbt, la librairie re\u00e7oit des appels t\u00e9l\u00e9phoniques au sujet du fameux livre de coloriage. Les r\u00e9seaux sociaux s\u2019enflamment \u00e0 leur tour apr\u00e8s la publication d\u2019un tweet devenu viral d\u00e9crivant le livre cosign\u00e9 par Nathi Ngubane et Azad Essa comme \u00ab\u00a0une propagande du Hamas\u00a0\u00bb. L\u2019un des auteurs, Nathi Ngubane, avait pr\u00e9sent\u00e9 son projet dans les colonnes de\u00a0<a href=\"https:\/\/mg.co.za\/friday\/2024-06-06-childrens-book-on-palestine-gets-blowback\/\" target=\"_blank\" rel=\"sponsored noopener\" data-gtm-custom-categorie=\"navigation\" data-gtm-custom-action=\"crossclick\" data-gtm-custom-label=\"Contextuel\" data-gtm-event=\"customEventSPE\">Mail &amp; Guardian<\/a> \u00a0\u00ab\u00a0comme un ouvrage d\u2019activit\u00e9s accessible aux enfants, qui leur apprendrait aussi des choses sur la lutte de la Palestine pour la libert\u00e9\u00a0\u00bb.\u00a0Pour certains internautes, ce livre est une \u00ab\u2009propagande terroriste\u00a0\u00bb en raison de son titre qui poss\u00e8de un double sens. From the river to the sea (\u00ab\u00a0De la rivi\u00e8re \u00e0 la mer\u00a0\u00bb) \u00e9tait \u00e0 l\u2019origine un slogan utilis\u00e9 par l\u2019Organisation de lib\u00e9ration de la Palestine (OLP) dans les ann\u00e9es 1960 pour revendiquer la cr\u00e9ation d\u2019un \u00c9tat s\u2019\u00e9tendant de la mer M\u00e9diterran\u00e9e au Jourdain. Trente ans plus tard, l\u2019expression a \u00e9t\u00e9 d\u00e9tourn\u00e9e par le Hamas pour \u00ab\u00a0appeler \u00e0 la destruction d\u2019Isra\u00ebl\u00a0\u00bb.<\/p>\n<p class=\"fig-paragraph\">La pol\u00e9mique s\u2019\u00e9tend jusqu\u2019au cercle de certains d\u00e9put\u00e9s R\u00e9publicains, comme Aur\u00e9lien V\u00e9ron et Nelly Garnier. Ces derniers \u00e9crivent sur les r\u00e9seaux sociaux qu\u2019il s\u2019agit d\u2019un livre \u00ab\u00a0antis\u00e9mite\u00a0\u00bb, appelant \u00e0 \u00ab\u00a0la disparition d\u2019Isra\u00ebl\u00a0\u00bb. La nouvelle se propage \u00e9galement dans les m\u00e9dias et notamment ceux appartenant \u00e0 Vincent Bollor\u00e9, souligne la librairie. \u00ab\u00a0CNews, Le Journal du Dimanche et Europe 1\u00bb auraient \u00ab\u00a0aliment\u00e9 le harc\u00e8lement\u00a0\u00bb en \u00ab\u00a0relayant de fausses informations\u00a0\u00bb \u00e0 propos du livre, \u00e9crit l\u2019\u00e9tablissement.<\/p>\n<p class=\"fig-paragraph\">Le personnel de Violette and Co se dit \u00ab\u00a0constern\u00e9 qu\u2019un livre de coloriage choque plus qu\u2019un g\u00e9nocide\u00a0\u00bb. Aujourd\u2019hui, l\u2019\u00e9tablissement r\u00e9v\u00e8le avoir re\u00e7u une vague de soutien de la part des clients et des internautes. Les 30 exemplaires de From the river to the sea disponibles dans la librairie ont \u00e9t\u00e9 vendus, se r\u00e9jouit Violette and Co dans une story Instagram. La demande \u00e9tant de plus en plus forte, le livre sera m\u00eame r\u00e9imprim\u00e9 et l\u2019\u00e9tablissement r\u00e9approvisionn\u00e9 durant les prochains jours.<\/p>\n","protected":false},"excerpt":{"rendered":"La librairie Violette and Co a \u00e9t\u00e9 tagu\u00e9e en raison de l\u2019exposition d\u2019un livre de coloriage sur la&hellip;\n","protected":false},"author":2,"featured_media":319800,"comment_status":"","ping_status":"","sticky":false,"template":"","format":"standard","meta":{"footnotes":""},"categories":[1357],"tags":[1379,58,59,1011,27,7373,1380,3518,626],"class_list":{"0":"post-319799","1":"post","2":"type-post","3":"status-publish","4":"format-standard","5":"has-post-thumbnail","7":"category-livres","8":"tag-books","9":"tag-divertissement","10":"tag-entertainment","11":"tag-fr","12":"tag-france","13":"tag-librairies","14":"tag-livres","15":"tag-palestine","16":"tag-paris"},"share_on_mastodon":{"url":"https:\/\/pubeurope.com\/@fr\/115030131007736617","error":""},"_links":{"self":[{"href":"https:\/\/www.europesays.com\/fr\/wp-json\/wp\/v2\/posts\/319799","targetHints":{"allow":["GET"]}}],"collection":[{"href":"https:\/\/www.europesays.com\/fr\/wp-json\/wp\/v2\/posts"}],"about":[{"href":"https:\/\/www.europesays.com\/fr\/wp-json\/wp\/v2\/types\/post"}],"author":[{"embeddable":true,"href":"https:\/\/www.europesays.com\/fr\/wp-json\/wp\/v2\/users\/2"}],"replies":[{"embeddable":true,"href":"https:\/\/www.europesays.com\/fr\/wp-json\/wp\/v2\/comments?post=319799"}],"version-history":[{"count":0,"href":"https:\/\/www.europesays.com\/fr\/wp-json\/wp\/v2\/posts\/319799\/revisions"}],"wp:featuredmedia":[{"embeddable":true,"href":"https:\/\/www.europesays.com\/fr\/wp-json\/wp\/v2\/media\/319800"}],"wp:attachment":[{"href":"https:\/\/www.europesays.com\/fr\/wp-json\/wp\/v2\/media?parent=319799"}],"wp:term":[{"taxonomy":"category","embeddable":true,"href":"https:\/\/www.europesays.com\/fr\/wp-json\/wp\/v2\/categories?post=319799"},{"taxonomy":"post_tag","embeddable":true,"href":"https:\/\/www.europesays.com\/fr\/wp-json\/wp\/v2\/tags?post=319799"}],"curies":[{"name":"wp","href":"https:\/\/api.w.org\/{rel}","templated":true}]}}